{"id":11998,"date":"2024-10-04T23:47:28","date_gmt":"2024-10-04T23:47:28","guid":{"rendered":"https:\/\/entrenotasyacordes.com\/?p=11998"},"modified":"2024-10-04T23:47:29","modified_gmt":"2024-10-04T23:47:29","slug":"santos-pecadores-lanza-viaje-de-origen-su-tercer-album-de-estudio-sabado-7-de-diciembre-en-gier-music-club","status":"publish","type":"post","link":"https:\/\/entrenotasyacordes.com\/?p=11998","title":{"rendered":"Santos &amp; Pecadores lanza Viaje de origen, su tercer \u00e1lbum de estudio. S\u00e1bado 7 de diciembre en Gier Music Club"},"content":{"rendered":"\n<!--more-->\n\n\n<div class=\"wp-block-image\">\n<figure class=\"aligncenter size-full is-resized\"><img loading=\"lazy\" decoding=\"async\" width=\"800\" height=\"567\" src=\"https:\/\/entrenotasyacordes.com\/wp-content\/uploads\/2024\/10\/2f.jpg\" alt=\"\" class=\"wp-image-11999\" style=\"width:607px;height:auto\" srcset=\"https:\/\/entrenotasyacordes.com\/wp-content\/uploads\/2024\/10\/2f.jpg 800w, https:\/\/entrenotasyacordes.com\/wp-content\/uploads\/2024\/10\/2f-300x213.jpg 300w, https:\/\/entrenotasyacordes.com\/wp-content\/uploads\/2024\/10\/2f-768x544.jpg 768w\" sizes=\"auto, (max-width: 800px) 100vw, 800px\" \/><\/figure>\n<\/div>\n\n\n<p class=\"has-text-align-left\"><strong>Santos &amp; Pecadores<\/strong>&nbsp;es una banda de rock que acaba de lanzar&nbsp;<em>Viaje de origen<\/em>, su flamante tercer disco de estudio que ser\u00e1 presentado en vivo el&nbsp;<strong>s\u00e1bado 7<\/strong>&nbsp;de&nbsp;<strong>diciembre&nbsp;<\/strong>en&nbsp;<strong>Gier Music Club<\/strong>, Alvarez Thomas 1078, Colegiales. &nbsp;<\/p>\n\n\n\n<p>Fundada en enero de 2023 por&nbsp;<strong>Gaita Mart\u00ednez<\/strong>, compositor, escritor, voz y guitarra y&nbsp;<strong>Diego Piazza<\/strong>&nbsp;en bater\u00eda,&nbsp;<strong>Santos &amp; Pecadores<\/strong>&nbsp;sigue manteniendo viva la esencia del rock guitarrero, sincero y sin pretensiones. Sus canciones est\u00e1n construidas sobre melod\u00edas rockeras que narran historias reales. &nbsp;<\/p>\n\n\n\n<p>A partir de un show en agosto de 2023, la formaci\u00f3n oficial qued\u00f3 sellada con Leo Yurquina en bajo y coros y Fernando Torres en guitarra y coros. &nbsp;<\/p>\n\n\n\n<p>Todos sus integrantes cuentan con interesantes antecedentes musicales. Gaita Mart\u00ednez como guitarrista de Bien Desocupados, Sexy Su, Doble Fuerza y The Ni\u00f1os, Diego Piazza, baterista en Flema, Flemita, Ricky Espinosa, Topos, Doble Fuerza, y Antiest\u00e9ticos (toc\u00f3 con Glen Matlock, bajista de los Sex Pistols), Leo Yurquina bajo en Hijos de Nadie, Drommond y N Landon y Fernando Torres en guitarra. Todos recibieron influencias musicales de referentes ineludibles del punk, el rock and roll y el heavy nacional e internacional. &nbsp;<\/p>\n\n\n\n<p>La trilog\u00eda discogr\u00e1fica denominada&nbsp;<em>La historia es inmensa<\/em>&nbsp;de&nbsp;<strong>Santos &amp; Pecadores<\/strong>&nbsp;es una obra musical conformada por 36 canciones que narra la evoluci\u00f3n de la banda a trav\u00e9s de tres \u00e1lbumes:&nbsp;<em>La ra\u00edz del santo<\/em>&nbsp;integrado por 11 canciones (abril de 2023),&nbsp;<em>El carro de Osiris<\/em>&nbsp;de 12 canciones (agosto de 2023) y&nbsp;<em>Viaje de origen<\/em>&nbsp;de 13 canciones (julio de 2024). &nbsp;<\/p>\n\n\n\n<p>El primer \u00e1lbum,&nbsp;<em>La ra\u00edz del santo Episodio I<\/em>, marca el inicio de la trilog\u00eda con una mezcla de punkrock y rock cancionero que refleja la energ\u00eda y simpleza de las composiciones. \u00abLevantemos las copas\u00bb y \u00abTe voy a buscar\u00bb se convirtieron en temas emblema de la agrupaci\u00f3n. &nbsp;<\/p>\n\n\n\n<p><em>El carro de Osiris Episodio II<\/em>, profundiza en la madurez musical, explorando t\u00f3picos como el amor, la p\u00e9rdida y el razonamiento. La m\u00fasica se vuelve m\u00e1s introspectiva a trav\u00e9s de canciones como \u00abUn sue\u00f1o\u00bb y \u00abEl giro de la moneda\u00bb que muestran una mayor complejidad emocional. &nbsp;<\/p>\n\n\n\n<p><em>Viaje de origen Episodio III<\/em>&nbsp;en tanto, cierra la trilog\u00eda con una visi\u00f3n m\u00e1s amplia y universal en la que aborda tem\u00e1ticas sobre la vida, la muerte y la transformaci\u00f3n. Canciones como \u00abY todav\u00eda me resisto\u00bb (primer corte) y \u00abCuentos\u00bb evidencian la sabidur\u00eda y la esperanza que surge de la experiencia y la introspecci\u00f3n. &nbsp;<\/p>\n\n\n\n<p class=\"has-text-align-left\">La trilog\u00eda&nbsp;<em>La historia es inmensa<\/em>&nbsp;es un viaje musical que manifiesta la evoluci\u00f3n de&nbsp;<strong>Santos &amp; Pecadores<\/strong>, desde la juventud hasta la madurez reflexiva. Es una obra que invita a la reflexi\u00f3n, la introspecci\u00f3n y la conexi\u00f3n con la propia historia. La discograf\u00eda completa se encuentra disponible en todas las plataformas digitales.&nbsp;<\/p>\n\n\n<div class=\"wp-block-image\">\n<figure class=\"aligncenter size-full is-resized\"><img loading=\"lazy\" decoding=\"async\" width=\"800\" height=\"531\" src=\"https:\/\/entrenotasyacordes.com\/wp-content\/uploads\/2024\/10\/2ff.jpg\" alt=\"\" class=\"wp-image-12000\" style=\"width:607px;height:auto\" srcset=\"https:\/\/entrenotasyacordes.com\/wp-content\/uploads\/2024\/10\/2ff.jpg 800w, https:\/\/entrenotasyacordes.com\/wp-content\/uploads\/2024\/10\/2ff-300x200.jpg 300w, https:\/\/entrenotasyacordes.com\/wp-content\/uploads\/2024\/10\/2ff-768x510.jpg 768w\" sizes=\"auto, (max-width: 800px) 100vw, 800px\" \/><figcaption class=\"wp-element-caption\">Foto: Scaramush Producciones\/Edici\u00f3n: EZK Gr\u00e1fica<\/figcaption><\/figure>\n<\/div>\n\n\n<p>La invitaci\u00f3n para la presentaci\u00f3n oficial del nuevo disco es el\u00a0<strong>s\u00e1bado 7\u00a0<\/strong>de\u00a0<strong>diciembre<\/strong>\u00a0a las\u00a0<strong>20h<\/strong>., en\u00a0<strong>Gier Music Club<\/strong>, Alvarez Thomas 1078, Colegiales.\u00a0Entradas a trav\u00e9s de Passline. Link de venta: <a href=\"https:\/\/home.passline.com\/eventos.php?q=Santos+%26+Pecadores&amp;region=\">https:\/\/home.passline.com\/eventos.php?q=Santos+%26+Pecadores&amp;region=<\/a><\/p>\n","protected":false},"excerpt":{"rendered":"","protected":false},"author":5,"featured_media":11999,"comment_status":"open","ping_status":"open","sticky":false,"template":"","format":"standard","meta":{"om_disable_all_campaigns":false,"_uf_show_specific_survey":0,"_uf_disable_surveys":false,"footnotes":""},"categories":[36],"tags":[],"class_list":["post-11998","post","type-post","status-publish","format-standard","has-post-thumbnail","hentry","category-conciertos"],"_links":{"self":[{"href":"https:\/\/entrenotasyacordes.com\/index.php?rest_route=\/wp\/v2\/posts\/11998","targetHints":{"allow":["GET"]}}],"collection":[{"href":"https:\/\/entrenotasyacordes.com\/index.php?rest_route=\/wp\/v2\/posts"}],"about":[{"href":"https:\/\/entrenotasyacordes.com\/index.php?rest_route=\/wp\/v2\/types\/post"}],"author":[{"embeddable":true,"href":"https:\/\/entrenotasyacordes.com\/index.php?rest_route=\/wp\/v2\/users\/5"}],"replies":[{"embeddable":true,"href":"https:\/\/entrenotasyacordes.com\/index.php?rest_route=%2Fwp%2Fv2%2Fcomments&post=11998"}],"version-history":[{"count":1,"href":"https:\/\/entrenotasyacordes.com\/index.php?rest_route=\/wp\/v2\/posts\/11998\/revisions"}],"predecessor-version":[{"id":12001,"href":"https:\/\/entrenotasyacordes.com\/index.php?rest_route=\/wp\/v2\/posts\/11998\/revisions\/12001"}],"wp:featuredmedia":[{"embeddable":true,"href":"https:\/\/entrenotasyacordes.com\/index.php?rest_route=\/wp\/v2\/media\/11999"}],"wp:attachment":[{"href":"https:\/\/entrenotasyacordes.com\/index.php?rest_route=%2Fwp%2Fv2%2Fmedia&parent=11998"}],"wp:term":[{"taxonomy":"category","embeddable":true,"href":"https:\/\/entrenotasyacordes.com\/index.php?rest_route=%2Fwp%2Fv2%2Fcategories&post=11998"},{"taxonomy":"post_tag","embeddable":true,"href":"https:\/\/entrenotasyacordes.com\/index.php?rest_route=%2Fwp%2Fv2%2Ftags&post=11998"}],"curies":[{"name":"wp","href":"https:\/\/api.w.org\/{rel}","templated":true}]}}