{"id":12002,"date":"2024-10-04T23:54:17","date_gmt":"2024-10-04T23:54:17","guid":{"rendered":"https:\/\/entrenotasyacordes.com\/?p=12002"},"modified":"2024-10-16T20:21:39","modified_gmt":"2024-10-16T20:21:39","slug":"lobel-presenta-melodia-del-adios-primer-adelanto-de-su-proximo-album","status":"publish","type":"post","link":"https:\/\/entrenotasyacordes.com\/?p=12002","title":{"rendered":"LOBEL presenta MELOD\u00cdA DEL ADI\u00d3S primer adelanto de su pr\u00f3ximo \u00e1lbum"},"content":{"rendered":"\n<!--more-->\n\n\n<div class=\"wp-block-image\">\n<figure class=\"aligncenter size-full is-resized\"><img loading=\"lazy\" decoding=\"async\" width=\"2560\" height=\"2560\" src=\"https:\/\/entrenotasyacordes.com\/wp-content\/uploads\/2024\/10\/2g-scaled.jpg\" alt=\"\" class=\"wp-image-12003\" style=\"width:503px;height:auto\" srcset=\"https:\/\/entrenotasyacordes.com\/wp-content\/uploads\/2024\/10\/2g-scaled.jpg 2560w, https:\/\/entrenotasyacordes.com\/wp-content\/uploads\/2024\/10\/2g-300x300.jpg 300w, https:\/\/entrenotasyacordes.com\/wp-content\/uploads\/2024\/10\/2g-1024x1024.jpg 1024w, https:\/\/entrenotasyacordes.com\/wp-content\/uploads\/2024\/10\/2g-150x150.jpg 150w, https:\/\/entrenotasyacordes.com\/wp-content\/uploads\/2024\/10\/2g-768x768.jpg 768w, https:\/\/entrenotasyacordes.com\/wp-content\/uploads\/2024\/10\/2g-1536x1536.jpg 1536w, https:\/\/entrenotasyacordes.com\/wp-content\/uploads\/2024\/10\/2g-2048x2048.jpg 2048w, https:\/\/entrenotasyacordes.com\/wp-content\/uploads\/2024\/10\/2g-50x50.jpg 50w\" sizes=\"auto, (max-width: 2560px) 100vw, 2560px\" \/><\/figure>\n<\/div>\n\n\n<p class=\"has-text-align-left\"><strong>Melod\u00eda del adi\u00f3s es la nueva canci\u00f3n del artista argentino Facundo Bugallo, mejor conocido como Lobel. Se trata de un single con tintes folks, con mucha identidad de rock argentino, y con la que Lobel se reafirma como un ac\u00e9rrimo compositor e int\u00e9rprete del formato canci\u00f3n. Aqu\u00ed, el estribillo fusiona el climax&nbsp;musical con el mensaje concreto que nos quiere dejar: El momento en que decimos adi\u00f3s.<\/strong><\/p>\n\n\n\n<p class=\"has-text-align-left\"><em>\u201cCon este tema buscaba hacer una canci\u00f3n menos pretenciosa a la hora de la m\u00fasica, ponerla m\u00e1s al servicio de aquello que ten\u00eda para decir, y no al rev\u00e9s. Creo que cualquiera puede sentir como esta canci\u00f3n le identifica, por eso me pareci\u00f3 importante que funcione como una obra que contenga, que acompa\u00f1e\u2026\u201d<\/em><\/p>\n\n\n\n<figure class=\"wp-block-embed is-type-video is-provider-youtube wp-block-embed-youtube wp-embed-aspect-16-9 wp-has-aspect-ratio\"><div class=\"wp-block-embed__wrapper\">\n<div class=\"epyt-video-wrapper\"><iframe loading=\"lazy\"  id=\"_ytid_63085\"  width=\"640\" height=\"360\"  data-origwidth=\"640\" data-origheight=\"360\" src=\"https:\/\/www.youtube.com\/embed\/SMxx2GAVxTw?enablejsapi=1&#038;autoplay=0&#038;cc_load_policy=0&#038;cc_lang_pref=&#038;iv_load_policy=1&#038;loop=0&#038;rel=1&#038;fs=1&#038;playsinline=0&#038;autohide=2&#038;theme=dark&#038;color=white&#038;controls=1&#038;\" class=\"__youtube_prefs__  epyt-is-override  no-lazyload\" data-vol=\"50\"  title=\"YouTube player\"  allow=\"fullscreen; accelerometer; autoplay; clipboard-write; encrypted-media; gyroscope; picture-in-picture; web-share\" referrerpolicy=\"strict-origin-when-cross-origin\" allowfullscreen data-no-lazy=\"1\" data-skipgform_ajax_framebjll=\"\"><\/iframe><\/div>\n<\/div><\/figure>\n\n\n\n<p class=\"has-text-align-left\">Luego de ganar reconocimiento internacional con su ultimo EP, Almagro Studio Session, Facundo Bugallo redobla la apuesta y nos sorprende con una canci\u00f3n m\u00e1s conectada a sus ra\u00edces e inspiraciones musicales. Sin dejar su impronta de lado, nos encontramos con detalles que nos remiten a Andr\u00e9s Calamaro, Fito P\u00e1ez, y otros grandes art\u00edfices de la canci\u00f3n de rock argentina.<\/p>\n\n\n\n<p class=\"has-text-align-left\">Junto a la m\u00fasica, y a modo de carta personal, nos canta sobre aquellos fantasmas vinculares que buscan regresar, pero por suerte, hoy ya no nos duelen tanto\u2026<\/p>\n\n\n\n<p><strong>15 Y 16 DE OCT<br>LOBEL JUNTO A LOS AUTENTICOS DECADENTES EN MEXICO<\/strong><\/p>\n\n\n\n<p>LOBEL llega a CDMX nada m\u00e1s y nada menos para abrir el show de Los Aut\u00e9nticos Decadentes\u00a0\u00a0en el Teatro Metropolitan para luego quedarse en la iudad y presentarse en un show \u00edntimo y exclusivo en el Foro del Tejedor. El artista argentino regresa a la ciudad de M\u00e9xico para seguir presentando su m\u00e1s reciente EP, Almagro Studio Session.<\/p>\n\n\n<div class=\"wp-block-image\">\n<figure class=\"aligncenter size-full is-resized\"><img loading=\"lazy\" decoding=\"async\" width=\"1280\" height=\"1280\" src=\"https:\/\/entrenotasyacordes.com\/wp-content\/uploads\/2024\/10\/4.jpeg\" alt=\"\" class=\"wp-image-12055\" style=\"width:736px;height:auto\" srcset=\"https:\/\/entrenotasyacordes.com\/wp-content\/uploads\/2024\/10\/4.jpeg 1280w, https:\/\/entrenotasyacordes.com\/wp-content\/uploads\/2024\/10\/4-300x300.jpeg 300w, https:\/\/entrenotasyacordes.com\/wp-content\/uploads\/2024\/10\/4-1024x1024.jpeg 1024w, https:\/\/entrenotasyacordes.com\/wp-content\/uploads\/2024\/10\/4-150x150.jpeg 150w, https:\/\/entrenotasyacordes.com\/wp-content\/uploads\/2024\/10\/4-768x768.jpeg 768w, https:\/\/entrenotasyacordes.com\/wp-content\/uploads\/2024\/10\/4-50x50.jpeg 50w\" sizes=\"auto, (max-width: 1280px) 100vw, 1280px\" \/><\/figure>\n<\/div>\n\n\n<p><strong><u>PR\u00d3XIMA FECHA<\/u><\/strong><br><strong>31 DE OCT \u2013 FORO DEL TEJEDOR, MEXICO<\/strong><br><strong>17 DE NOV \u2013\u00a0\u00a0YIELD ROCK. LIMA, PER\u00da<\/strong><\/p>\n\n\n<div class=\"wp-block-image\">\n<figure class=\"aligncenter size-full is-resized\"><img loading=\"lazy\" decoding=\"async\" width=\"1080\" height=\"720\" src=\"https:\/\/entrenotasyacordes.com\/wp-content\/uploads\/2024\/10\/2gg.png\" alt=\"\" class=\"wp-image-12004\" style=\"width:736px;height:auto\" srcset=\"https:\/\/entrenotasyacordes.com\/wp-content\/uploads\/2024\/10\/2gg.png 1080w, https:\/\/entrenotasyacordes.com\/wp-content\/uploads\/2024\/10\/2gg-300x200.png 300w, https:\/\/entrenotasyacordes.com\/wp-content\/uploads\/2024\/10\/2gg-1024x683.png 1024w, https:\/\/entrenotasyacordes.com\/wp-content\/uploads\/2024\/10\/2gg-768x512.png 768w\" sizes=\"auto, (max-width: 1080px) 100vw, 1080px\" \/><\/figure>\n<\/div>\n\n\n<p>LOBEL es el proyecto solista del m\u00fasico compositor y productor argentino,&nbsp;Facundo Bugallo. Con letras profundas y una m\u00fasica fuertemente influenciada por lo mejor del rock anglo (Coldplay, Keane, Muse) y latino (Fito, Charly, Cerati), lleva en alto el estandarte de la canci\u00f3n y pone al rock argentino en un nuevo nivel.<\/p>\n\n\n\n<p>Hasta 2018, lider\u00f3 como compositor y vocalista de&nbsp;Conexionistas, una banda que se gan\u00f3 su lugar en la escena emergente del rock argentino, y con la que edit\u00f3 dos discos de estudio (el segundo grabado en&nbsp;Abbey Road Studios, UK).&nbsp;Desde sus comienzos como solista, en 2019, radic\u00f3 en Lima, Per\u00fa,&nbsp;y se ha presentado asiduamente en vivo compartiendo escenario con renombrados grupos de la escena peruana, como&nbsp;Libido,&nbsp;Am\u00e9n,&nbsp;Mar de Copas, entre otros. Tambi\u00e9n ha participado en importantes festivales como&nbsp;Selv\u00e1monos&nbsp;<em>(Per)&nbsp;<\/em>y&nbsp;Vaiv\u00e9n&nbsp;<em>(M\u00e9x)<\/em>.&nbsp;Adem\u00e1s, ha debutado en el imponente&nbsp;Teatro Metropolitan&nbsp;<em>(M\u00e9x)&nbsp;<\/em>para ejecutar&nbsp;\u201cLa superacci\u00f3n\u201d, una de sus canciones m\u00e1s populares, junto a&nbsp;Comisario Pantera&nbsp;<em>(M\u00e9x)<\/em>.<\/p>\n\n\n\n<p>En su haber cuenta con dos \u00e1lbumes de estudio (\u201cTodos los que vimos en Hollywood\u201d en 2020 y \u201cEspejismos\u201d en 2021) y tres EP (\u201cLa cuenta del placer\u201d en 2022, \u201cEl muchacho de los ojos tristes\u201d en 2023 y \u201cAlmagro Studio Session\u201d en 2024). Actualmente prepara su tercer disco.<\/p>\n","protected":false},"excerpt":{"rendered":"","protected":false},"author":5,"featured_media":12003,"comment_status":"open","ping_status":"open","sticky":false,"template":"","format":"standard","meta":{"om_disable_all_campaigns":false,"_uf_show_specific_survey":0,"_uf_disable_surveys":false,"footnotes":""},"categories":[4],"tags":[],"class_list":["post-12002","post","type-post","status-publish","format-standard","has-post-thumbnail","hentry","category-musica"],"_links":{"self":[{"href":"https:\/\/entrenotasyacordes.com\/index.php?rest_route=\/wp\/v2\/posts\/12002","targetHints":{"allow":["GET"]}}],"collection":[{"href":"https:\/\/entrenotasyacordes.com\/index.php?rest_route=\/wp\/v2\/posts"}],"about":[{"href":"https:\/\/entrenotasyacordes.com\/index.php?rest_route=\/wp\/v2\/types\/post"}],"author":[{"embeddable":true,"href":"https:\/\/entrenotasyacordes.com\/index.php?rest_route=\/wp\/v2\/users\/5"}],"replies":[{"embeddable":true,"href":"https:\/\/entrenotasyacordes.com\/index.php?rest_route=%2Fwp%2Fv2%2Fcomments&post=12002"}],"version-history":[{"count":2,"href":"https:\/\/entrenotasyacordes.com\/index.php?rest_route=\/wp\/v2\/posts\/12002\/revisions"}],"predecessor-version":[{"id":12057,"href":"https:\/\/entrenotasyacordes.com\/index.php?rest_route=\/wp\/v2\/posts\/12002\/revisions\/12057"}],"wp:featuredmedia":[{"embeddable":true,"href":"https:\/\/entrenotasyacordes.com\/index.php?rest_route=\/wp\/v2\/media\/12003"}],"wp:attachment":[{"href":"https:\/\/entrenotasyacordes.com\/index.php?rest_route=%2Fwp%2Fv2%2Fmedia&parent=12002"}],"wp:term":[{"taxonomy":"category","embeddable":true,"href":"https:\/\/entrenotasyacordes.com\/index.php?rest_route=%2Fwp%2Fv2%2Fcategories&post=12002"},{"taxonomy":"post_tag","embeddable":true,"href":"https:\/\/entrenotasyacordes.com\/index.php?rest_route=%2Fwp%2Fv2%2Ftags&post=12002"}],"curies":[{"name":"wp","href":"https:\/\/api.w.org\/{rel}","templated":true}]}}