{"id":12006,"date":"2024-10-05T00:00:44","date_gmt":"2024-10-05T00:00:44","guid":{"rendered":"https:\/\/entrenotasyacordes.com\/?p=12006"},"modified":"2024-10-05T00:00:45","modified_gmt":"2024-10-05T00:00:45","slug":"manu-estrach-presenta-%c2%a8solo-palabras%c2%a8","status":"publish","type":"post","link":"https:\/\/entrenotasyacordes.com\/?p=12006","title":{"rendered":"Manu Estrach presenta\u00a0\u00a8Solo palabras\u00a8"},"content":{"rendered":"\n<!--more-->\n\n\n<div class=\"wp-block-image\">\n<figure class=\"aligncenter size-full is-resized\"><img loading=\"lazy\" decoding=\"async\" width=\"1400\" height=\"1400\" src=\"https:\/\/entrenotasyacordes.com\/wp-content\/uploads\/2024\/10\/2h.png\" alt=\"\" class=\"wp-image-12007\" style=\"width:503px;height:auto\" srcset=\"https:\/\/entrenotasyacordes.com\/wp-content\/uploads\/2024\/10\/2h.png 1400w, https:\/\/entrenotasyacordes.com\/wp-content\/uploads\/2024\/10\/2h-300x300.png 300w, https:\/\/entrenotasyacordes.com\/wp-content\/uploads\/2024\/10\/2h-1024x1024.png 1024w, https:\/\/entrenotasyacordes.com\/wp-content\/uploads\/2024\/10\/2h-150x150.png 150w, https:\/\/entrenotasyacordes.com\/wp-content\/uploads\/2024\/10\/2h-768x768.png 768w, https:\/\/entrenotasyacordes.com\/wp-content\/uploads\/2024\/10\/2h-50x50.png 50w\" sizes=\"auto, (max-width: 1400px) 100vw, 1400px\" \/><\/figure>\n<\/div>\n\n\n<p class=\"has-text-align-left\"><strong>\u00abSolo palabras\u00bb es el segundo single del proyecto solista de Manu Estrach.<\/strong>&nbsp;Este single esta inclu\u00eddo en su \u00e1lbum solista debut&nbsp;que saldr\u00e1 a la luz en Octubre del 2024.<\/p>\n\n\n\n<p>Es una canci\u00f3n que encuentra los sonidos rioplatenses, el candombe, la milonga y el tango, con sonidos m\u00e1s modernos, buscando fusionar esto con la nueva canci\u00f3n argentina. Al igual que el resto de las canciones del disco, hay una pisada muy fuerte en los sonidos de la tierra propia, pero siempre en sinton\u00eda con otros g\u00e9neros y sonoridades m\u00e1s urbanas.<\/p>\n\n\n\n<p class=\"has-text-align-left\">Una canci\u00f3n que habla de c\u00f3mo las personas nos comemos la cabeza pensando y a veces solo nos quedamos en las palabras, en los conceptos, y nos falta ir al cuerpo, a la acci\u00f3n. Como dice la canci\u00f3n, \u00abnada importante, solo palabras, sigo cantando\u00bb. El canto como cable a tierra para salir de esa neurosis propia. El canto como ant\u00eddoto a la locura de la ciudad.<\/p>\n\n\n<div class=\"wp-block-image\">\n<figure class=\"aligncenter size-full is-resized\"><img loading=\"lazy\" decoding=\"async\" width=\"2560\" height=\"1707\" src=\"https:\/\/entrenotasyacordes.com\/wp-content\/uploads\/2024\/10\/2hh-scaled.jpg\" alt=\"\" class=\"wp-image-12008\" style=\"width:736px;height:auto\" srcset=\"https:\/\/entrenotasyacordes.com\/wp-content\/uploads\/2024\/10\/2hh-scaled.jpg 2560w, https:\/\/entrenotasyacordes.com\/wp-content\/uploads\/2024\/10\/2hh-300x200.jpg 300w, https:\/\/entrenotasyacordes.com\/wp-content\/uploads\/2024\/10\/2hh-1024x683.jpg 1024w, https:\/\/entrenotasyacordes.com\/wp-content\/uploads\/2024\/10\/2hh-768x512.jpg 768w, https:\/\/entrenotasyacordes.com\/wp-content\/uploads\/2024\/10\/2hh-1536x1024.jpg 1536w, https:\/\/entrenotasyacordes.com\/wp-content\/uploads\/2024\/10\/2hh-2048x1365.jpg 2048w\" sizes=\"auto, (max-width: 2560px) 100vw, 2560px\" \/><\/figure>\n<\/div>\n\n\n<p><strong>Sobre Manu Estrach<\/strong><\/p>\n\n\n\n<p>Manu Estrach es cantante, guitarrista, compositor y docente Argentino y reside hoy en d\u00eda en Buenos Aires. Particip\u00f3 en variedad de shows, grabaciones y obras de teatro en vivo. Actualmente tiene su proyecto solista y adem\u00e1s forma a d\u00fao junto a Sebasti\u00e1n Tozzola, con quien editaron su primer \u00e1lbum, \u201cMundo trampa\u201d, a fines de 2022.<\/p>\n\n\n\n<p>Ahora en el 2024 esta pronto a sacar su primer \u00e1lbum solista, \u201cNOMBRARSE\u201d. Se desempe\u00f1a como docente y coach vocal, adem\u00e1s dicta talleres grupales de canto, composici\u00f3n de canciones, y guitarra. Toc\u00f3 en variedad de teatros y espacios culturales de Argentina como La tangente, CC Matienzo, Club Lucille, El Cultural San Mart\u00edn y Centro Cultural Kirchner (CCK) entre muchos otros. Colabor\u00f3 y particip\u00f3 en proyectos y escenarios junto a variedad de m\u00fasicos y artistas, entre ellos Andr\u00e9s Muratore, \u00c1lvaro Ru\u00edz, Rodrigo Carazo, ALPA, Inbal Comedi, Luna Sujatovich, Mauro Gentile, Maria Pien, Lucas Heredia, entre otros.<\/p>\n\n\n\n<p>Recientemente realiz\u00f3 su primera gira por Espa\u00f1a tocando en diferentes ciudades (Barcelona, Madrid, Valencia, Alicante etc.) y colaborando con artistas como Clara Peya, Juan Quintero, Lucas Delgado, entre muchos otros. Adem\u00e1s ha tocado en escenarios de Uruguay y Brasil.<\/p>\n","protected":false},"excerpt":{"rendered":"","protected":false},"author":5,"featured_media":12007,"comment_status":"open","ping_status":"open","sticky":false,"template":"","format":"standard","meta":{"om_disable_all_campaigns":false,"_uf_show_specific_survey":0,"_uf_disable_surveys":false,"footnotes":""},"categories":[4],"tags":[],"class_list":["post-12006","post","type-post","status-publish","format-standard","has-post-thumbnail","hentry","category-musica"],"_links":{"self":[{"href":"https:\/\/entrenotasyacordes.com\/index.php?rest_route=\/wp\/v2\/posts\/12006","targetHints":{"allow":["GET"]}}],"collection":[{"href":"https:\/\/entrenotasyacordes.com\/index.php?rest_route=\/wp\/v2\/posts"}],"about":[{"href":"https:\/\/entrenotasyacordes.com\/index.php?rest_route=\/wp\/v2\/types\/post"}],"author":[{"embeddable":true,"href":"https:\/\/entrenotasyacordes.com\/index.php?rest_route=\/wp\/v2\/users\/5"}],"replies":[{"embeddable":true,"href":"https:\/\/entrenotasyacordes.com\/index.php?rest_route=%2Fwp%2Fv2%2Fcomments&post=12006"}],"version-history":[{"count":1,"href":"https:\/\/entrenotasyacordes.com\/index.php?rest_route=\/wp\/v2\/posts\/12006\/revisions"}],"predecessor-version":[{"id":12009,"href":"https:\/\/entrenotasyacordes.com\/index.php?rest_route=\/wp\/v2\/posts\/12006\/revisions\/12009"}],"wp:featuredmedia":[{"embeddable":true,"href":"https:\/\/entrenotasyacordes.com\/index.php?rest_route=\/wp\/v2\/media\/12007"}],"wp:attachment":[{"href":"https:\/\/entrenotasyacordes.com\/index.php?rest_route=%2Fwp%2Fv2%2Fmedia&parent=12006"}],"wp:term":[{"taxonomy":"category","embeddable":true,"href":"https:\/\/entrenotasyacordes.com\/index.php?rest_route=%2Fwp%2Fv2%2Fcategories&post=12006"},{"taxonomy":"post_tag","embeddable":true,"href":"https:\/\/entrenotasyacordes.com\/index.php?rest_route=%2Fwp%2Fv2%2Ftags&post=12006"}],"curies":[{"name":"wp","href":"https:\/\/api.w.org\/{rel}","templated":true}]}}