{"id":12010,"date":"2024-10-05T00:03:46","date_gmt":"2024-10-05T00:03:46","guid":{"rendered":"https:\/\/entrenotasyacordes.com\/?p=12010"},"modified":"2024-10-05T00:03:48","modified_gmt":"2024-10-05T00:03:48","slug":"ilan-amores-presenta-morir-de-amor-junto-a-kun-el-principe-del-acordeon","status":"publish","type":"post","link":"https:\/\/entrenotasyacordes.com\/?p=12010","title":{"rendered":"ILAN AMORES \u00a0PRESENTA \u201cMORIR DE AMOR\u201d JUNTO A \u00a0KUN EL PR\u00cdNCIPE DEL ACORDE\u00d3N"},"content":{"rendered":"\n<!--more-->\n\n\n<div class=\"wp-block-image\">\n<figure class=\"aligncenter size-full is-resized\"><img loading=\"lazy\" decoding=\"async\" width=\"2560\" height=\"2560\" src=\"https:\/\/entrenotasyacordes.com\/wp-content\/uploads\/2024\/10\/2i-scaled.jpg\" alt=\"\" class=\"wp-image-12011\" style=\"width:503px;height:auto\" srcset=\"https:\/\/entrenotasyacordes.com\/wp-content\/uploads\/2024\/10\/2i-scaled.jpg 2560w, https:\/\/entrenotasyacordes.com\/wp-content\/uploads\/2024\/10\/2i-300x300.jpg 300w, https:\/\/entrenotasyacordes.com\/wp-content\/uploads\/2024\/10\/2i-1024x1024.jpg 1024w, https:\/\/entrenotasyacordes.com\/wp-content\/uploads\/2024\/10\/2i-150x150.jpg 150w, https:\/\/entrenotasyacordes.com\/wp-content\/uploads\/2024\/10\/2i-768x768.jpg 768w, https:\/\/entrenotasyacordes.com\/wp-content\/uploads\/2024\/10\/2i-1536x1536.jpg 1536w, https:\/\/entrenotasyacordes.com\/wp-content\/uploads\/2024\/10\/2i-2048x2048.jpg 2048w, https:\/\/entrenotasyacordes.com\/wp-content\/uploads\/2024\/10\/2i-50x50.jpg 50w\" sizes=\"auto, (max-width: 2560px) 100vw, 2560px\" \/><\/figure>\n<\/div>\n\n\n<p class=\"has-text-align-left\"><strong>\u201cMorir de Amor\u201d de Ilan Amores con Kun, El Pr\u00edncipe del Acorde\u00f3n,\u00a0<\/strong>es una canci\u00f3n que arranca como si hubiera estado siempre en la playlist del tropitango, pero el sonido es otro. El acorde\u00f3n furioso del Kun abre el juego, sobre un ritmo de cumbia fuerte y claro.<\/p>\n\n\n\n<p class=\"has-text-align-left\"><strong>\u201cNunca nadie se muri\u00f3 de amor\u201d&nbsp;<\/strong>dicen estos colegas, como quien se r\u00ede porque est\u00e1 mintiendo. &nbsp;Guitarras rabiosas del pasado punk de Ilan lo acompa\u00f1an en su canto al amor.<\/p>\n\n\n\n<p>El segundo y \u00faltimo corte de su pr\u00f3ximo album a lanzar, \u201cCaballo Negro\u201d. Ilan nos sigue mostrando de a poco, los colores y de que se trata su nueva gran pieza musical.<\/p>\n\n\n\n<p class=\"has-text-align-left\"><strong>En la producci\u00f3n ONIRIA, y Evlay en la mezcla. Siguen firmes los dos ic\u00f3nicos soldados de la escena actual argentina.<\/strong><\/p>\n\n\n<div class=\"wp-block-image\">\n<figure class=\"aligncenter size-full is-resized\"><img loading=\"lazy\" decoding=\"async\" width=\"2560\" height=\"1696\" src=\"https:\/\/entrenotasyacordes.com\/wp-content\/uploads\/2024\/10\/2ii-scaled.jpg\" alt=\"\" class=\"wp-image-12012\" style=\"width:736px;height:auto\" srcset=\"https:\/\/entrenotasyacordes.com\/wp-content\/uploads\/2024\/10\/2ii-scaled.jpg 2560w, https:\/\/entrenotasyacordes.com\/wp-content\/uploads\/2024\/10\/2ii-300x200.jpg 300w, https:\/\/entrenotasyacordes.com\/wp-content\/uploads\/2024\/10\/2ii-1024x678.jpg 1024w, https:\/\/entrenotasyacordes.com\/wp-content\/uploads\/2024\/10\/2ii-768x509.jpg 768w, https:\/\/entrenotasyacordes.com\/wp-content\/uploads\/2024\/10\/2ii-1536x1018.jpg 1536w, https:\/\/entrenotasyacordes.com\/wp-content\/uploads\/2024\/10\/2ii-2048x1357.jpg 2048w\" sizes=\"auto, (max-width: 2560px) 100vw, 2560px\" \/><\/figure>\n<\/div>\n\n\n<p>Ilan Amores es un artista argentino, m\u00fasico multi-instrumentista y compositor, criado en Misiones. Ecl\u00e9ctico y vers\u00e1til, su estilo evoca en ocasiones el esp\u00edritu de&nbsp;<strong>Manu Chao en Clandestino,<\/strong>&nbsp;con letras que son tanto sensibles como crudas, capaces de resonar profundamente en cualquier oyente. Su m\u00fasica, a menudo acompa\u00f1ada de bases electr\u00f3nicas, lo convierte en un artista alternativo que no teme crear un sonido propio.&nbsp;<strong>En su obra Caballo Negro, todo esto se intensifica, como si su vida se desgranara ante nosotros, permitiendo que nos identifiquemos plenamente con su experiencia.<\/strong><\/p>\n\n\n\n<p>Su carrera en solitario se consolida tras haber explorado diversos g\u00e9neros y roles dentro de las m\u00faltiples bandas en las que particip\u00f3.&nbsp;<strong>Fue bajista de la emblem\u00e1tica banda Argies y baterista del grupo canadiense Harm &amp; Ease, con quienes realiz\u00f3 giras por Canad\u00e1.<\/strong>&nbsp;Inquieto y talentoso, Ilan encontr\u00f3 su lugar en la vibrante escena independiente argentina, donde desarroll\u00f3 un sonido inconfundible.<\/p>\n\n\n\n<p>En 2017, lanz\u00f3 su primer \u00e1lbum, UNO, que lo llev\u00f3 a realizar un mini-tour por Europa y Argentina. De regreso en Buenos Aires, en 2021, lanz\u00f3 los sencillos \u00abPatoti\u00bb y \u00abTerere\u00bb. En 2022, present\u00f3 el EP FM Igualdad, as\u00ed como los sencillos \u00abEl Ladr\u00f3n\u00bb y \u00abPara Qu\u00e9\u00bb, donde colabor\u00f3 con Damas Gratis. Este a\u00f1o tambi\u00e9n marc\u00f3 el lanzamiento de sus discos Bori Bori 1 y Bori Bori 2. En 2023, present\u00f3 el single \u00abAngelitos\u00bb junto a Danilo Montana y se reuni\u00f3 nuevamente con Pablo Lescano para lanzar \u00abTiro Tiro\u00bb junto a Damas Gratis, consolidando su \u00e9xito con una cumbia viral y contagiosa.<\/p>\n\n\n\n<p><strong>En 2024, se uni\u00f3 a CARAZA RECORDS, convirti\u00e9ndose en la flamante incorporaci\u00f3n del sello de Evlay &amp; Peter Ehrlich.<\/strong><\/p>\n","protected":false},"excerpt":{"rendered":"","protected":false},"author":5,"featured_media":12011,"comment_status":"open","ping_status":"open","sticky":false,"template":"","format":"standard","meta":{"om_disable_all_campaigns":false,"_uf_show_specific_survey":0,"_uf_disable_surveys":false,"footnotes":""},"categories":[4],"tags":[],"class_list":["post-12010","post","type-post","status-publish","format-standard","has-post-thumbnail","hentry","category-musica"],"_links":{"self":[{"href":"https:\/\/entrenotasyacordes.com\/index.php?rest_route=\/wp\/v2\/posts\/12010","targetHints":{"allow":["GET"]}}],"collection":[{"href":"https:\/\/entrenotasyacordes.com\/index.php?rest_route=\/wp\/v2\/posts"}],"about":[{"href":"https:\/\/entrenotasyacordes.com\/index.php?rest_route=\/wp\/v2\/types\/post"}],"author":[{"embeddable":true,"href":"https:\/\/entrenotasyacordes.com\/index.php?rest_route=\/wp\/v2\/users\/5"}],"replies":[{"embeddable":true,"href":"https:\/\/entrenotasyacordes.com\/index.php?rest_route=%2Fwp%2Fv2%2Fcomments&post=12010"}],"version-history":[{"count":1,"href":"https:\/\/entrenotasyacordes.com\/index.php?rest_route=\/wp\/v2\/posts\/12010\/revisions"}],"predecessor-version":[{"id":12013,"href":"https:\/\/entrenotasyacordes.com\/index.php?rest_route=\/wp\/v2\/posts\/12010\/revisions\/12013"}],"wp:featuredmedia":[{"embeddable":true,"href":"https:\/\/entrenotasyacordes.com\/index.php?rest_route=\/wp\/v2\/media\/12011"}],"wp:attachment":[{"href":"https:\/\/entrenotasyacordes.com\/index.php?rest_route=%2Fwp%2Fv2%2Fmedia&parent=12010"}],"wp:term":[{"taxonomy":"category","embeddable":true,"href":"https:\/\/entrenotasyacordes.com\/index.php?rest_route=%2Fwp%2Fv2%2Fcategories&post=12010"},{"taxonomy":"post_tag","embeddable":true,"href":"https:\/\/entrenotasyacordes.com\/index.php?rest_route=%2Fwp%2Fv2%2Ftags&post=12010"}],"curies":[{"name":"wp","href":"https:\/\/api.w.org\/{rel}","templated":true}]}}