{"id":12014,"date":"2024-10-05T00:07:58","date_gmt":"2024-10-05T00:07:58","guid":{"rendered":"https:\/\/entrenotasyacordes.com\/?p=12014"},"modified":"2024-10-05T00:07:59","modified_gmt":"2024-10-05T00:07:59","slug":"nonpalidece-regresa-a-la-plata-junto-a-laguna-pai","status":"publish","type":"post","link":"https:\/\/entrenotasyacordes.com\/?p=12014","title":{"rendered":"NONPALIDECE REGRESA A LA PLATA JUNTO A LAGUNA PAI"},"content":{"rendered":"\n<!--more-->\n\n\n<div class=\"wp-block-image\">\n<figure class=\"aligncenter size-full is-resized\"><img loading=\"lazy\" decoding=\"async\" width=\"1080\" height=\"1080\" src=\"https:\/\/entrenotasyacordes.com\/wp-content\/uploads\/2024\/10\/2j.jpg\" alt=\"\" class=\"wp-image-12015\" style=\"width:607px;height:auto\" srcset=\"https:\/\/entrenotasyacordes.com\/wp-content\/uploads\/2024\/10\/2j.jpg 1080w, https:\/\/entrenotasyacordes.com\/wp-content\/uploads\/2024\/10\/2j-300x300.jpg 300w, https:\/\/entrenotasyacordes.com\/wp-content\/uploads\/2024\/10\/2j-1024x1024.jpg 1024w, https:\/\/entrenotasyacordes.com\/wp-content\/uploads\/2024\/10\/2j-150x150.jpg 150w, https:\/\/entrenotasyacordes.com\/wp-content\/uploads\/2024\/10\/2j-768x768.jpg 768w, https:\/\/entrenotasyacordes.com\/wp-content\/uploads\/2024\/10\/2j-50x50.jpg 50w\" sizes=\"auto, (max-width: 1080px) 100vw, 1080px\" \/><\/figure>\n<\/div>\n\n\n<p class=\"has-text-align-left\">Luego de sus incre\u00edbles shows junto a La Mala Rodriguez en el Teatro Vorterix y en \u00c1rea Costanera el pasado mes de agosto, donde vale mencionar estuvieron recibiendo alimentos no perecederos para colaborar con la campa\u00f1a #NINGUNPIBECONHAMBRE, dos noches que sin dudas superaron las expectativas de todos los seguidores que ven\u00edan esperando estas fechas con ansias. La energ\u00eda de la banda y la pasi\u00f3n del p\u00fablico se fusionaron y lograron crear&nbsp; momentos hermosos.<\/p>\n\n\n\n<p class=\"has-text-align-left\"><strong>Nonpalidece\u00a0<\/strong>comenz\u00f3 el mes de septiembre, mes aniversario de la banda que en este 2024 cumple 28 a\u00f1os ininterrumpidos de trayectoria, ahora,<strong>\u00a0regresan a La Plata junto a Laguna Pai\u00a0<\/strong>para presentarse en el<strong>\u00a0Teatro \u00d3pera\u00a0<\/strong>el jueves<strong>\u00a031 de octubre<\/strong>\u00a0&#8211; 20hs<strong>,\u00a0banda invitada La Omb\u00fa. Entradas anticipadas a la venta por sistema\u00a0<a href=\"https:\/\/livepass.com.ar\/events\/nonpalidece-laguna-pai-invitados-la-ombu-en-el-teatro-opera-lp?utm_source=perfit&amp;utm_medium=email\" target=\"_blank\" rel=\"noreferrer noopener\">Livepass<\/a>\u00a0y boleteria del teatro.<\/strong><\/p>\n\n\n\n<p class=\"has-text-align-center\"><strong>Con tarjetas Visa y MasterCard del Banco Provincia tenes 6 cuotas sin inter\u00e9s.<\/strong><\/p>\n\n\n<div class=\"wp-block-image\">\n<figure class=\"aligncenter size-full is-resized\"><img loading=\"lazy\" decoding=\"async\" width=\"2560\" height=\"1707\" src=\"https:\/\/entrenotasyacordes.com\/wp-content\/uploads\/2024\/10\/2jj-scaled.jpg\" alt=\"\" class=\"wp-image-12016\" style=\"width:633px;height:auto\" srcset=\"https:\/\/entrenotasyacordes.com\/wp-content\/uploads\/2024\/10\/2jj-scaled.jpg 2560w, https:\/\/entrenotasyacordes.com\/wp-content\/uploads\/2024\/10\/2jj-300x200.jpg 300w, https:\/\/entrenotasyacordes.com\/wp-content\/uploads\/2024\/10\/2jj-1024x683.jpg 1024w, https:\/\/entrenotasyacordes.com\/wp-content\/uploads\/2024\/10\/2jj-768x512.jpg 768w, https:\/\/entrenotasyacordes.com\/wp-content\/uploads\/2024\/10\/2jj-1536x1024.jpg 1536w, https:\/\/entrenotasyacordes.com\/wp-content\/uploads\/2024\/10\/2jj-2048x1365.jpg 2048w\" sizes=\"auto, (max-width: 2560px) 100vw, 2560px\" \/><\/figure>\n<\/div>\n\n\n<p>Adem\u00e1s, en octubre estar\u00e1n viajando a Europa, para llevar la vibra del reggae argentino a diferentes ciudades de Espa\u00f1a:&nbsp; Madrid, Valencia, Mallorca, M\u00e1laga y Barcelona.<\/p>\n\n\n\n<p>Cabe destacar adem\u00e1s que falta muy poco para el lanzamiento de su tan esperado \u00e1lbum de cl\u00e1sicos \u201cHecho en Jamaica\u201d que ser\u00e1 editado el 7 de noviembre por Impronta Music \/ Pelo Music.<\/p>\n\n\n\n<p class=\"has-text-align-center\"><strong>Acerca de Laguna Pai<\/strong><\/p>\n\n\n<div class=\"wp-block-image\">\n<figure class=\"aligncenter size-full is-resized\"><img loading=\"lazy\" decoding=\"async\" width=\"2560\" height=\"1707\" src=\"https:\/\/entrenotasyacordes.com\/wp-content\/uploads\/2024\/10\/2jjj-scaled.jpg\" alt=\"\" class=\"wp-image-12017\" style=\"width:633px;height:auto\" srcset=\"https:\/\/entrenotasyacordes.com\/wp-content\/uploads\/2024\/10\/2jjj-scaled.jpg 2560w, https:\/\/entrenotasyacordes.com\/wp-content\/uploads\/2024\/10\/2jjj-300x200.jpg 300w, https:\/\/entrenotasyacordes.com\/wp-content\/uploads\/2024\/10\/2jjj-1024x683.jpg 1024w, https:\/\/entrenotasyacordes.com\/wp-content\/uploads\/2024\/10\/2jjj-768x512.jpg 768w, https:\/\/entrenotasyacordes.com\/wp-content\/uploads\/2024\/10\/2jjj-1536x1024.jpg 1536w, https:\/\/entrenotasyacordes.com\/wp-content\/uploads\/2024\/10\/2jjj-2048x1365.jpg 2048w\" sizes=\"auto, (max-width: 2560px) 100vw, 2560px\" \/><\/figure>\n<\/div>\n\n\n<p>Laguna Pai naci\u00f3 en Per\u00fa en el 2008. Cada uno en su viaje y cada uno en su locura, con el simple objetivo de crecer, ahondar en nuestra conciencia y desarrollar nuestra propia espiritualidad para as\u00ed elevar un poco nuestros pasos en esta tierra, compartiendo en el camino la experiencia con los que quieran escuchar. Nuestra m\u00fasica es nuestra terapia, nuestro refugio, nuestro respiro.<\/p>\n\n\n\n<p>Cuentan con 8 \u00e1lbumes y 15 sencillos publicados y colaboraciones internacionales: Green Valley (Espa\u00f1a),&nbsp;Muerdo (Espa\u00f1a), Superlitio (Colombia), Maxi Vargas (Chile), entre otros.<\/p>\n","protected":false},"excerpt":{"rendered":"","protected":false},"author":5,"featured_media":12015,"comment_status":"open","ping_status":"open","sticky":false,"template":"","format":"standard","meta":{"om_disable_all_campaigns":false,"_uf_show_specific_survey":0,"_uf_disable_surveys":false,"footnotes":""},"categories":[36],"tags":[],"class_list":["post-12014","post","type-post","status-publish","format-standard","has-post-thumbnail","hentry","category-conciertos"],"_links":{"self":[{"href":"https:\/\/entrenotasyacordes.com\/index.php?rest_route=\/wp\/v2\/posts\/12014","targetHints":{"allow":["GET"]}}],"collection":[{"href":"https:\/\/entrenotasyacordes.com\/index.php?rest_route=\/wp\/v2\/posts"}],"about":[{"href":"https:\/\/entrenotasyacordes.com\/index.php?rest_route=\/wp\/v2\/types\/post"}],"author":[{"embeddable":true,"href":"https:\/\/entrenotasyacordes.com\/index.php?rest_route=\/wp\/v2\/users\/5"}],"replies":[{"embeddable":true,"href":"https:\/\/entrenotasyacordes.com\/index.php?rest_route=%2Fwp%2Fv2%2Fcomments&post=12014"}],"version-history":[{"count":1,"href":"https:\/\/entrenotasyacordes.com\/index.php?rest_route=\/wp\/v2\/posts\/12014\/revisions"}],"predecessor-version":[{"id":12018,"href":"https:\/\/entrenotasyacordes.com\/index.php?rest_route=\/wp\/v2\/posts\/12014\/revisions\/12018"}],"wp:featuredmedia":[{"embeddable":true,"href":"https:\/\/entrenotasyacordes.com\/index.php?rest_route=\/wp\/v2\/media\/12015"}],"wp:attachment":[{"href":"https:\/\/entrenotasyacordes.com\/index.php?rest_route=%2Fwp%2Fv2%2Fmedia&parent=12014"}],"wp:term":[{"taxonomy":"category","embeddable":true,"href":"https:\/\/entrenotasyacordes.com\/index.php?rest_route=%2Fwp%2Fv2%2Fcategories&post=12014"},{"taxonomy":"post_tag","embeddable":true,"href":"https:\/\/entrenotasyacordes.com\/index.php?rest_route=%2Fwp%2Fv2%2Ftags&post=12014"}],"curies":[{"name":"wp","href":"https:\/\/api.w.org\/{rel}","templated":true}]}}