{"id":12027,"date":"2024-10-09T15:35:12","date_gmt":"2024-10-09T15:35:12","guid":{"rendered":"https:\/\/entrenotasyacordes.com\/?p=12027"},"modified":"2024-10-09T15:35:14","modified_gmt":"2024-10-09T15:35:14","slug":"quilmes-rock-2025-anuncia-la-grilla-dia-por-dia-y-habilita-la-preventa-de-tickets-individuales","status":"publish","type":"post","link":"https:\/\/entrenotasyacordes.com\/?p=12027","title":{"rendered":"QUILMES ROCK 2025 anuncia la grilla d\u00eda por d\u00eda y habilita la preventa de tickets individuales"},"content":{"rendered":"\n<!--more-->\n\n\n\n<p class=\"has-text-align-left\"><strong>El festival m\u00e1s grande de la historia del rock nacional<\/strong> devela el listado de artistas programados para cada una de sus fechas. <strong>Un line up impactante que no para de crecer y suma nuevas bandas: LA VELA PUERCA y EMMANUEL HORVILLEUR.<\/strong> Por otra parte, a\u00fan se esperan m\u00e1s sorpresas y nombres de peso.<\/p>\n\n\n\n<p><strong>Preventa Exclusiva ya disponible, \u00fanicamente a trav\u00e9s de la App Galicia: martes 8 y mi\u00e9rcoles 9 de octubre<\/strong> <strong>(Entradas y Abonos con 20% de ahorro y 6 cuotas s\/inter\u00e9s)<\/strong><\/p>\n\n\n\n<p><strong>Venta Abierta con todos los medios de pago habilitados: jueves 10 de octubre a trav\u00e9s de EnigmaTickets.<\/strong><\/p>\n\n\n\n<p><a href=\"http:\/\/www.enigmatickets.com\"><strong>www.enigmatickets.com<\/strong><\/a><\/p>\n\n\n<div class=\"wp-block-image\">\n<figure class=\"aligncenter size-full is-resized\"><img loading=\"lazy\" decoding=\"async\" width=\"2250\" height=\"2250\" src=\"https:\/\/entrenotasyacordes.com\/wp-content\/uploads\/2024\/10\/carrousel-dia-1-QR-1080-01.jpg\" alt=\"\" class=\"wp-image-12029\" style=\"width:607px;height:auto\" srcset=\"https:\/\/entrenotasyacordes.com\/wp-content\/uploads\/2024\/10\/carrousel-dia-1-QR-1080-01.jpg 2250w, https:\/\/entrenotasyacordes.com\/wp-content\/uploads\/2024\/10\/carrousel-dia-1-QR-1080-01-300x300.jpg 300w, https:\/\/entrenotasyacordes.com\/wp-content\/uploads\/2024\/10\/carrousel-dia-1-QR-1080-01-1024x1024.jpg 1024w, https:\/\/entrenotasyacordes.com\/wp-content\/uploads\/2024\/10\/carrousel-dia-1-QR-1080-01-150x150.jpg 150w, https:\/\/entrenotasyacordes.com\/wp-content\/uploads\/2024\/10\/carrousel-dia-1-QR-1080-01-768x768.jpg 768w, https:\/\/entrenotasyacordes.com\/wp-content\/uploads\/2024\/10\/carrousel-dia-1-QR-1080-01-1536x1536.jpg 1536w, https:\/\/entrenotasyacordes.com\/wp-content\/uploads\/2024\/10\/carrousel-dia-1-QR-1080-01-2048x2048.jpg 2048w, https:\/\/entrenotasyacordes.com\/wp-content\/uploads\/2024\/10\/carrousel-dia-1-QR-1080-01-50x50.jpg 50w\" sizes=\"auto, (max-width: 2250px) 100vw, 2250px\" \/><\/figure>\n<\/div>\n\n\n<p class=\"has-text-align-left\"><strong>DIA 1- 5\/4\/2025<\/strong><\/p>\n\n\n\n<p>ANDR\u00c9S CALAMARO &#8211; MIRANDA! &#8211; DILLOM &#8211; LAS PELOTAS &#8211; LA VELA PUERCA &#8211; TURF &#8211; ESTELARES &#8211; VILMA PALMA E VAMPIROS &#8211; EMMANUEL HORVILLEUR &#8211; JUAN INGARAM &#8211; EL ZAR &#8211; ELLA ES TAN CARGOSA &#8211; HILDA LIZARAZU \u2013 ZOE GOTUSSO &#8211; 1915 &#8211; AINDA &#8211; BENITO CERATI &#8211; FEDE CABRAL &#8211; FRANCISCA Y LOS EXPLORADORES &#8211; HIPN\u00d3TICA &#8211; JIMENA GONIK &#8211; JOYSTICK &#8211; LOBEL &#8211; MANO &#8211; MANU TORRES &#8211; MAZE &#8211; MUJER CEBRA NENAGENIX &#8211; NINA SUAREZ &#8211; ODD MAMI &#8211; PAC\u00cdFICA &#8211; PAUL HIGGS &amp; LAS AVISPAS &#8211; RAYOS LASER &#8211; RYAN &#8211; SAKATUMBA &#8211; ZUKER XP NACIO MAL<\/p>\n\n\n<div class=\"wp-block-image\">\n<figure class=\"aligncenter size-full is-resized\"><img loading=\"lazy\" decoding=\"async\" width=\"2250\" height=\"2250\" src=\"https:\/\/entrenotasyacordes.com\/wp-content\/uploads\/2024\/10\/carrousel-dia-2-QR-1080.jpg\" alt=\"\" class=\"wp-image-12030\" style=\"width:633px;height:auto\" srcset=\"https:\/\/entrenotasyacordes.com\/wp-content\/uploads\/2024\/10\/carrousel-dia-2-QR-1080.jpg 2250w, https:\/\/entrenotasyacordes.com\/wp-content\/uploads\/2024\/10\/carrousel-dia-2-QR-1080-300x300.jpg 300w, https:\/\/entrenotasyacordes.com\/wp-content\/uploads\/2024\/10\/carrousel-dia-2-QR-1080-1024x1024.jpg 1024w, https:\/\/entrenotasyacordes.com\/wp-content\/uploads\/2024\/10\/carrousel-dia-2-QR-1080-150x150.jpg 150w, https:\/\/entrenotasyacordes.com\/wp-content\/uploads\/2024\/10\/carrousel-dia-2-QR-1080-768x768.jpg 768w, https:\/\/entrenotasyacordes.com\/wp-content\/uploads\/2024\/10\/carrousel-dia-2-QR-1080-1536x1536.jpg 1536w, https:\/\/entrenotasyacordes.com\/wp-content\/uploads\/2024\/10\/carrousel-dia-2-QR-1080-2048x2048.jpg 2048w, https:\/\/entrenotasyacordes.com\/wp-content\/uploads\/2024\/10\/carrousel-dia-2-QR-1080-50x50.jpg 50w\" sizes=\"auto, (max-width: 2250px) 100vw, 2250px\" \/><\/figure>\n<\/div>\n\n\n<p><strong>DIA 2- 6\/4\/2025<\/strong><\/p>\n\n\n\n<p>LOS FABULOSOS CADILLACS \u2013 SERU GIRAN \u201cEL HOMENAJE\u201d &#8211; LAS PASTILLAS DEL ABUELO &#8211; CONOCIENDO RUSIA &#8211; EL MAT\u00d3 A UN POLIC\u00cdA MOTORIZADO &#8211; LOS CAFRES &#8211; DANTE SPINETTA \u2013 JUANA MOLINA &#8211; VIVA EL\u00c1STICO- SILVESTRE Y LA NARANJA &#8211; MI AMIGO INVENCIBLE &#8211; FELI COLINA &#8211; 107 FAUNOS &#8211; BARCO &#8211; BLAIR &#8211; BRUNO ALBANO &#8211; CHECHI DE MARCOS &#8211; CLARA CAVA &#8211; DOPPEL GANGS &#8211; FONSO Y LAS PARITARIAS &#8211; HOMENAJE A ROSARIO BLEFARI &#8211; ISLA DE CARAS JACINTA FISHER &#8211; KOINO YOKAN &#8211; LAS LIGAS MENORES &#8211; MARIA EZQUIAGA &#8211; MORA FISZ NICO COTA &#8211; PELS &#8211; PILAR GOUGH &#8211; POTRA &#8211; ROCIO IGARZABALSANTI CELLI &#8211; ZEN\u00d3N PEREYRA<\/p>\n\n\n<div class=\"wp-block-image\">\n<figure class=\"aligncenter size-full is-resized\"><img loading=\"lazy\" decoding=\"async\" width=\"2250\" height=\"2250\" src=\"https:\/\/entrenotasyacordes.com\/wp-content\/uploads\/2024\/10\/carrousel-dia-3-QR-1080.jpg\" alt=\"\" class=\"wp-image-12031\" style=\"width:633px;height:auto\" srcset=\"https:\/\/entrenotasyacordes.com\/wp-content\/uploads\/2024\/10\/carrousel-dia-3-QR-1080.jpg 2250w, https:\/\/entrenotasyacordes.com\/wp-content\/uploads\/2024\/10\/carrousel-dia-3-QR-1080-300x300.jpg 300w, https:\/\/entrenotasyacordes.com\/wp-content\/uploads\/2024\/10\/carrousel-dia-3-QR-1080-1024x1024.jpg 1024w, https:\/\/entrenotasyacordes.com\/wp-content\/uploads\/2024\/10\/carrousel-dia-3-QR-1080-150x150.jpg 150w, https:\/\/entrenotasyacordes.com\/wp-content\/uploads\/2024\/10\/carrousel-dia-3-QR-1080-768x768.jpg 768w, https:\/\/entrenotasyacordes.com\/wp-content\/uploads\/2024\/10\/carrousel-dia-3-QR-1080-1536x1536.jpg 1536w, https:\/\/entrenotasyacordes.com\/wp-content\/uploads\/2024\/10\/carrousel-dia-3-QR-1080-2048x2048.jpg 2048w, https:\/\/entrenotasyacordes.com\/wp-content\/uploads\/2024\/10\/carrousel-dia-3-QR-1080-50x50.jpg 50w\" sizes=\"auto, (max-width: 2250px) 100vw, 2250px\" \/><\/figure>\n<\/div>\n\n\n<p><strong>DIA 3 &#8211; 12\/4\/2025<\/strong><\/p>\n\n\n\n<p>NO TE VA GUSTAR &#8211; RATA BLANCA &#8211; LOS AUT\u00c9NTICOS DECADENTES &#8211; EL KUELGUE \u2013 VIRUS &#8211; LA BERISO &#8211; LOS TIPITOS &#8211; 2 MINUTOS &#8211;\u00a0 A.N.I.M.A.L. &#8211; BOOM BOOM KID &#8211; RICHARD COLEMAN &amp; TSE &#8211;\u00a0 JAVIERA MENA \u2013 SR. FLAVIO &amp; SU BANDA INDIOS &#8211; LA PORTUARIA &#8211; BICICLETAS3000 &#8211; DIOSQUE \u2013 ERUCA SATIVA &#8211; HORCAS &#8211;\u00a0 IBIZA PAREO \u2013 JULIANA GATTAS &#8211; LA CHANCHA MUDA &#8211; LA VALENTI &#8211; LISA SCHA &#8211; LOS BRUJOS &#8211; LOS L\u00c1TIGOS &#8211; MIA FOLINO\u00a0&#8211; MIKE AMIGORENA &#8211; ONOFF &#8211; SEBASTI\u00c1N ARPESELLA &#8211; SONIC B &#8211; UMA &#8211; WALTER DOMINGUEZ<\/p>\n\n\n\n<p><strong>El festival ser\u00e1 transmitido en vivo por Disney Plus y Flow.<\/strong><\/p>\n\n\n\n<p><strong>PRECIOS DE ENTRADAS<\/strong><br>Entrada Individual: $75.000<br>Lounge Quilmes Rock &#8211; Individual por d\u00eda: $225.000<br>Abono 2 d\u00edas: $138.000<br>Abono 3 d\u00edas: $160.000<br><strong>Estos importes NO incluyen costo por servicio<\/strong><\/p>\n\n\n\n<p><strong>DETALLE LOUNGE QUILMES ROCK:<\/strong><br>\u2022Acceso diferenciado al festival por puerta exclusiva.<br>\u2022\u2060Espacio exclusivo Lounge Quilmes Rock con circuito cerrado.<br>\u2022\u2060Ba\u00f1os exclusivos.<br>\u2022\u2060Compra de gastronom\u00eda y bebida prioritaria.<br>\u2022\u2060Puestos de \u2060Carga de cashless.<br>\u2022\u2060 Area Wi-Fi<br>\u2022\u2060\u2060Souvenir del festival de regalo. <br>\u2022\u2060Servicio de concierge.<br>\u2022\u2060\u2060Derecho de compra de estacionamiento (Pr\u00f3ximamente)<br>\u2022\u2060Acceso a campo general<\/p>\n","protected":false},"excerpt":{"rendered":"","protected":false},"author":5,"featured_media":12028,"comment_status":"open","ping_status":"open","sticky":false,"template":"","format":"standard","meta":{"om_disable_all_campaigns":false,"_uf_show_specific_survey":0,"_uf_disable_surveys":false,"footnotes":""},"categories":[36],"tags":[],"class_list":["post-12027","post","type-post","status-publish","format-standard","has-post-thumbnail","hentry","category-conciertos"],"_links":{"self":[{"href":"https:\/\/entrenotasyacordes.com\/index.php?rest_route=\/wp\/v2\/posts\/12027","targetHints":{"allow":["GET"]}}],"collection":[{"href":"https:\/\/entrenotasyacordes.com\/index.php?rest_route=\/wp\/v2\/posts"}],"about":[{"href":"https:\/\/entrenotasyacordes.com\/index.php?rest_route=\/wp\/v2\/types\/post"}],"author":[{"embeddable":true,"href":"https:\/\/entrenotasyacordes.com\/index.php?rest_route=\/wp\/v2\/users\/5"}],"replies":[{"embeddable":true,"href":"https:\/\/entrenotasyacordes.com\/index.php?rest_route=%2Fwp%2Fv2%2Fcomments&post=12027"}],"version-history":[{"count":1,"href":"https:\/\/entrenotasyacordes.com\/index.php?rest_route=\/wp\/v2\/posts\/12027\/revisions"}],"predecessor-version":[{"id":12032,"href":"https:\/\/entrenotasyacordes.com\/index.php?rest_route=\/wp\/v2\/posts\/12027\/revisions\/12032"}],"wp:featuredmedia":[{"embeddable":true,"href":"https:\/\/entrenotasyacordes.com\/index.php?rest_route=\/wp\/v2\/media\/12028"}],"wp:attachment":[{"href":"https:\/\/entrenotasyacordes.com\/index.php?rest_route=%2Fwp%2Fv2%2Fmedia&parent=12027"}],"wp:term":[{"taxonomy":"category","embeddable":true,"href":"https:\/\/entrenotasyacordes.com\/index.php?rest_route=%2Fwp%2Fv2%2Fcategories&post=12027"},{"taxonomy":"post_tag","embeddable":true,"href":"https:\/\/entrenotasyacordes.com\/index.php?rest_route=%2Fwp%2Fv2%2Ftags&post=12027"}],"curies":[{"name":"wp","href":"https:\/\/api.w.org\/{rel}","templated":true}]}}