{"id":12091,"date":"2024-10-18T14:08:38","date_gmt":"2024-10-18T14:08:38","guid":{"rendered":"https:\/\/entrenotasyacordes.com\/?p=12091"},"modified":"2024-10-18T14:08:40","modified_gmt":"2024-10-18T14:08:40","slug":"el-duo-roze-trae-el-sonido-de-barrio-con-fernandito-su-nuevo-single-y-videoclip","status":"publish","type":"post","link":"https:\/\/entrenotasyacordes.com\/?p=12091","title":{"rendered":"EL D\u00daO ROZE TRAE EL SONIDO DE BARRIO CON FERNANDITO SU NUEVO SINGLE Y VIDEOCLIP"},"content":{"rendered":"\n<!--more-->\n\n\n<div class=\"wp-block-image\">\n<figure class=\"aligncenter size-full is-resized\"><img loading=\"lazy\" decoding=\"async\" width=\"381\" height=\"381\" src=\"https:\/\/entrenotasyacordes.com\/wp-content\/uploads\/2024\/10\/4g.png\" alt=\"\" class=\"wp-image-12092\" style=\"width:503px;height:auto\" srcset=\"https:\/\/entrenotasyacordes.com\/wp-content\/uploads\/2024\/10\/4g.png 381w, https:\/\/entrenotasyacordes.com\/wp-content\/uploads\/2024\/10\/4g-300x300.png 300w, https:\/\/entrenotasyacordes.com\/wp-content\/uploads\/2024\/10\/4g-150x150.png 150w, https:\/\/entrenotasyacordes.com\/wp-content\/uploads\/2024\/10\/4g-50x50.png 50w\" sizes=\"auto, (max-width: 381px) 100vw, 381px\" \/><\/figure>\n<\/div>\n\n\n<p class=\"has-text-align-left\"><strong>Rocco y Treze<\/strong>, el d\u00fao de cumbia que est\u00e1 revolucionando la escena con sus \u00e9xitos, regresa con un nuevo single que destaca por su sonido popular, fiel al estilo argentino. Con la diversi\u00f3n y frescura que caracteriza a <strong>ROZE,<\/strong> entregan un single de esos que dan sed y ganas de bailar. <strong>\u201cFERNANDITO\u201d<\/strong> sin ninguna duda, llega para adelantar el verano.<br><br><strong>ROZE<\/strong> comienza una nueva etapa, donde se aleja un poco de lo rom\u00e1ntico para acercarse a un sonido m\u00e1s de barrio, intenso y nocturno. <strong>\u201cFERNANDITO\u201d<\/strong>, producido por <strong>PUSHI, <\/strong>toma como referencia a Pablito Lescano, y trae consigo efectos cl\u00e1sicos de la cumbia en su producci\u00f3n. Es un track ideal no solo para las noches de fiesta, sino tambi\u00e9n para disfrutar de un d\u00eda de sol con asado y, por supuesto, acompa\u00f1ado del t\u00edpico trago nacional conocido como <strong>\u201cFERNANDITO\u201d.<\/strong><br><br>El videoclip, dirigido por <strong>Ezequiel Llanos<\/strong>, transcurre en los suburbios del conurbano bonaerense representando el esp\u00edritu del single. En este, <strong>\u201cFERNANDITO\u201d,<\/strong> se convierte en un personaje que cobra vida a trav\u00e9s de <strong><em>Tomas Alvarez; <\/em><\/strong>un reconocido creador de contenido en redes sociales, famoso por su material divertido y alocado.<\/p>\n\n\n\n<p class=\"has-text-align-left\">Sin duda, los <strong>ROZE <\/strong>se encuentran en su mejor momento, convirtiendo cada lanzamiento en un hit para bailar. El d\u00fao de m\u00fasica urbana ha crecido exponencialmente alcanzando estos \u00faltimos meses el top 5 en los Charts de Spotify en Argentina y Uruguay con <strong><em>\u201cINOCENTE\u201d <\/em><\/strong>y con la <strong><em>\u201cROZE | DJ TAO Turreo Sessions #22\u201d.<\/em><\/strong><\/p>\n\n\n\n<figure class=\"wp-block-embed is-type-video is-provider-youtube wp-block-embed-youtube wp-embed-aspect-16-9 wp-has-aspect-ratio\"><div class=\"wp-block-embed__wrapper\">\n<div class=\"epyt-video-wrapper\"><iframe loading=\"lazy\"  id=\"_ytid_79591\"  width=\"640\" height=\"360\"  data-origwidth=\"640\" data-origheight=\"360\" src=\"https:\/\/www.youtube.com\/embed\/ZoKaROahMiE?enablejsapi=1&#038;autoplay=0&#038;cc_load_policy=0&#038;cc_lang_pref=&#038;iv_load_policy=1&#038;loop=0&#038;rel=1&#038;fs=1&#038;playsinline=0&#038;autohide=2&#038;theme=dark&#038;color=white&#038;controls=1&#038;\" class=\"__youtube_prefs__  epyt-is-override  no-lazyload\" data-vol=\"50\"  title=\"YouTube player\"  allow=\"fullscreen; accelerometer; autoplay; clipboard-write; encrypted-media; gyroscope; picture-in-picture; web-share\" referrerpolicy=\"strict-origin-when-cross-origin\" allowfullscreen data-no-lazy=\"1\" data-skipgform_ajax_framebjll=\"\"><\/iframe><\/div>\n<\/div><\/figure>\n\n\n<div class=\"wp-block-image\">\n<figure class=\"aligncenter size-full is-resized\"><img loading=\"lazy\" decoding=\"async\" width=\"495\" height=\"330\" src=\"https:\/\/entrenotasyacordes.com\/wp-content\/uploads\/2024\/10\/4gg.jpg\" alt=\"\" class=\"wp-image-12093\" style=\"width:568px;height:auto\" srcset=\"https:\/\/entrenotasyacordes.com\/wp-content\/uploads\/2024\/10\/4gg.jpg 495w, https:\/\/entrenotasyacordes.com\/wp-content\/uploads\/2024\/10\/4gg-300x200.jpg 300w\" sizes=\"auto, (max-width: 495px) 100vw, 495px\" \/><\/figure>\n<\/div>\n\n\n<p><strong><u>Acerca de ROZE:<\/u><\/strong><br>\u00a0 En el coraz\u00f3n de la escena musical de Parque Avellaneda, dos j\u00f3venes visionarios emergen como precursores de un nuevo movimiento sonoro: <strong>Rocco Gang y Treze YT,<\/strong> el d\u00fao de m\u00fasica urbana que ha cautivado los corazones de sus seguidores desde 2017.<br><br>Con apenas 20 a\u00f1os de edad, Rocco Gang y Treze YT han forjado su camino desde los inexplorados rincones de Parque Avellaneda hasta el centro de la innovaci\u00f3n musical.<br>Bajo el nombre de Young Team, comenzaron su traves\u00eda art\u00edstica explorando diversos g\u00e9neros musicales antes de descubrir su verdadera pasi\u00f3n en la m\u00fasica urbana y la cumbia.<br><br>Este d\u00fao no solo representa la nueva ola de la m\u00fasica urbana, sino que tambi\u00e9n encarna la esencia misma de la juventud creativa. Hasta el momento (y sin mencionar a <strong>Peipper<\/strong>) los Roze tienen colaboraciones con <strong>La Joaqui,<\/strong><strong>Luck Ra, Marama, <\/strong><strong>Alan Gomez,<\/strong><strong>Dj TAO, Perro primo, L-Gante, Salastkbron<\/strong> y otros referentes del g\u00e9nero urbano.<\/p>\n\n\n\n<p>El fen\u00f3meno imparable <strong>ROZE<\/strong>, contin\u00faa marcando al g\u00e9nero: a solo una semana del lanzamiento de su single<strong> INOCENTE<\/strong>, lograron ubicarse entre las canciones m\u00e1s reproducidas, escalando hasta el puesto <strong>#27<\/strong> dentro del <strong>Top 50 de Spotify Argentina.<\/strong> Tanto <strong>INOCENTE<\/strong> como su colaboraci\u00f3n con<strong> DJ TAO<\/strong> en las <strong>TURREO SESSION<\/strong> lograron ubicarse en el<strong> top 10 del Top 50 de Spotify Argentina.<\/strong><\/p>\n","protected":false},"excerpt":{"rendered":"","protected":false},"author":5,"featured_media":12092,"comment_status":"open","ping_status":"open","sticky":false,"template":"","format":"standard","meta":{"om_disable_all_campaigns":false,"_uf_show_specific_survey":0,"_uf_disable_surveys":false,"footnotes":""},"categories":[4],"tags":[],"class_list":["post-12091","post","type-post","status-publish","format-standard","has-post-thumbnail","hentry","category-musica"],"_links":{"self":[{"href":"https:\/\/entrenotasyacordes.com\/index.php?rest_route=\/wp\/v2\/posts\/12091","targetHints":{"allow":["GET"]}}],"collection":[{"href":"https:\/\/entrenotasyacordes.com\/index.php?rest_route=\/wp\/v2\/posts"}],"about":[{"href":"https:\/\/entrenotasyacordes.com\/index.php?rest_route=\/wp\/v2\/types\/post"}],"author":[{"embeddable":true,"href":"https:\/\/entrenotasyacordes.com\/index.php?rest_route=\/wp\/v2\/users\/5"}],"replies":[{"embeddable":true,"href":"https:\/\/entrenotasyacordes.com\/index.php?rest_route=%2Fwp%2Fv2%2Fcomments&post=12091"}],"version-history":[{"count":1,"href":"https:\/\/entrenotasyacordes.com\/index.php?rest_route=\/wp\/v2\/posts\/12091\/revisions"}],"predecessor-version":[{"id":12094,"href":"https:\/\/entrenotasyacordes.com\/index.php?rest_route=\/wp\/v2\/posts\/12091\/revisions\/12094"}],"wp:featuredmedia":[{"embeddable":true,"href":"https:\/\/entrenotasyacordes.com\/index.php?rest_route=\/wp\/v2\/media\/12092"}],"wp:attachment":[{"href":"https:\/\/entrenotasyacordes.com\/index.php?rest_route=%2Fwp%2Fv2%2Fmedia&parent=12091"}],"wp:term":[{"taxonomy":"category","embeddable":true,"href":"https:\/\/entrenotasyacordes.com\/index.php?rest_route=%2Fwp%2Fv2%2Fcategories&post=12091"},{"taxonomy":"post_tag","embeddable":true,"href":"https:\/\/entrenotasyacordes.com\/index.php?rest_route=%2Fwp%2Fv2%2Ftags&post=12091"}],"curies":[{"name":"wp","href":"https:\/\/api.w.org\/{rel}","templated":true}]}}