{"id":12095,"date":"2024-10-18T14:23:39","date_gmt":"2024-10-18T14:23:39","guid":{"rendered":"https:\/\/entrenotasyacordes.com\/?p=12095"},"modified":"2024-10-18T14:23:41","modified_gmt":"2024-10-18T14:23:41","slug":"emmanuel-horvilleur-despide-el-ano-y-el-ciclo-habia-una-vez-el-5-de-diciembre-en-el-complejo-c-art-media","status":"publish","type":"post","link":"https:\/\/entrenotasyacordes.com\/?p=12095","title":{"rendered":"Emmanuel Horvilleur despide el a\u00f1o y el ciclo\u00a0\u201cHab\u00eda Una Vez\u201d el\u00a05 de diciembre en el Complejo C Art Media"},"content":{"rendered":"\n<!--more-->\n\n\n<div class=\"wp-block-image\">\n<figure class=\"aligncenter size-full is-resized\"><img loading=\"lazy\" decoding=\"async\" width=\"445\" height=\"556\" src=\"https:\/\/entrenotasyacordes.com\/wp-content\/uploads\/2024\/10\/4h.jpg\" alt=\"\" class=\"wp-image-12096\" style=\"width:503px;height:auto\" srcset=\"https:\/\/entrenotasyacordes.com\/wp-content\/uploads\/2024\/10\/4h.jpg 445w, https:\/\/entrenotasyacordes.com\/wp-content\/uploads\/2024\/10\/4h-240x300.jpg 240w\" sizes=\"auto, (max-width: 445px) 100vw, 445px\" \/><\/figure>\n<\/div>\n\n\n<p class=\"has-text-align-left\">El 5 de diciembre Emmanuel Horvilleur despide un a\u00f1o lleno de satisfacciones y un ciclo de m\u00fasica en vivo que en poco tiempo se convirti\u00f3 en un ritual: \u201cHab\u00eda Una Vez\u201d. La cita ser\u00e1 en el Complejo C Art Media de la Ciudad de Buenos Aires, donde Emmanuel volver\u00e1 a interpretar todos los cl\u00e1sicos conseguidos en sus 30 a\u00f1os de trayectoria.<br><br>\u201cHab\u00eda Una Vez\u201d re\u00fane toda la energ\u00eda y carisma esc\u00e9nico de Horvilleur y ofrece una experiencia \u00fanica a todos sus fans. El ciclo, que comenz\u00f3 en mayo, ha sido un viaje musical inolvidable para Emmanuel y sus seguidores. Este evento final promete ser una noche llena de emociones, con un repertorio que incluir\u00e1 tanto sus grandes \u00e9xitos.<br><br>Para todos sus seguidores, Emmanuel ofrece tambi\u00e9n el registro en vivo de los incre\u00edbles shows en Niceto Club. <strong>\u00abHab\u00eda Una Vez \u2013 En Vivo<\/strong>\u00ab, un EP con versiones en vivo de algunas de las joyas m\u00e1s brillantes de su repertorio<strong>, <\/strong>captura la magia que sucede cuando <strong>Emmanuel Horvilleur<\/strong> pisa el escenario. Disponible en plataformas digitales, el proyecto est\u00e1 integrado por Jugo, 19 , Gato Perdido, Amor Loco , Yo soy la disco y Te Daria.<\/p>\n\n\n\n<p class=\"has-text-align-left\"><strong>EMMANUEL HORVILLEUR &#8211; 5 DE DICIEMBRE\u00a0<\/strong> &#8211; <strong><a href=\"https:\/\/eur01.safelinks.protection.outlook.com\/?url=https%3A%2F%2Fclick.emails.sonymusicfans.com%2F%3Fqs%3D9e5bf49fb038bcafe6a8f1819f6b16cc7eca11f76f81878d211569a4429aeceadffab654b87998f5cc567c1e68a9c899e928bfd250b2ca12&amp;data=05%7C02%7Clucila.juan%40sonymusic.com%7Ce88bfa9c3b80487188e608dce961e647%7Cf0aff3b791a54aaeaf71c63e1dda2049%7C0%7C0%7C638641853888409755%7CUnknown%7CTWFpbGZsb3d8eyJWIjoiMC4wLjAwMDAiLCJQIjoiV2luMzIiLCJBTiI6Ik1haWwiLCJXVCI6Mn0%3D%7C0%7C%7C%7C&amp;sdata=Lwiw8QWYmpIB2BS%2BZNNRLMiNhnDwspMixGj4oBJfSFw%3D&amp;reserved=0\">ENTRADAS A LA VENTA<\/a><\/strong><\/p>\n\n\n\n<figure class=\"wp-block-embed is-type-rich is-provider-spotify wp-block-embed-spotify wp-embed-aspect-21-9 wp-has-aspect-ratio\"><div class=\"wp-block-embed__wrapper\">\n<iframe title=\"Spotify Embed: Hab\u00eda una Vez - En Vivo\" style=\"border-radius: 12px\" width=\"100%\" height=\"352\" frameborder=\"0\" allowfullscreen allow=\"autoplay; clipboard-write; encrypted-media; fullscreen; picture-in-picture\" loading=\"lazy\" src=\"https:\/\/open.spotify.com\/embed\/album\/2GzM0GVock3IMyiWHvHpgj?si=GuZEKLtNTlSYHFdFhTWNKg&#038;utm_source=oembed\"><\/iframe>\n<\/div><\/figure>\n\n\n\n<p><\/p>\n","protected":false},"excerpt":{"rendered":"","protected":false},"author":5,"featured_media":12096,"comment_status":"open","ping_status":"open","sticky":false,"template":"","format":"standard","meta":{"om_disable_all_campaigns":false,"_uf_show_specific_survey":0,"_uf_disable_surveys":false,"footnotes":""},"categories":[36],"tags":[],"class_list":["post-12095","post","type-post","status-publish","format-standard","has-post-thumbnail","hentry","category-conciertos"],"_links":{"self":[{"href":"https:\/\/entrenotasyacordes.com\/index.php?rest_route=\/wp\/v2\/posts\/12095","targetHints":{"allow":["GET"]}}],"collection":[{"href":"https:\/\/entrenotasyacordes.com\/index.php?rest_route=\/wp\/v2\/posts"}],"about":[{"href":"https:\/\/entrenotasyacordes.com\/index.php?rest_route=\/wp\/v2\/types\/post"}],"author":[{"embeddable":true,"href":"https:\/\/entrenotasyacordes.com\/index.php?rest_route=\/wp\/v2\/users\/5"}],"replies":[{"embeddable":true,"href":"https:\/\/entrenotasyacordes.com\/index.php?rest_route=%2Fwp%2Fv2%2Fcomments&post=12095"}],"version-history":[{"count":1,"href":"https:\/\/entrenotasyacordes.com\/index.php?rest_route=\/wp\/v2\/posts\/12095\/revisions"}],"predecessor-version":[{"id":12097,"href":"https:\/\/entrenotasyacordes.com\/index.php?rest_route=\/wp\/v2\/posts\/12095\/revisions\/12097"}],"wp:featuredmedia":[{"embeddable":true,"href":"https:\/\/entrenotasyacordes.com\/index.php?rest_route=\/wp\/v2\/media\/12096"}],"wp:attachment":[{"href":"https:\/\/entrenotasyacordes.com\/index.php?rest_route=%2Fwp%2Fv2%2Fmedia&parent=12095"}],"wp:term":[{"taxonomy":"category","embeddable":true,"href":"https:\/\/entrenotasyacordes.com\/index.php?rest_route=%2Fwp%2Fv2%2Fcategories&post=12095"},{"taxonomy":"post_tag","embeddable":true,"href":"https:\/\/entrenotasyacordes.com\/index.php?rest_route=%2Fwp%2Fv2%2Ftags&post=12095"}],"curies":[{"name":"wp","href":"https:\/\/api.w.org\/{rel}","templated":true}]}}