{"id":12098,"date":"2024-10-18T14:27:34","date_gmt":"2024-10-18T14:27:34","guid":{"rendered":"https:\/\/entrenotasyacordes.com\/?p=12098"},"modified":"2024-10-18T14:27:35","modified_gmt":"2024-10-18T14:27:35","slug":"celeste-presenta-su-single-debut-lejos-de-casa","status":"publish","type":"post","link":"https:\/\/entrenotasyacordes.com\/?p=12098","title":{"rendered":"CELESTE PRESENTA SU SINGLE DEBUT \u00abLEJOS DE CASA\u00bb"},"content":{"rendered":"\n<!--more-->\n\n\n<div class=\"wp-block-image\">\n<figure class=\"aligncenter size-full is-resized\"><img loading=\"lazy\" decoding=\"async\" width=\"387\" height=\"387\" src=\"https:\/\/entrenotasyacordes.com\/wp-content\/uploads\/2024\/10\/4i.jpg\" alt=\"\" class=\"wp-image-12099\" style=\"width:503px;height:auto\" srcset=\"https:\/\/entrenotasyacordes.com\/wp-content\/uploads\/2024\/10\/4i.jpg 387w, https:\/\/entrenotasyacordes.com\/wp-content\/uploads\/2024\/10\/4i-300x300.jpg 300w, https:\/\/entrenotasyacordes.com\/wp-content\/uploads\/2024\/10\/4i-150x150.jpg 150w, https:\/\/entrenotasyacordes.com\/wp-content\/uploads\/2024\/10\/4i-50x50.jpg 50w\" sizes=\"auto, (max-width: 387px) 100vw, 387px\" \/><\/figure>\n<\/div>\n\n\n<p class=\"has-text-align-left\">El talentoso d\u00fao compuesto por <strong><em>Joaqu\u00edn Jacob<\/em><\/strong> y <strong><em>Alma Pellegrini<\/em><\/strong>, presenta su single debut, <strong><em>\u00abLejos de Casa\u00bb<\/em><\/strong>. La canci\u00f3n nos trae la sensaci\u00f3n de viajar sin destino alguno lleno de expectativas, pero a sabiendas de que partimos de nuestro hogar. Los artistas dejan en claro el talento que tienen haci\u00e9ndonos vibrar con su voz, en una balada pop melanc\u00f3lica que nos llena de emociones.<br>\u00a0\u00a0<br>Seg\u00fan los artistas: \u00ab<em>La canci\u00f3n representa nuestra historia personal y como d\u00fao. Los dos somos del interior y sabemos lo que se siente al estar alejados de nuestras casas, de nuestras familias. Lejos de casa nos ense\u00f1\u00f3 a confiar en los comienzos nuevos que nos propone la vida, como lo fue el comienzo de Celeste. Es por eso que esta canci\u00f3n es la que elegimos para darle vida al d\u00fao\u00bb.<\/em>\u00a0<br><br>Seg\u00fan los artistas, el video \u00ab<em>muestra\u00a0la melancol\u00eda propia que se siente cuando estamos lejos de nuestro hogar. A su vez la alegr\u00eda y las ganas de seguir nuestros deseos, con la complejidad de todas las emociones que nos atraviesan a los dos en este camino de m\u00fasica que elegimos transitar juntos\u00bb.<\/em><br><br><em>El pr\u00f3ximo 6 de Noviembre <strong>Celeste<\/strong> se estar\u00e1 presentando en <strong>La Tangente<\/strong> en un prometedor show con formato de banda completa presentando su nuevo single.\u00a0<\/em><\/p>\n\n\n<div class=\"wp-block-image\">\n<figure class=\"aligncenter size-full is-resized\"><img loading=\"lazy\" decoding=\"async\" width=\"253\" height=\"328\" src=\"https:\/\/entrenotasyacordes.com\/wp-content\/uploads\/2024\/10\/4ii.jpg\" alt=\"\" class=\"wp-image-12100\" style=\"width:568px;height:auto\" srcset=\"https:\/\/entrenotasyacordes.com\/wp-content\/uploads\/2024\/10\/4ii.jpg 253w, https:\/\/entrenotasyacordes.com\/wp-content\/uploads\/2024\/10\/4ii-231x300.jpg 231w\" sizes=\"auto, (max-width: 253px) 100vw, 253px\" \/><\/figure>\n<\/div>\n\n\n<p>El d\u00fao CELESTE naci\u00f3 a comienzos del 2023 conformado por Joaqu\u00edn Jacob (22) y Alma Pellegrini (23),\u00a0 quienes llevan un largo tiempo compartiendo la m\u00fasica y acompa\u00f1\u00e1ndose en sus proyectos personales. Mientras cada uno crec\u00eda en su carrera solista, Joaco compart\u00eda algunas de sus composiciones con Alma y ella les pon\u00eda su voz.<br><br>\u00a0A fines del 2022 coincidieron tocando en un bar de Buenos Aires y desde entonces sintieron que la m\u00fasica los necesitaba juntos, hab\u00eda algo entre ellos que se potenciaba mucho m\u00e1s cuando sus talentos se un\u00edan y as\u00ed comenz\u00f3 este sue\u00f1o CELESTE.<br>\u00a0<br>El 25 de Octubre del 2023 se presentaron por primera vez en la ciudad de Buenos Aires en The Roxy bar, sin m\u00fasica editada ni publicidad agotaron su fecha.\u00a0En Enero del 2024 se presentaron en el \u201cFestival de las naciones\u201d en Jun\u00edn Mendoza. Cerraron el mes tocando en la emblem\u00e1tica plaza Pr\u00f3spero Molina en el Festival Nacional de Folclore de Cosqu\u00edn.<\/p>\n\n\n\n<p>El 8 de Abril dieron un gran paso en su carrera firmando su primer contrato discogr\u00e1fico con SONY MUSIC.&nbsp;Hoy se encuentran en un proceso de creaci\u00f3n conjunto, del cual pronto se podr\u00e1 conocer el nuevo material. Con canciones propias y otras interpretaciones , CELESTE se volver\u00e1 sin dudas de lo m\u00e1s elegido entre las nuevas generaciones de m\u00fasicos del pop.<br>&nbsp;<br>Joaquin&nbsp; naci\u00f3 en Bah\u00eda Blanca, estudi\u00f3 canto y m\u00fasica desde su infancia. A los 17 a\u00f1os decidi\u00f3 radicarse en CABA para dedicarse de lleno a la m\u00fasica. Entre 2021 y 2022, mientras comenzaba a desarrollar su faceta de compositor,&nbsp; pas\u00f3 5 meses de gira por todo el pa\u00eds siendo telonero de Abel Pintos, donde pis\u00f3 escenarios de gran envergadura como el Movistar Arena, la Usina del Arte y el Teatro Tronador.<br>&nbsp;<br>Alma&nbsp; naci\u00f3 en Villa Constituci\u00f3n (Santa Fe), desde muy peque\u00f1a se sinti\u00f3 atra\u00edda por la m\u00fasica y el canto. A sus 18 a\u00f1os se vino a vivir a Buenos Aires para poder enfocarse en su carrera art\u00edstica, perfeccion\u00e1ndose en la escuela de Cris Morena. En el 2022 fue finalista del programa de Canal 13 \u201cCanta conmigo ahora\u201d, conducido por Marcelo Tinelli.<\/p>\n","protected":false},"excerpt":{"rendered":"","protected":false},"author":5,"featured_media":12099,"comment_status":"open","ping_status":"open","sticky":false,"template":"","format":"standard","meta":{"om_disable_all_campaigns":false,"_uf_show_specific_survey":0,"_uf_disable_surveys":false,"footnotes":""},"categories":[4],"tags":[],"class_list":["post-12098","post","type-post","status-publish","format-standard","has-post-thumbnail","hentry","category-musica"],"_links":{"self":[{"href":"https:\/\/entrenotasyacordes.com\/index.php?rest_route=\/wp\/v2\/posts\/12098","targetHints":{"allow":["GET"]}}],"collection":[{"href":"https:\/\/entrenotasyacordes.com\/index.php?rest_route=\/wp\/v2\/posts"}],"about":[{"href":"https:\/\/entrenotasyacordes.com\/index.php?rest_route=\/wp\/v2\/types\/post"}],"author":[{"embeddable":true,"href":"https:\/\/entrenotasyacordes.com\/index.php?rest_route=\/wp\/v2\/users\/5"}],"replies":[{"embeddable":true,"href":"https:\/\/entrenotasyacordes.com\/index.php?rest_route=%2Fwp%2Fv2%2Fcomments&post=12098"}],"version-history":[{"count":1,"href":"https:\/\/entrenotasyacordes.com\/index.php?rest_route=\/wp\/v2\/posts\/12098\/revisions"}],"predecessor-version":[{"id":12101,"href":"https:\/\/entrenotasyacordes.com\/index.php?rest_route=\/wp\/v2\/posts\/12098\/revisions\/12101"}],"wp:featuredmedia":[{"embeddable":true,"href":"https:\/\/entrenotasyacordes.com\/index.php?rest_route=\/wp\/v2\/media\/12099"}],"wp:attachment":[{"href":"https:\/\/entrenotasyacordes.com\/index.php?rest_route=%2Fwp%2Fv2%2Fmedia&parent=12098"}],"wp:term":[{"taxonomy":"category","embeddable":true,"href":"https:\/\/entrenotasyacordes.com\/index.php?rest_route=%2Fwp%2Fv2%2Fcategories&post=12098"},{"taxonomy":"post_tag","embeddable":true,"href":"https:\/\/entrenotasyacordes.com\/index.php?rest_route=%2Fwp%2Fv2%2Ftags&post=12098"}],"curies":[{"name":"wp","href":"https:\/\/api.w.org\/{rel}","templated":true}]}}