{"id":12117,"date":"2024-10-18T14:56:20","date_gmt":"2024-10-18T14:56:20","guid":{"rendered":"https:\/\/entrenotasyacordes.com\/?p=12117"},"modified":"2024-10-18T14:56:22","modified_gmt":"2024-10-18T14:56:22","slug":"zayli-presenta-toxika-su-ultimo-single","status":"publish","type":"post","link":"https:\/\/entrenotasyacordes.com\/?p=12117","title":{"rendered":"Zayli presenta TOXIKA, su \u00faltimo single!!"},"content":{"rendered":"\n<!--more-->\n\n\n<div class=\"wp-block-image\">\n<figure class=\"aligncenter size-full is-resized\"><img loading=\"lazy\" decoding=\"async\" width=\"2000\" height=\"2000\" src=\"https:\/\/entrenotasyacordes.com\/wp-content\/uploads\/2024\/10\/4m.png\" alt=\"\" class=\"wp-image-12119\" style=\"width:503px;height:auto\" srcset=\"https:\/\/entrenotasyacordes.com\/wp-content\/uploads\/2024\/10\/4m.png 2000w, https:\/\/entrenotasyacordes.com\/wp-content\/uploads\/2024\/10\/4m-300x300.png 300w, https:\/\/entrenotasyacordes.com\/wp-content\/uploads\/2024\/10\/4m-1024x1024.png 1024w, https:\/\/entrenotasyacordes.com\/wp-content\/uploads\/2024\/10\/4m-150x150.png 150w, https:\/\/entrenotasyacordes.com\/wp-content\/uploads\/2024\/10\/4m-768x768.png 768w, https:\/\/entrenotasyacordes.com\/wp-content\/uploads\/2024\/10\/4m-1536x1536.png 1536w, https:\/\/entrenotasyacordes.com\/wp-content\/uploads\/2024\/10\/4m-50x50.png 50w\" sizes=\"auto, (max-width: 2000px) 100vw, 2000px\" \/><\/figure>\n<\/div>\n\n\n<p><strong>ZAYLI<\/strong>&nbsp;lanz\u00f3 su nueva canci\u00f3n y video \u201cT\u00d3XIKA\u201d, un himno para aquellos que han experimentado el amor en todas sus facetas, con la que los sumergir\u00e1 en un universo sonoro oscuro y cautivador, en un vaiv\u00e9n de emociones intensas.<br><br><strong>TOXIKA<\/strong>&nbsp;plasma la destrucci\u00f3n por una obsesi\u00f3n con una persona que renace en un empoderamiento, en el que cada uno puede crear y vivir su propia historia en la que no se necesite de otra persona para ser feliz. Habla del poder de una mujer segura de s\u00ed misma, decidida y con claridad en lo que quiere, que hace lo que quiera con su vida, dinero y cuerpo, que no tiene miedo al qu\u00e9 dir\u00e1n y que rompe con todo lo social y tradicionalmente impuesto.<\/p>\n\n\n\n<p>Zayli demuestra con esta canci\u00f3n una proyecci\u00f3n musical prometedora y se posiciona como una artista innovadora, creando sus canciones desde g\u00e9neros como el&nbsp;<strong>reggaeton, dancehall, house, pop y trap.<\/strong><br><br>Cada lanzamiento es una nueva oportunidad para descubrir facetas de su talento, y adentrarse en su naciente mundo art\u00edstico que incluye sus dos primeros sencillos del 2023: \u00abCoraz\u00f3n Roto\u00bb y \u00abSafari\u00bb.<\/p>\n\n\n\n<p class=\"has-text-align-center\"><strong>ZAYLI<\/strong><br><strong>\u201cT\u00d3XIKA\u201d<\/strong><br><strong>Nuevo Lanzamiento<\/strong><br>Spotify \u2013 Apple Music- Deezer \u2013 Youtube<br><a href=\"https:\/\/gmail.us20.list-manage.com\/track\/click?u=5f18006da3ec7d99a89534e62&amp;id=f58db0537e&amp;e=bdcecc51d8\">https:\/\/open.spotify.com\/intl-es\/track\/3TwFvz5sqHn2AsZMV5lf3J?si=f3fb72af1fbd4f7a<\/a><\/p>\n\n\n<div class=\"wp-block-image\">\n<figure class=\"aligncenter size-full is-resized\"><img loading=\"lazy\" decoding=\"async\" width=\"1055\" height=\"1000\" src=\"https:\/\/entrenotasyacordes.com\/wp-content\/uploads\/2024\/10\/4mm.jpeg\" alt=\"\" class=\"wp-image-12118\" style=\"width:568px;height:auto\" srcset=\"https:\/\/entrenotasyacordes.com\/wp-content\/uploads\/2024\/10\/4mm.jpeg 1055w, https:\/\/entrenotasyacordes.com\/wp-content\/uploads\/2024\/10\/4mm-300x284.jpeg 300w, https:\/\/entrenotasyacordes.com\/wp-content\/uploads\/2024\/10\/4mm-1024x971.jpeg 1024w, https:\/\/entrenotasyacordes.com\/wp-content\/uploads\/2024\/10\/4mm-768x728.jpeg 768w\" sizes=\"auto, (max-width: 1055px) 100vw, 1055px\" \/><\/figure>\n<\/div>\n\n\n<p><strong><u>Algo m\u00e1s acerca de ZAYLI<\/u><\/strong><\/p>\n\n\n\n<p>ZAYLI es una\u00a0<strong>cantante, compositora, modelo y bailarina<\/strong>, nacida en La Matanza, Zona Oeste de la provincia de Buenos Aires, Argentina.\u00a0<br><br>El primer acercamiento al mundo art\u00edstico de Zayli fue a sus 6 a\u00f1os de edad con la danza, llegando a participar en varios festivales. Con la experiencia en los escenarios a trav\u00e9s del baile, Zayli se dio cuenta que le gustaba la energ\u00eda que all\u00ed se generaba y la respuesta con el p\u00fablico, que, sumado por su amor a la m\u00fasica, supo que quer\u00eda ser cantante.<\/p>\n\n\n\n<p>Al terminar el secundario, Zayli no contemplaba la opci\u00f3n de ser cantante, hasta que su hermano comenz\u00f3 a representar a un artista del mismo barrio, qui\u00e9n le sirvi\u00f3 de inspiraci\u00f3n para animarse a cumplir su sue\u00f1o.<br><br>Cuando se le ocurri\u00f3 crear a ZAYLI, ella no contaba con los conocimientos necesarios para poder desenvolverse en el mundo de la m\u00fasica, pero busc\u00f3 informaci\u00f3n y experiencias cercanas para poder ir form\u00e1ndose.<br><br>Su primera canci\u00f3n surge de un desamor, canci\u00f3n con la que dio sus primeros pasos en 2023 y fue el puntapi\u00e9 inicial para ir por m\u00e1s. Zayli se encuentra en plena b\u00fasqueda art\u00edstica, mientras disfruta del proceso y contin\u00faa lanzando canciones para que el p\u00fablico pueda conocerla en esta nueva faceta.<\/p>\n","protected":false},"excerpt":{"rendered":"","protected":false},"author":5,"featured_media":12119,"comment_status":"open","ping_status":"open","sticky":false,"template":"","format":"standard","meta":{"om_disable_all_campaigns":false,"_uf_show_specific_survey":0,"_uf_disable_surveys":false,"footnotes":""},"categories":[4],"tags":[],"class_list":["post-12117","post","type-post","status-publish","format-standard","has-post-thumbnail","hentry","category-musica"],"_links":{"self":[{"href":"https:\/\/entrenotasyacordes.com\/index.php?rest_route=\/wp\/v2\/posts\/12117","targetHints":{"allow":["GET"]}}],"collection":[{"href":"https:\/\/entrenotasyacordes.com\/index.php?rest_route=\/wp\/v2\/posts"}],"about":[{"href":"https:\/\/entrenotasyacordes.com\/index.php?rest_route=\/wp\/v2\/types\/post"}],"author":[{"embeddable":true,"href":"https:\/\/entrenotasyacordes.com\/index.php?rest_route=\/wp\/v2\/users\/5"}],"replies":[{"embeddable":true,"href":"https:\/\/entrenotasyacordes.com\/index.php?rest_route=%2Fwp%2Fv2%2Fcomments&post=12117"}],"version-history":[{"count":1,"href":"https:\/\/entrenotasyacordes.com\/index.php?rest_route=\/wp\/v2\/posts\/12117\/revisions"}],"predecessor-version":[{"id":12120,"href":"https:\/\/entrenotasyacordes.com\/index.php?rest_route=\/wp\/v2\/posts\/12117\/revisions\/12120"}],"wp:featuredmedia":[{"embeddable":true,"href":"https:\/\/entrenotasyacordes.com\/index.php?rest_route=\/wp\/v2\/media\/12119"}],"wp:attachment":[{"href":"https:\/\/entrenotasyacordes.com\/index.php?rest_route=%2Fwp%2Fv2%2Fmedia&parent=12117"}],"wp:term":[{"taxonomy":"category","embeddable":true,"href":"https:\/\/entrenotasyacordes.com\/index.php?rest_route=%2Fwp%2Fv2%2Fcategories&post=12117"},{"taxonomy":"post_tag","embeddable":true,"href":"https:\/\/entrenotasyacordes.com\/index.php?rest_route=%2Fwp%2Fv2%2Ftags&post=12117"}],"curies":[{"name":"wp","href":"https:\/\/api.w.org\/{rel}","templated":true}]}}