{"id":12125,"date":"2024-10-18T15:08:22","date_gmt":"2024-10-18T15:08:22","guid":{"rendered":"https:\/\/entrenotasyacordes.com\/?p=12125"},"modified":"2024-10-18T15:08:24","modified_gmt":"2024-10-18T15:08:24","slug":"edu-imbernon-regresa-a-la-argentina-para-presentarse-en-r9-el-26-10-2","status":"publish","type":"post","link":"https:\/\/entrenotasyacordes.com\/?p=12125","title":{"rendered":"EDU IMBERN\u00d3N Regresa a la Argentina para presentarse en R9 el 26.10!"},"content":{"rendered":"\n<!--more-->\n\n\n\n<p class=\"has-text-align-center\"><em>&#8211; \u00a0El importante productor y DJ espa\u00f1ol se presenta por segunda vez en la provincia de Tucum\u00e1n\u00a0\u2013<\/em><\/p>\n\n\n<div class=\"wp-block-image\">\n<figure class=\"aligncenter size-full is-resized\"><img loading=\"lazy\" decoding=\"async\" width=\"1080\" height=\"1080\" src=\"https:\/\/entrenotasyacordes.com\/wp-content\/uploads\/2024\/10\/4o.png\" alt=\"\" class=\"wp-image-12127\" style=\"width:503px;height:auto\" srcset=\"https:\/\/entrenotasyacordes.com\/wp-content\/uploads\/2024\/10\/4o.png 1080w, https:\/\/entrenotasyacordes.com\/wp-content\/uploads\/2024\/10\/4o-300x300.png 300w, https:\/\/entrenotasyacordes.com\/wp-content\/uploads\/2024\/10\/4o-1024x1024.png 1024w, https:\/\/entrenotasyacordes.com\/wp-content\/uploads\/2024\/10\/4o-150x150.png 150w, https:\/\/entrenotasyacordes.com\/wp-content\/uploads\/2024\/10\/4o-768x768.png 768w, https:\/\/entrenotasyacordes.com\/wp-content\/uploads\/2024\/10\/4o-50x50.png 50w\" sizes=\"auto, (max-width: 1080px) 100vw, 1080px\" \/><\/figure>\n<\/div>\n\n\n<p class=\"has-text-align-left\"><strong>EDU IMBERN\u00d3N<\/strong>, el legendario productor y DJ espa\u00f1ol, regresa a Argentina para liderar el Episodio 10 de\u00a0<strong>R9, el evento tecnol\u00f3gico musical m\u00e1s destacado del NOA.\u00a0<\/strong>La cita es el 26 de octubre a partir de las 22 hs en La Foresta, un imponente espacio al aire libre situado en Ruta 9, KM 1301<strong>,\u00a0Taf\u00ed\u00a0Viejo &#8211; Tucum\u00e1n<\/strong>. Con un set que promete ser inolvidable, Imbern\u00f3n traer\u00e1 su inigualable estilo y energ\u00eda a uno de los escenarios m\u00e1s espectaculares de la regi\u00f3n.<br><br>Edu Imbern\u00f3n, reconocido por su habilidad para fusionar melod\u00edas euf\u00f3ricas con ritmos profundos, ha establecido su nombre como\u00a0<strong>uno de los<\/strong>\u00a0<strong>pilares de la m\u00fasica electr\u00f3nica<\/strong>\u00a0<strong>global en sus 15 a\u00f1os de trayectoria<\/strong>.<\/p>\n\n\n\n<p class=\"has-text-align-left\">Su regreso a Argentina es una celebraci\u00f3n de la profunda conexi\u00f3n que tiene con el p\u00fablico argentino, un pa\u00eds conocido por su vibrante escena en shows y su entusiasmo contagioso por los eventos en vivo. La expectativa para el show de Imbern\u00f3n en R9 es alta, ya que su habilidad para crear atm\u00f3sferas \u00fanicas y su compromiso con la calidad musical garantizan una experiencia que resonar\u00e1 con el coraz\u00f3n de todos los presentes.<br>&nbsp;<br>Con su visi\u00f3n innovadora, Edu Imbern\u00f3n encarna perfectamente el esp\u00edritu de R9, que desde 2021 se ha consolidado como una experiencia recreativa itinerante \u00fanica en el NOA, fusionando naturaleza, patrimonio hist\u00f3rico y tecnolog\u00eda de vanguardia en un solo evento.<\/p>\n\n\n\n<p class=\"has-text-align-left\">El festival se destaca por su capacidad de transformar cada locaci\u00f3n en un\u00a0<strong>espect\u00e1culo sensorial que celebra tanto la belleza natural como el avance tecnol\u00f3gico<\/strong>. La participaci\u00f3n de Imbern\u00f3n en R9 no solo enriquece la experiencia con su impresionante talento musical, sino que tambi\u00e9n subraya el compromiso del evento con la creaci\u00f3n de momentos memorables que unen\u00a0<strong>lo mejor de la m\u00fasica con entornos deslumbrantes e inspiradores<\/strong>, como ya se vi\u00f3 en las ediciones pasadas en Ingenio, La Rural y el Anfiteatro del Cadillal.<\/p>\n\n\n<div class=\"wp-block-image\">\n<figure class=\"aligncenter size-full is-resized\"><img loading=\"lazy\" decoding=\"async\" width=\"2560\" height=\"1707\" src=\"https:\/\/entrenotasyacordes.com\/wp-content\/uploads\/2024\/10\/4oo-scaled.jpg\" alt=\"\" class=\"wp-image-12126\" style=\"width:503px;height:auto\" srcset=\"https:\/\/entrenotasyacordes.com\/wp-content\/uploads\/2024\/10\/4oo-scaled.jpg 2560w, https:\/\/entrenotasyacordes.com\/wp-content\/uploads\/2024\/10\/4oo-300x200.jpg 300w, https:\/\/entrenotasyacordes.com\/wp-content\/uploads\/2024\/10\/4oo-1024x683.jpg 1024w, https:\/\/entrenotasyacordes.com\/wp-content\/uploads\/2024\/10\/4oo-768x512.jpg 768w, https:\/\/entrenotasyacordes.com\/wp-content\/uploads\/2024\/10\/4oo-1536x1024.jpg 1536w, https:\/\/entrenotasyacordes.com\/wp-content\/uploads\/2024\/10\/4oo-2048x1365.jpg 2048w\" sizes=\"auto, (max-width: 2560px) 100vw, 2560px\" \/><\/figure>\n<\/div>\n\n\n<p><strong>EDU IMBERN\u00d3N<\/strong><br><strong>en<\/strong> <strong>R9- EPISODIO 10<\/strong><\/p>\n\n\n\n<p><strong>S\u00e1bado 26 de octubre | de 22 pm a 6 am<\/strong><br><strong>LA FORESTA<\/strong><br><strong>Ruta 9, KM 1301 &#8211; Tafi Viejo| Provincia de Tucum\u00e1n<\/strong><br><br>Entradas a la venta<br><a href=\"https:\/\/gmail.us20.list-manage.com\/track\/click?u=5f18006da3ec7d99a89534e62&amp;id=3472acbc0a&amp;e=bdcecc51d8\">https:\/\/intercloudy.contilatam.com\/2111\/r9-edu-imbernon<\/a><\/p>\n","protected":false},"excerpt":{"rendered":"","protected":false},"author":5,"featured_media":12127,"comment_status":"open","ping_status":"open","sticky":false,"template":"","format":"standard","meta":{"om_disable_all_campaigns":false,"_uf_show_specific_survey":0,"_uf_disable_surveys":false,"footnotes":""},"categories":[36],"tags":[],"class_list":["post-12125","post","type-post","status-publish","format-standard","has-post-thumbnail","hentry","category-conciertos"],"_links":{"self":[{"href":"https:\/\/entrenotasyacordes.com\/index.php?rest_route=\/wp\/v2\/posts\/12125","targetHints":{"allow":["GET"]}}],"collection":[{"href":"https:\/\/entrenotasyacordes.com\/index.php?rest_route=\/wp\/v2\/posts"}],"about":[{"href":"https:\/\/entrenotasyacordes.com\/index.php?rest_route=\/wp\/v2\/types\/post"}],"author":[{"embeddable":true,"href":"https:\/\/entrenotasyacordes.com\/index.php?rest_route=\/wp\/v2\/users\/5"}],"replies":[{"embeddable":true,"href":"https:\/\/entrenotasyacordes.com\/index.php?rest_route=%2Fwp%2Fv2%2Fcomments&post=12125"}],"version-history":[{"count":1,"href":"https:\/\/entrenotasyacordes.com\/index.php?rest_route=\/wp\/v2\/posts\/12125\/revisions"}],"predecessor-version":[{"id":12128,"href":"https:\/\/entrenotasyacordes.com\/index.php?rest_route=\/wp\/v2\/posts\/12125\/revisions\/12128"}],"wp:featuredmedia":[{"embeddable":true,"href":"https:\/\/entrenotasyacordes.com\/index.php?rest_route=\/wp\/v2\/media\/12127"}],"wp:attachment":[{"href":"https:\/\/entrenotasyacordes.com\/index.php?rest_route=%2Fwp%2Fv2%2Fmedia&parent=12125"}],"wp:term":[{"taxonomy":"category","embeddable":true,"href":"https:\/\/entrenotasyacordes.com\/index.php?rest_route=%2Fwp%2Fv2%2Fcategories&post=12125"},{"taxonomy":"post_tag","embeddable":true,"href":"https:\/\/entrenotasyacordes.com\/index.php?rest_route=%2Fwp%2Fv2%2Ftags&post=12125"}],"curies":[{"name":"wp","href":"https:\/\/api.w.org\/{rel}","templated":true}]}}