{"id":12132,"date":"2024-10-18T15:19:59","date_gmt":"2024-10-18T15:19:59","guid":{"rendered":"https:\/\/entrenotasyacordes.com\/?p=12132"},"modified":"2024-10-18T15:20:00","modified_gmt":"2024-10-18T15:20:00","slug":"destino-san-javier-cierra-su-gira-destino-sinfonico-el-18-de-noviembre-en-el-teatro-coliseo","status":"publish","type":"post","link":"https:\/\/entrenotasyacordes.com\/?p=12132","title":{"rendered":"DESTINO SAN JAVIER Cierra su gira \u201cDestino Sinf\u00f3nico\u201d el 18 de noviembre en el Teatro Coliseo"},"content":{"rendered":"\n<!--more-->\n\n\n<div class=\"wp-block-image\">\n<figure class=\"aligncenter size-full is-resized\"><img loading=\"lazy\" decoding=\"async\" width=\"1512\" height=\"1512\" src=\"https:\/\/entrenotasyacordes.com\/wp-content\/uploads\/2024\/10\/4q.jpg\" alt=\"\" class=\"wp-image-12133\" style=\"width:503px;height:auto\" srcset=\"https:\/\/entrenotasyacordes.com\/wp-content\/uploads\/2024\/10\/4q.jpg 1512w, https:\/\/entrenotasyacordes.com\/wp-content\/uploads\/2024\/10\/4q-300x300.jpg 300w, https:\/\/entrenotasyacordes.com\/wp-content\/uploads\/2024\/10\/4q-1024x1024.jpg 1024w, https:\/\/entrenotasyacordes.com\/wp-content\/uploads\/2024\/10\/4q-150x150.jpg 150w, https:\/\/entrenotasyacordes.com\/wp-content\/uploads\/2024\/10\/4q-768x768.jpg 768w, https:\/\/entrenotasyacordes.com\/wp-content\/uploads\/2024\/10\/4q-50x50.jpg 50w\" sizes=\"auto, (max-width: 1512px) 100vw, 1512px\" \/><\/figure>\n<\/div>\n\n\n<p class=\"has-text-align-center\">Escuchar el disco Sinf\u00f3nico\u00a0<a href=\"https:\/\/delivery.hipermailer.com.ar\/do\/trkln.php?index=1024083402AZD&amp;id=ristywusepteystwt&amp;url=aHR0cHM6Ly9sbmsudG8vRGVzdGlub1NhbkphdmllclNpbmZvbmljbw%3D%3D\">Aqu\u00ed<\/a><br>18 de noviembre &#8211;\u00a0 Teatro Coliseo<br>Entradas a la venta\u00a0<a href=\"https:\/\/delivery.hipermailer.com.ar\/do\/trkln.php?index=1024084673AZD&amp;id=ristywusepteystwt&amp;url=aHR0cHM6Ly93d3cudGVhdHJvY29saXNlby5vcmcuYXIvZGVzdGluby1zYW4tamF2aWVyLTIwMjQv\">www.teatrocoliseo.org.ar<\/a><\/p>\n\n\n\n<p class=\"has-text-align-left\"><strong>Destino San Javier<\/strong>&nbsp;contin\u00faa recorriendo el pa\u00eds con su exitosa gira&nbsp;<strong>Destino Sinf\u00f3nico<\/strong>, en la que presenta en vivo su \u00e1lbum \u201c<strong>Sinf\u00f3nico<\/strong>\u201d. Con esta experiencia musical \u00fanica, que sorprende y emociona, el reconocido tr\u00edo argentino compuesto por&nbsp;<strong>Franco Favini, Bruno y Paolo Ragone<\/strong>, ya recorri\u00f3 los escenarios de Rosario, San Luis, Mendoza, San Juan, C\u00f3rdoba y Santa Fe. Adem\u00e1s, se presentar\u00e1n en Jujuy, Tucum\u00e1n y Catamarca. El gran cierre de la gira ser\u00e1 el pr\u00f3ximo&nbsp;<strong>28 de noviembre en el Teatro Coliseo de Buenos Aires<\/strong>. Las entradas se encuentran a la venta en&nbsp;<a href=\"https:\/\/delivery.hipermailer.com.ar\/do\/trkln.php?index=1024084673AZD&amp;id=ristywusepteystwt&amp;url=aHR0cHM6Ly93d3cudGVhdHJvY29saXNlby5vcmcuYXIvZGVzdGluby1zYW4tamF2aWVyLTIwMjQv\">www.teatrocoliseo.org.ar<\/a><\/p>\n\n\n\n<p class=\"has-text-align-left\">Despu\u00e9s de su destacada participaci\u00f3n en el Festival \u00danicos del Teatro Col\u00f3n en abril de 2022, donde su m\u00fasica son\u00f3 en ese emblem\u00e1tico teatro, Destino San Javier se inspir\u00f3 para llevar su arte a nuevos horizontes. As\u00ed naci\u00f3 el proyecto \u00abSinf\u00f3nico\u00bb, una selecci\u00f3n de sus mejores canciones, arregladas y producidas por el m\u00fasico Sebasti\u00e1n Fucci, junto a una orquesta de m\u00e1s de 40 m\u00fasicos que lograron elevar estas obras de nuestro cancionero popular.<\/p>\n\n\n\n<p>Este proyecto extraordinario ha sido meticulosamente elaborado y filmado en el deslumbrante Palacio Sans Souci, bajo la direcci\u00f3n experta de Sebasti\u00e1n Gallo. Acompa\u00f1ados por la imponente Orquesta Sinf\u00f3nica estable del Col\u00f3n, Destino San Javier ha dado vida a sus canciones m\u00e1s representativas de una manera completamente distinta y renovadora.<br>Desde los arreglos exquisitos hasta las interpretaciones conmovedoras, \u00ab<strong>Destino Sinf\u00f3nico<\/strong>\u00bb cautiva a todos los que tengan el privilegio de escucharlo.<\/p>\n\n\n\n<p><strong>Sobre Destino San Javier:\u00a0<\/strong><br>Con una historia arraigada en la tradici\u00f3n musical familiar y una carrera llena de logros, Destino San Javier ha ganado el t\u00edtulo de \u00abLas Mejores Voces Rom\u00e1nticas del Folklore Argentino\u00bb. Su m\u00fasica ha resonado en festivales y teatros de todo el pa\u00eds y late en cada coraz\u00f3n de sus seguidores. Desde su \u00e9xito con \u00abAmor Fugaz\u00bb, que les vali\u00f3 el prestigioso Premio Gardel 2022, hasta su m\u00e1s reciente colaboraci\u00f3n en \u00abEterno Amor\u00bb, donde honraron a Mart\u00edn Paz junto a Nahuel Pennisi y El Indio Lucio Rojas, Destino San Javier contin\u00faa cautivando a su audiencia con su versatilidad y talento incomparable.<\/p>\n\n\n\n<p><strong>Gira completa presentaci\u00f3n \u201cDestino Sinf\u00f3nico\u201d<\/strong><br>6\/9 -Teatro El C\u00edrculo\/ Rosario<br>13\/9 &#8211; Cine Teatro San Luis<br>14\/9 &#8211; Teatro Mendoza\/ Mendoza<br>15\/9 &#8211; Auditorio Juan Victoria\/ San Juan<br>4\/10 &#8211; Espacio Quality \/ C\u00f3rdoba<br>5\/10 &#8211; Centro Cultural Provincial \/ Santa Fe<br>6\/10 &#8211; Cine Teatro Belgrano, Rafaela\/ Santa Fe<br>18\/10 &#8211; Centro Cultural Mart\u00edn Fierro \/ Jujuy<br>19\/10 &#8211; Teatro Mercedes Sosa \/ Tucum\u00e1n<br>20\/10 \u2013 Cine Teatro Catamarca \/ Catamarca<br>28\/11 \u2013 Teatro Coliseo \u2013 Buenos Aires<\/p>\n","protected":false},"excerpt":{"rendered":"","protected":false},"author":5,"featured_media":12133,"comment_status":"open","ping_status":"open","sticky":false,"template":"","format":"standard","meta":{"om_disable_all_campaigns":false,"_uf_show_specific_survey":0,"_uf_disable_surveys":false,"footnotes":""},"categories":[36],"tags":[],"class_list":["post-12132","post","type-post","status-publish","format-standard","has-post-thumbnail","hentry","category-conciertos"],"_links":{"self":[{"href":"https:\/\/entrenotasyacordes.com\/index.php?rest_route=\/wp\/v2\/posts\/12132","targetHints":{"allow":["GET"]}}],"collection":[{"href":"https:\/\/entrenotasyacordes.com\/index.php?rest_route=\/wp\/v2\/posts"}],"about":[{"href":"https:\/\/entrenotasyacordes.com\/index.php?rest_route=\/wp\/v2\/types\/post"}],"author":[{"embeddable":true,"href":"https:\/\/entrenotasyacordes.com\/index.php?rest_route=\/wp\/v2\/users\/5"}],"replies":[{"embeddable":true,"href":"https:\/\/entrenotasyacordes.com\/index.php?rest_route=%2Fwp%2Fv2%2Fcomments&post=12132"}],"version-history":[{"count":1,"href":"https:\/\/entrenotasyacordes.com\/index.php?rest_route=\/wp\/v2\/posts\/12132\/revisions"}],"predecessor-version":[{"id":12134,"href":"https:\/\/entrenotasyacordes.com\/index.php?rest_route=\/wp\/v2\/posts\/12132\/revisions\/12134"}],"wp:featuredmedia":[{"embeddable":true,"href":"https:\/\/entrenotasyacordes.com\/index.php?rest_route=\/wp\/v2\/media\/12133"}],"wp:attachment":[{"href":"https:\/\/entrenotasyacordes.com\/index.php?rest_route=%2Fwp%2Fv2%2Fmedia&parent=12132"}],"wp:term":[{"taxonomy":"category","embeddable":true,"href":"https:\/\/entrenotasyacordes.com\/index.php?rest_route=%2Fwp%2Fv2%2Fcategories&post=12132"},{"taxonomy":"post_tag","embeddable":true,"href":"https:\/\/entrenotasyacordes.com\/index.php?rest_route=%2Fwp%2Fv2%2Ftags&post=12132"}],"curies":[{"name":"wp","href":"https:\/\/api.w.org\/{rel}","templated":true}]}}