{"id":12135,"date":"2024-10-18T15:35:55","date_gmt":"2024-10-18T15:35:55","guid":{"rendered":"https:\/\/entrenotasyacordes.com\/?p=12135"},"modified":"2024-10-18T15:35:57","modified_gmt":"2024-10-18T15:35:57","slug":"beats-modernos-celebra-a-charly-viernes-25-de-octubre-teatro-vorterix","status":"publish","type":"post","link":"https:\/\/entrenotasyacordes.com\/?p=12135","title":{"rendered":"BEATS MODERNOS Celebra a Charly | Viernes 25 de Octubre, Teatro Vorterix"},"content":{"rendered":"\n<!--more-->\n\n\n\n<p class=\"has-text-align-center\"><em>El grupo integrado por Rosario Ortega, Zorrito Von Quintiero y Fernando Samalea, m\u00fasicos de la banda de Charly Garc\u00eda, se unen para celebrar al maestro.<\/em><\/p>\n\n\n\n<p class=\"has-text-align-center\"><strong>Viernes 25 de Octubre, 20 hs &#8211;\u00a0 TEATRO VORTERIX<\/strong><br>Entradas disponibles en\u00a0<a href=\"https:\/\/www.allaccess.com.ar\/list\/beats%20modernos\" target=\"_blank\" rel=\"noreferrer noopener\">allaccess.com<\/a>.ar<\/p>\n\n\n<div class=\"wp-block-image\">\n<figure class=\"aligncenter size-full is-resized\"><img loading=\"lazy\" decoding=\"async\" width=\"1080\" height=\"1080\" src=\"https:\/\/entrenotasyacordes.com\/wp-content\/uploads\/2024\/10\/4s.jpg\" alt=\"\" class=\"wp-image-12136\" style=\"width:503px;height:auto\" srcset=\"https:\/\/entrenotasyacordes.com\/wp-content\/uploads\/2024\/10\/4s.jpg 1080w, https:\/\/entrenotasyacordes.com\/wp-content\/uploads\/2024\/10\/4s-300x300.jpg 300w, https:\/\/entrenotasyacordes.com\/wp-content\/uploads\/2024\/10\/4s-1024x1024.jpg 1024w, https:\/\/entrenotasyacordes.com\/wp-content\/uploads\/2024\/10\/4s-150x150.jpg 150w, https:\/\/entrenotasyacordes.com\/wp-content\/uploads\/2024\/10\/4s-768x768.jpg 768w, https:\/\/entrenotasyacordes.com\/wp-content\/uploads\/2024\/10\/4s-50x50.jpg 50w\" sizes=\"auto, (max-width: 1080px) 100vw, 1080px\" \/><\/figure>\n<\/div>\n\n\n<p class=\"has-text-align-left\"><strong>Beats Modernos<\/strong>\u00a0llega al Teatro Vorterix para celebrar al maestro bicolor, el pr\u00f3ximo\u00a0<strong>viernes 25 de octubre, a las 20hs<\/strong>. Las entradas ya est\u00e1n a la venta en\u00a0<a href=\"https:\/\/www.allaccess.com.ar\/list\/beats%20modernos\" target=\"_blank\" rel=\"noreferrer noopener\">allaccess.com.ar<\/a><\/p>\n\n\n\n<p class=\"has-text-align-left\">Zorrito Von Quintiero, Fernando Samalea y Rosario Ortega, tres integrantes actuales de la banda de Charly Garc\u00eda, se unen para esta celebraci\u00f3n a pocas semanas del lanzamiento del \u00e1lbum \u201cLa l\u00f3gica del escorpi\u00f3n\u201d.<\/p>\n\n\n\n<p>Tambi\u00e9n estar\u00e1n presentes algunos m\u00fasicos de su legendaria banda de los a\u00f1os \u00b490,\u00a0 \u201cLos Enfermeros\u201d, y varios invitados sorpresa. Con un repertorio que revivir\u00e1 las mejores canciones de Charly y sus inolvidables melod\u00edas, ser\u00e1 una noche \u00fanica para todos los fan\u00e1ticos.<\/p>\n\n\n\n<p class=\"has-text-align-left\"><strong><em>\u201cCelebramos este mes Garc\u00eda.&nbsp;<\/em><\/strong><strong><em>Gracias Garc\u00eda por toda la obra, toda la cultura, todo lo que nos ayudaste. La oportunidad que nos dio por darnos trabajo. Llevarnos a tocar por todos lados. Es como gratitud con \u00e9l siempre. Ha sido muy generoso con nosotros\u201d<\/em><\/strong><\/p>\n","protected":false},"excerpt":{"rendered":"","protected":false},"author":5,"featured_media":12136,"comment_status":"open","ping_status":"open","sticky":false,"template":"","format":"standard","meta":{"om_disable_all_campaigns":false,"_uf_show_specific_survey":0,"_uf_disable_surveys":false,"footnotes":""},"categories":[36],"tags":[],"class_list":["post-12135","post","type-post","status-publish","format-standard","has-post-thumbnail","hentry","category-conciertos"],"_links":{"self":[{"href":"https:\/\/entrenotasyacordes.com\/index.php?rest_route=\/wp\/v2\/posts\/12135","targetHints":{"allow":["GET"]}}],"collection":[{"href":"https:\/\/entrenotasyacordes.com\/index.php?rest_route=\/wp\/v2\/posts"}],"about":[{"href":"https:\/\/entrenotasyacordes.com\/index.php?rest_route=\/wp\/v2\/types\/post"}],"author":[{"embeddable":true,"href":"https:\/\/entrenotasyacordes.com\/index.php?rest_route=\/wp\/v2\/users\/5"}],"replies":[{"embeddable":true,"href":"https:\/\/entrenotasyacordes.com\/index.php?rest_route=%2Fwp%2Fv2%2Fcomments&post=12135"}],"version-history":[{"count":1,"href":"https:\/\/entrenotasyacordes.com\/index.php?rest_route=\/wp\/v2\/posts\/12135\/revisions"}],"predecessor-version":[{"id":12137,"href":"https:\/\/entrenotasyacordes.com\/index.php?rest_route=\/wp\/v2\/posts\/12135\/revisions\/12137"}],"wp:featuredmedia":[{"embeddable":true,"href":"https:\/\/entrenotasyacordes.com\/index.php?rest_route=\/wp\/v2\/media\/12136"}],"wp:attachment":[{"href":"https:\/\/entrenotasyacordes.com\/index.php?rest_route=%2Fwp%2Fv2%2Fmedia&parent=12135"}],"wp:term":[{"taxonomy":"category","embeddable":true,"href":"https:\/\/entrenotasyacordes.com\/index.php?rest_route=%2Fwp%2Fv2%2Fcategories&post=12135"},{"taxonomy":"post_tag","embeddable":true,"href":"https:\/\/entrenotasyacordes.com\/index.php?rest_route=%2Fwp%2Fv2%2Ftags&post=12135"}],"curies":[{"name":"wp","href":"https:\/\/api.w.org\/{rel}","templated":true}]}}