{"id":12138,"date":"2024-10-18T15:42:35","date_gmt":"2024-10-18T15:42:35","guid":{"rendered":"https:\/\/entrenotasyacordes.com\/?p=12138"},"modified":"2024-10-18T15:42:37","modified_gmt":"2024-10-18T15:42:37","slug":"luciana-segovia-se-prepara-para-cerrar-el-ano-en-el-mitico-salon-pueyrredon-el-domingo-24-11-a-las-20-hs","status":"publish","type":"post","link":"https:\/\/entrenotasyacordes.com\/?p=12138","title":{"rendered":"Luciana Segovia se prepara para cerrar el a\u00f1o en el m\u00edtico \u00abSal\u00f3n Pueyrred\u00f3n\u00bb, el Domingo 24\/11 a las 20 hs"},"content":{"rendered":"\n<!--more-->\n\n\n\n<p class=\"has-text-align-left\">Luego de tocar en la primera edici\u00f3n del Festival \u201cVivimos M\u00fasica\u201d Luciana Segovia se prepara para cerrar el a\u00f1o en el m\u00edtico \u00abSal\u00f3n\u00a0Pueyrred\u00f3n\u00bb, el Domingo 24\/11 a las 20 hs y anunciamos ESTRENO de un nuevo single \u00abVikingo\u00bb disponible a partir del 15\/11 en todas las plataformas.<\/p>\n\n\n<div class=\"wp-block-image\">\n<figure class=\"aligncenter size-full is-resized\"><img loading=\"lazy\" decoding=\"async\" width=\"743\" height=\"745\" src=\"https:\/\/entrenotasyacordes.com\/wp-content\/uploads\/2024\/10\/4t.jpg\" alt=\"\" class=\"wp-image-12139\" style=\"width:503px;height:auto\" srcset=\"https:\/\/entrenotasyacordes.com\/wp-content\/uploads\/2024\/10\/4t.jpg 743w, https:\/\/entrenotasyacordes.com\/wp-content\/uploads\/2024\/10\/4t-300x300.jpg 300w, https:\/\/entrenotasyacordes.com\/wp-content\/uploads\/2024\/10\/4t-150x150.jpg 150w, https:\/\/entrenotasyacordes.com\/wp-content\/uploads\/2024\/10\/4t-50x50.jpg 50w\" sizes=\"auto, (max-width: 743px) 100vw, 743px\" \/><\/figure>\n<\/div>\n\n\n<p class=\"has-text-align-left\">En un a\u00f1o intenso con varios shows, nuevas canciones y de mucho crecimiento a nivel profesional, Luciana Segovia prepara un cierre de a\u00f1oarrollador, incluye estreno de canci\u00f3n, \u201cVikingo\u201d, y un concierto en el Sal\u00f3n Pueyrred\u00f3n, Av Santa Fe 4560, Palermo, la fecha elegida es el Domingo 24 de Noviembre a las 20 hs, el show de apertura estar\u00e1 a cargo de Aira Rock. Quienes asistan podr\u00e1n tener la posibilidad de escuchar por primera vez en vivo el nuevo lanzamiento de Luciana, que adem\u00e1s muy pronto podr\u00e1n tenerlo disponible en todas las plataformas.<strong><br>\u00a0<br>Entradas a la venta desde el IG de\u00a0<a href=\"https:\/\/www.instagram.com\/blackdotstudiosoficial?igsh=eW1rdzFleGp3ZHZ6\" target=\"_blank\" rel=\"noreferrer noopener\">Black Dot Studios<\/a>\u00a0y en el de\u00a0<a href=\"https:\/\/www.instagram.com\/lucianasegovia?igsh=MTdxa3dmdTVsajlrOQ==\" target=\"_blank\" rel=\"noreferrer noopener\">Luciana<\/a>.<\/strong><\/p>\n\n\n<div class=\"wp-block-image\">\n<figure class=\"aligncenter size-full is-resized\"><img loading=\"lazy\" decoding=\"async\" width=\"1590\" height=\"1600\" src=\"https:\/\/entrenotasyacordes.com\/wp-content\/uploads\/2024\/10\/4tt.jpeg\" alt=\"\" class=\"wp-image-12140\" style=\"width:503px;height:auto\" srcset=\"https:\/\/entrenotasyacordes.com\/wp-content\/uploads\/2024\/10\/4tt.jpeg 1590w, https:\/\/entrenotasyacordes.com\/wp-content\/uploads\/2024\/10\/4tt-298x300.jpeg 298w, https:\/\/entrenotasyacordes.com\/wp-content\/uploads\/2024\/10\/4tt-1018x1024.jpeg 1018w, https:\/\/entrenotasyacordes.com\/wp-content\/uploads\/2024\/10\/4tt-150x150.jpeg 150w, https:\/\/entrenotasyacordes.com\/wp-content\/uploads\/2024\/10\/4tt-768x773.jpeg 768w, https:\/\/entrenotasyacordes.com\/wp-content\/uploads\/2024\/10\/4tt-1526x1536.jpeg 1526w, https:\/\/entrenotasyacordes.com\/wp-content\/uploads\/2024\/10\/4tt-1024x1030.jpeg 1024w, https:\/\/entrenotasyacordes.com\/wp-content\/uploads\/2024\/10\/4tt-50x50.jpeg 50w\" sizes=\"auto, (max-width: 1590px) 100vw, 1590px\" \/><\/figure>\n<\/div>\n\n\n<p><strong>+ Sobre Luciana<\/strong><\/p>\n\n\n\n<p>La cantante y compositora es una referente multifac\u00e9tica para toda una generaci\u00f3n de cantantes mujeres. A lo largo de su carrera se desempe\u00f1\u00f3 como profesora de canto, vocal coach y co-conductora de tv en el programa de televisi\u00f3n CM Rock. En lo musical, Luciana Segovia lider\u00f3 la banda de rock Cirse durante 16 a\u00f1os, donde cantaba y compon\u00eda las canciones junto a los dem\u00e1s integrantes. <\/p>\n\n\n\n<p>En esos a\u00f1os, adquiri\u00f3 una vasta experiencia en escenarios locales de todo calibre como el Luna Park, Estadio Malvinas Argentinas, Estadio \u00danico La Plata, Vorterix, Pepsi Music, Personal Fest, Cosquin Rock, Teatro Flores, La Trastienda, Groove y The Roxy Live, entre otros.<\/p>\n\n\n\n<p>Con Cirse telonearon a grandes artistas internacionales como Metallica, Incubus, Aerosmith, Whitesnake, Paramore, Evanescence, Avril Lavigne, Soja, Dave Matthews band, Duran Duran, Against the Current, Bring me to the Horizon, The Kills, entre muchos otros, e hicieron giras por Argentina, Paraguay y M\u00e9xico, donde tocaron en los 20 a\u00f1os del emblem\u00e1tico festival Vive Latino.<\/p>\n\n\n<div class=\"wp-block-image\">\n<figure class=\"aligncenter size-full is-resized\"><img loading=\"lazy\" decoding=\"async\" width=\"2560\" height=\"1707\" src=\"https:\/\/entrenotasyacordes.com\/wp-content\/uploads\/2024\/10\/4ttt-scaled.jpeg\" alt=\"\" class=\"wp-image-12141\" style=\"width:503px;height:auto\" srcset=\"https:\/\/entrenotasyacordes.com\/wp-content\/uploads\/2024\/10\/4ttt-scaled.jpeg 2560w, https:\/\/entrenotasyacordes.com\/wp-content\/uploads\/2024\/10\/4ttt-300x200.jpeg 300w, https:\/\/entrenotasyacordes.com\/wp-content\/uploads\/2024\/10\/4ttt-1024x683.jpeg 1024w, https:\/\/entrenotasyacordes.com\/wp-content\/uploads\/2024\/10\/4ttt-768x512.jpeg 768w, https:\/\/entrenotasyacordes.com\/wp-content\/uploads\/2024\/10\/4ttt-1536x1024.jpeg 1536w, https:\/\/entrenotasyacordes.com\/wp-content\/uploads\/2024\/10\/4ttt-2048x1365.jpeg 2048w\" sizes=\"auto, (max-width: 2560px) 100vw, 2560px\" \/><\/figure>\n<\/div>","protected":false},"excerpt":{"rendered":"","protected":false},"author":5,"featured_media":12139,"comment_status":"open","ping_status":"open","sticky":false,"template":"","format":"standard","meta":{"om_disable_all_campaigns":false,"_uf_show_specific_survey":0,"_uf_disable_surveys":false,"footnotes":""},"categories":[36],"tags":[],"class_list":["post-12138","post","type-post","status-publish","format-standard","has-post-thumbnail","hentry","category-conciertos"],"_links":{"self":[{"href":"https:\/\/entrenotasyacordes.com\/index.php?rest_route=\/wp\/v2\/posts\/12138","targetHints":{"allow":["GET"]}}],"collection":[{"href":"https:\/\/entrenotasyacordes.com\/index.php?rest_route=\/wp\/v2\/posts"}],"about":[{"href":"https:\/\/entrenotasyacordes.com\/index.php?rest_route=\/wp\/v2\/types\/post"}],"author":[{"embeddable":true,"href":"https:\/\/entrenotasyacordes.com\/index.php?rest_route=\/wp\/v2\/users\/5"}],"replies":[{"embeddable":true,"href":"https:\/\/entrenotasyacordes.com\/index.php?rest_route=%2Fwp%2Fv2%2Fcomments&post=12138"}],"version-history":[{"count":1,"href":"https:\/\/entrenotasyacordes.com\/index.php?rest_route=\/wp\/v2\/posts\/12138\/revisions"}],"predecessor-version":[{"id":12142,"href":"https:\/\/entrenotasyacordes.com\/index.php?rest_route=\/wp\/v2\/posts\/12138\/revisions\/12142"}],"wp:featuredmedia":[{"embeddable":true,"href":"https:\/\/entrenotasyacordes.com\/index.php?rest_route=\/wp\/v2\/media\/12139"}],"wp:attachment":[{"href":"https:\/\/entrenotasyacordes.com\/index.php?rest_route=%2Fwp%2Fv2%2Fmedia&parent=12138"}],"wp:term":[{"taxonomy":"category","embeddable":true,"href":"https:\/\/entrenotasyacordes.com\/index.php?rest_route=%2Fwp%2Fv2%2Fcategories&post=12138"},{"taxonomy":"post_tag","embeddable":true,"href":"https:\/\/entrenotasyacordes.com\/index.php?rest_route=%2Fwp%2Fv2%2Ftags&post=12138"}],"curies":[{"name":"wp","href":"https:\/\/api.w.org\/{rel}","templated":true}]}}