{"id":12143,"date":"2024-10-18T15:56:21","date_gmt":"2024-10-18T15:56:21","guid":{"rendered":"https:\/\/entrenotasyacordes.com\/?p=12143"},"modified":"2024-10-18T15:56:23","modified_gmt":"2024-10-18T15:56:23","slug":"arde-la-sangre-lanza-su-segundo-disco-pase-lo-que-pase-y-lo-presenta-en-vivo-en-el-teatro-flores-el-30-de-noviembre-19hs","status":"publish","type":"post","link":"https:\/\/entrenotasyacordes.com\/?p=12143","title":{"rendered":"ARDE LA SANGRE: LANZA SU SEGUNDO DISCO \u00abPASE LO QUE PASE\u00bb Y LO PRESENTA EN VIVO EN EL TEATRO FLORES EL 30 DE NOVIEMBRE 19HS"},"content":{"rendered":"\n<!--more-->\n\n\n<div class=\"wp-block-image\">\n<figure class=\"aligncenter size-full is-resized\"><img loading=\"lazy\" decoding=\"async\" width=\"1600\" height=\"1600\" src=\"https:\/\/entrenotasyacordes.com\/wp-content\/uploads\/2024\/10\/4u.jpeg\" alt=\"\" class=\"wp-image-12144\" style=\"width:503px;height:auto\" srcset=\"https:\/\/entrenotasyacordes.com\/wp-content\/uploads\/2024\/10\/4u.jpeg 1600w, https:\/\/entrenotasyacordes.com\/wp-content\/uploads\/2024\/10\/4u-300x300.jpeg 300w, https:\/\/entrenotasyacordes.com\/wp-content\/uploads\/2024\/10\/4u-1024x1024.jpeg 1024w, https:\/\/entrenotasyacordes.com\/wp-content\/uploads\/2024\/10\/4u-150x150.jpeg 150w, https:\/\/entrenotasyacordes.com\/wp-content\/uploads\/2024\/10\/4u-768x768.jpeg 768w, https:\/\/entrenotasyacordes.com\/wp-content\/uploads\/2024\/10\/4u-1536x1536.jpeg 1536w, https:\/\/entrenotasyacordes.com\/wp-content\/uploads\/2024\/10\/4u-50x50.jpeg 50w\" sizes=\"auto, (max-width: 1600px) 100vw, 1600px\" \/><\/figure>\n<\/div>\n\n\n<p>DISPONIBLE EN FORMATO DIGITAL EN TODAS LAS PLATAFORMAS A PARTIR DEL 17\/10\/24<\/p>\n\n\n\n<p>LA BANDA M\u00c1S PODEROSA DEL ROCK ARGENTINO REGRESA CON UNTRABAJO CONTUNDENTE QUE REDEFINE SU IDENTIDAD SONORA<\/p>\n\n\n\n<p>Arde la Sangre, conocida por su fuerza y autenticidad en la escena del rock argentino, vuelve con su segundo disco titulado<strong>&nbsp;\u00abPase lo que pase\u00bb.&nbsp;<\/strong>Este lanzamiento promete consolidar su lugar como una de las bandas m\u00e1s potentes del g\u00e9nero, al tiempo que explora nuevas texturas musicales y l\u00edricas.<\/p>\n\n\n\n<p>El disco ofrece una combinaci\u00f3n poderosa de metal alternativo, distorsi\u00f3n y melod\u00edas \u00e9picas, adentr\u00e1ndose en atm\u00f3sferas oscuras que dan vida a una poes\u00eda melanc\u00f3lica y apocal\u00edptica. Cada tema destaca por su producci\u00f3n meticulosa y su capacidad de emocionar a trav\u00e9s de interpretaciones vibrantes.<\/p>\n\n\n\n<p>Entre los momentos m\u00e1s memorables del \u00e1lbum, se destaca la colaboraci\u00f3n de&nbsp;<strong>Cesar Andino (Cabezones) en la canci\u00f3n \u00abLo Esencial\u00bb<\/strong>, donde se fusionan lo mejor de ambos mundos musicales. Asimismo,&nbsp;<strong>MINY de la banda Post 20 suma su voz en \u00abOBDC\u00bb, a\u00f1adiendo un toque \u00fanico al disco<\/strong>.<\/p>\n\n\n\n<p>Este segundo trabajo ha sido anticipado con sencillos como<strong>&nbsp;\u00abEspejo Roto\u00bb, \u00abEl ojo del Hurac\u00e1n\u00bb,<\/strong>&nbsp;y&nbsp;<strong>\u00abLos unos y los otros\u00bb,<\/strong>&nbsp;que han dejado expectantes a los seguidores, preparando el terreno para el impacto que generar\u00e1 \u00abPase lo que pase\u00bb.<\/p>\n\n\n\n<p>La producci\u00f3n del \u00e1lbum estuvo a cargo de&nbsp;<strong>Luciano Farelli,<\/strong>&nbsp;quien logr\u00f3 capturar la esencia cruda y emotiva de la banda, llev\u00e1ndola a un nuevo nivel. Arde la Sangre sigue demostrando su capacidad para evolucionar sin perder su potencia, siempre dispuesta a explorar nuevos horizontes musicales.<\/p>\n\n\n\n<p>El grupo est\u00e1 compuesto por&nbsp;<strong>Hern\u00e1n Tery Langer<\/strong>&nbsp;en guitarra y coros,<strong>Luciano \u00abTano\u00bb Farelli (guitarra, sintetizadores, programaci\u00f3n y coros), Ignacio \u00abNacho\u00bb Benavides (bater\u00eda) y Marcelo Corvex Corvalan&nbsp;<\/strong>en bajo y voz, quienes en conjunto logran una qu\u00edmica inigualable que se refleja en cada canci\u00f3n.<\/p>\n\n\n\n<p><strong>\u00abPase lo que pase\u00bb<\/strong>\u00a0es, sin duda, una obra clave en la trayectoria de Arde la Sangre, que reafirma su posici\u00f3n en la escena del rock argentino, a la vez que invita a sus seguidores a adentrarse en un viaje musical intenso y cat\u00e1rtico.<\/p>\n\n\n\n<p>Pase lo que Pase fue grabado en estudios MCL Records, Garra y Oceania<br>Records por Luciano Farelli.<br>Asistente de grabaci\u00f3n en MCL: Diego Trigo<br>Asistente de grabaci\u00f3n Garra: Pablo Peyrano<br>Drum Dr MCL: Nico Polo<br>Drum Dr Garra: Bolsa Gonzales<br>Mezclado por Luciano Farelli en Ocean\u00eda Records.<br>Masterizado por Diego Warrior, excepto temas 3, 6, 9 y 11 por Luciano Farelli.<br>Producido por Luciano Farelli y Hernan Langer.<br>Publicado por Numen M\u00fasica<br>Distribuci\u00f3n digital por Altafonte para todo el mundo<\/p>\n\n\n<div class=\"wp-block-image\">\n<figure class=\"aligncenter size-full is-resized\"><img loading=\"lazy\" decoding=\"async\" width=\"1600\" height=\"1066\" src=\"https:\/\/entrenotasyacordes.com\/wp-content\/uploads\/2024\/10\/4uu.jpeg\" alt=\"\" class=\"wp-image-12145\" style=\"width:568px;height:auto\" srcset=\"https:\/\/entrenotasyacordes.com\/wp-content\/uploads\/2024\/10\/4uu.jpeg 1600w, https:\/\/entrenotasyacordes.com\/wp-content\/uploads\/2024\/10\/4uu-300x200.jpeg 300w, https:\/\/entrenotasyacordes.com\/wp-content\/uploads\/2024\/10\/4uu-1024x682.jpeg 1024w, https:\/\/entrenotasyacordes.com\/wp-content\/uploads\/2024\/10\/4uu-768x512.jpeg 768w, https:\/\/entrenotasyacordes.com\/wp-content\/uploads\/2024\/10\/4uu-1536x1023.jpeg 1536w\" sizes=\"auto, (max-width: 1600px) 100vw, 1600px\" \/><\/figure>\n<\/div>\n\n\n<p><strong>+ SOBRE ARDE LA SANGRE<\/strong><\/p>\n\n\n\n<p>Arde La Sangre comenz\u00f3\u0301 su carrera en pleno 2020, componiendo y d\u00e1ndole vida a su primer disco \u201cLa Cura\u201d, lanzado en 2021, con el cual la banda inici\u00f3 su primera gira, present\u00e1ndolo en vivo por toda Argentina, con un debut impresionante en el Teatro Opera de Buenos Aires, sorprendiendo tanto al p\u00fablico como a la cr\u00edtica, obteniendo el mejor reconocimiento al ganar el rubro \u201cRock Pesado punk\u201d al mejor disco en los prestigiosos Premios Gardel.<\/p>\n\n\n\n<p>En 2022 continuaron los shows destacando la participaci\u00f3n junto a las bandas \u201cKISS\u201d y \u201cSLIPKNOT\u201d en Bs As. Ese mismo a\u00f1o lanzaron un EP de cuatro canciones llamado \u201cRompiendo Silencios\u201d, demostrando una evoluci\u00f3n en la composici\u00f3n y el sonido, donde se destacaron las canciones \u201cAguantar\u201d y \u201cEl Reino maldito\u201d con sus respectivos videoclips (Penumbrart). Adem\u00e1s de continuar su gira nacional de presentaci\u00f3n, concretaron su primera visita a Chile junto a la banda Alectrofobia recorriendo 5 ciudades.<\/p>\n\n\n\n<p>En 2023, la banda present\u00f3 dos nuevos sencillos \u201cOBDC\u201d con la participaci\u00f3n de la cantante \u201cMiny\u201d cantante de la banda \u201cPost20\u201d de San Juan y \u201cESPEJO ROTO\u201d donde siguen sorprendiendo con su constante evoluci\u00f3n en su sonido y destac\u00e1ndose como una de las bandas m\u00e1s novedosas y originales de la escena rockera latinoamericana en este \u00faltimo tiempo.<\/p>\n\n\n\n<p>Estas dos canciones son el adelanto de su pr\u00f3ximo disco que saldr\u00e1 a mediados del 2024.<\/p>\n\n\n\n<p>Tambi\u00e9n, como destacado en el 2023, la banda particip\u00f3 en el show de \u201cEvanescence\u201d que tuvo lugar en el Movistar Arena, un cierre de a\u00f1o propio en el Teatro Vorterix y la participaci\u00f3n en el Festival Floufest en la ciudad de Asunci\u00f3n (Paraguay).<\/p>\n\n\n\n<p>Cabe destacar que Marcelo \u201cCorvata\u201d Corvalan fue miembro fundador de A.N.I.M.A.L y junto a Hernan \u201cTery\u201d Langer de CARAJO, dos de las bandas mas importantes e influyentes de la escena heavy metal de Latinoam\u00e9rica.<\/p>\n","protected":false},"excerpt":{"rendered":"","protected":false},"author":5,"featured_media":12144,"comment_status":"open","ping_status":"open","sticky":false,"template":"","format":"standard","meta":{"om_disable_all_campaigns":false,"_uf_show_specific_survey":0,"_uf_disable_surveys":false,"footnotes":""},"categories":[4],"tags":[],"class_list":["post-12143","post","type-post","status-publish","format-standard","has-post-thumbnail","hentry","category-musica"],"_links":{"self":[{"href":"https:\/\/entrenotasyacordes.com\/index.php?rest_route=\/wp\/v2\/posts\/12143","targetHints":{"allow":["GET"]}}],"collection":[{"href":"https:\/\/entrenotasyacordes.com\/index.php?rest_route=\/wp\/v2\/posts"}],"about":[{"href":"https:\/\/entrenotasyacordes.com\/index.php?rest_route=\/wp\/v2\/types\/post"}],"author":[{"embeddable":true,"href":"https:\/\/entrenotasyacordes.com\/index.php?rest_route=\/wp\/v2\/users\/5"}],"replies":[{"embeddable":true,"href":"https:\/\/entrenotasyacordes.com\/index.php?rest_route=%2Fwp%2Fv2%2Fcomments&post=12143"}],"version-history":[{"count":1,"href":"https:\/\/entrenotasyacordes.com\/index.php?rest_route=\/wp\/v2\/posts\/12143\/revisions"}],"predecessor-version":[{"id":12146,"href":"https:\/\/entrenotasyacordes.com\/index.php?rest_route=\/wp\/v2\/posts\/12143\/revisions\/12146"}],"wp:featuredmedia":[{"embeddable":true,"href":"https:\/\/entrenotasyacordes.com\/index.php?rest_route=\/wp\/v2\/media\/12144"}],"wp:attachment":[{"href":"https:\/\/entrenotasyacordes.com\/index.php?rest_route=%2Fwp%2Fv2%2Fmedia&parent=12143"}],"wp:term":[{"taxonomy":"category","embeddable":true,"href":"https:\/\/entrenotasyacordes.com\/index.php?rest_route=%2Fwp%2Fv2%2Fcategories&post=12143"},{"taxonomy":"post_tag","embeddable":true,"href":"https:\/\/entrenotasyacordes.com\/index.php?rest_route=%2Fwp%2Fv2%2Ftags&post=12143"}],"curies":[{"name":"wp","href":"https:\/\/api.w.org\/{rel}","templated":true}]}}