{"id":12148,"date":"2024-10-18T16:01:16","date_gmt":"2024-10-18T16:01:16","guid":{"rendered":"https:\/\/entrenotasyacordes.com\/?p=12148"},"modified":"2024-10-18T16:01:18","modified_gmt":"2024-10-18T16:01:18","slug":"este-sabado-guada-se-presenta-en-la-trastienda-20-30-hs-balcarce-460","status":"publish","type":"post","link":"https:\/\/entrenotasyacordes.com\/?p=12148","title":{"rendered":"Este s\u00e1bado, GUADA se presenta en La Trastienda. 20.30 hs. Balcarce 460"},"content":{"rendered":"\n<!--more-->\n\n\n<div class=\"wp-block-image\">\n<figure class=\"aligncenter size-full\"><img loading=\"lazy\" decoding=\"async\" width=\"499\" height=\"499\" src=\"https:\/\/entrenotasyacordes.com\/wp-content\/uploads\/2024\/09\/9n.jpg\" alt=\"\" class=\"wp-image-11767\" srcset=\"https:\/\/entrenotasyacordes.com\/wp-content\/uploads\/2024\/09\/9n.jpg 499w, https:\/\/entrenotasyacordes.com\/wp-content\/uploads\/2024\/09\/9n-300x300.jpg 300w, https:\/\/entrenotasyacordes.com\/wp-content\/uploads\/2024\/09\/9n-150x150.jpg 150w, https:\/\/entrenotasyacordes.com\/wp-content\/uploads\/2024\/09\/9n-50x50.jpg 50w\" sizes=\"auto, (max-width: 499px) 100vw, 499px\" \/><\/figure>\n<\/div>\n\n\n<p class=\"has-text-align-center\"><strong>S\u00e1bado 19 de octubre \u2013 20.30 hs<\/strong><br><strong>La Trastienda \u2013 Balcarce 460<\/strong><br>Entradas en venta por&nbsp;<a href=\"http:\/\/www.tuentrada.com\/?utm_source=perfit&amp;utm_medium=email\" target=\"_blank\" rel=\"noreferrer noopener\">www.tuentrada.com<\/a>&nbsp;<\/p>\n\n\n\n<p class=\"has-text-align-left\"><strong>GIRA AM\u00c9RICA<\/strong><br><strong>16 de octubre \u2013 Sala Zitarrosa, Montevideo, Uruguay.<\/strong><br><strong>27 de octubre \u2013 Quality Teatro, Cordoba, Argentina.<\/strong><\/p>\n\n\n\n<p class=\"has-text-align-left\">Este s\u00e1bado, 19 de octubre, GUADA se presenta en La Trastienda en el marco de su GIRA AM\u00c9RICA.<\/p>\n\n\n\n<p>Hace pocos d\u00edas, GUADA present\u00f3 \u00abHistoria Compartida\u00bb, el primer single del disco que saldr\u00e1 a la luz en marzo del 2025.<\/p>\n\n\n\n<p>En tiempos en los que los cambios pol\u00edticos miran el pasado en el peor sentido de la nostalgia, para GUADA hablar de &#8216;antes&#8217; supone hablar de esa memoria que esos mismos que recurren a los &#8216;antes&#8217; buscan encajonar y desaparecer. As\u00ed lo hace en \u00abHistoria compartida\u00bb, en donde se acompa\u00f1a de Ismael Serrano, uno de los cantautores m\u00e1s comprometidos con la memoria hist\u00f3rica y una de las voces m\u00e1s profundas, ic\u00f3nicas y claras de la canci\u00f3n de autor en espa\u00f1ol de las \u00faltimas tres d\u00e9cadas, como m\u00ednimo.<\/p>\n\n\n\n<p>GUADA e Ismael Serrano consiguen converger en una reivindicaci\u00f3n conjunta de las memorias hist\u00f3ricas de Espa\u00f1a, Argentina y toda Am\u00e9rica Latina en una de las piezas m\u00e1s sinceras, crudas, emotivas y necesarias que haya compuesto la hispano-argentina en su carrera; y que sirve como primer adelanto del que ser\u00e1 el nuevo \u00e1lbum de GUADA, que ver\u00e1 la luz a principios de 2025.<\/p>\n\n\n\n<p>GUADA habla de \u00abHistoria compartida\u00bb: \u00abla canci\u00f3n trata sobre la memoria hist\u00f3rica, la escrib\u00ed despu\u00e9s de una marcha que hubo en Argentina hace poco, y en la que, debido a su situaci\u00f3n pol\u00edtica actual, no los dejaban manifestarse libremente en la plaza. Pens\u00e9 en Ismael para acompa\u00f1arme en la canci\u00f3n porque quer\u00eda gente comprometida con este pensamiento. Me gusta la idea de \u201cHistoria compartida\u201d ya que adem\u00e1s de ser una lucha por la memoria, es una lucha compartida porque la cantamos los dos, como uno de un lado del hemisferio\u00bb.<\/p>\n\n\n\n<p>\u00abHistoria compartida\u00bb est\u00e1 escrita por GUADA, Mar\u00eda Folatelli y Joaqu\u00edn Merino y la m\u00fasica es de GUADA que se acompa\u00f1a de Ismael Serrano en la voz, Alberto Alcal\u00e1 (guitarra espa\u00f1ola), Toni Brunet (guitarra el\u00e9ctrica y bajo), Sebasti\u00e1n Merl\u00edn (percusi\u00f3n). La producci\u00f3n y mezcla ha sido obra de Toni Brunet y el mastering de Pablo Schuller. EL tema se ha grabado en Estudios La Pared y el dise\u00f1o de la portada es de Pablo Trillo.<\/p>\n\n\n\n<p>En pocos d\u00edas,\u00a0<strong>GUADA<\/strong>\u00a0se embarca en Latinoam\u00e9rica para actuar el 16 de octubre en Montevideo (Sala Zitarrosa), el\u00a0<strong>19 de octubre en Buenos Aires (La Trastienda)\u00a0<\/strong>y el 27 de octubre en C\u00f3rdoba &#8211; Argentina (Quality Teatro). Las entradas est\u00e1n disponibles en\u00a0<a href=\"https:\/\/linktr.ee\/Guada?utm_source=perfit&amp;utm_medium=email\" target=\"_blank\" rel=\"noreferrer noopener\">https:\/\/linktr.ee\/Guada<\/a>.<\/p>\n\n\n\n<figure class=\"wp-block-embed is-type-video is-provider-youtube wp-block-embed-youtube wp-embed-aspect-16-9 wp-has-aspect-ratio\"><div class=\"wp-block-embed__wrapper\">\n<div class=\"epyt-video-wrapper\"><iframe loading=\"lazy\"  id=\"_ytid_56640\"  width=\"640\" height=\"360\"  data-origwidth=\"640\" data-origheight=\"360\" src=\"https:\/\/www.youtube.com\/embed\/mb_EzgoIHug?enablejsapi=1&#038;autoplay=0&#038;cc_load_policy=0&#038;cc_lang_pref=&#038;iv_load_policy=1&#038;loop=0&#038;rel=1&#038;fs=1&#038;playsinline=0&#038;autohide=2&#038;theme=dark&#038;color=white&#038;controls=1&#038;\" class=\"__youtube_prefs__  epyt-is-override  no-lazyload\" data-vol=\"50\"  title=\"YouTube player\"  allow=\"fullscreen; accelerometer; autoplay; clipboard-write; encrypted-media; gyroscope; picture-in-picture; web-share\" referrerpolicy=\"strict-origin-when-cross-origin\" allowfullscreen data-no-lazy=\"1\" data-skipgform_ajax_framebjll=\"\"><\/iframe><\/div>\n<\/div><\/figure>\n","protected":false},"excerpt":{"rendered":"","protected":false},"author":5,"featured_media":11767,"comment_status":"open","ping_status":"open","sticky":false,"template":"","format":"standard","meta":{"om_disable_all_campaigns":false,"_uf_show_specific_survey":0,"_uf_disable_surveys":false,"footnotes":""},"categories":[36],"tags":[],"class_list":["post-12148","post","type-post","status-publish","format-standard","has-post-thumbnail","hentry","category-conciertos"],"_links":{"self":[{"href":"https:\/\/entrenotasyacordes.com\/index.php?rest_route=\/wp\/v2\/posts\/12148","targetHints":{"allow":["GET"]}}],"collection":[{"href":"https:\/\/entrenotasyacordes.com\/index.php?rest_route=\/wp\/v2\/posts"}],"about":[{"href":"https:\/\/entrenotasyacordes.com\/index.php?rest_route=\/wp\/v2\/types\/post"}],"author":[{"embeddable":true,"href":"https:\/\/entrenotasyacordes.com\/index.php?rest_route=\/wp\/v2\/users\/5"}],"replies":[{"embeddable":true,"href":"https:\/\/entrenotasyacordes.com\/index.php?rest_route=%2Fwp%2Fv2%2Fcomments&post=12148"}],"version-history":[{"count":1,"href":"https:\/\/entrenotasyacordes.com\/index.php?rest_route=\/wp\/v2\/posts\/12148\/revisions"}],"predecessor-version":[{"id":12149,"href":"https:\/\/entrenotasyacordes.com\/index.php?rest_route=\/wp\/v2\/posts\/12148\/revisions\/12149"}],"wp:featuredmedia":[{"embeddable":true,"href":"https:\/\/entrenotasyacordes.com\/index.php?rest_route=\/wp\/v2\/media\/11767"}],"wp:attachment":[{"href":"https:\/\/entrenotasyacordes.com\/index.php?rest_route=%2Fwp%2Fv2%2Fmedia&parent=12148"}],"wp:term":[{"taxonomy":"category","embeddable":true,"href":"https:\/\/entrenotasyacordes.com\/index.php?rest_route=%2Fwp%2Fv2%2Fcategories&post=12148"},{"taxonomy":"post_tag","embeddable":true,"href":"https:\/\/entrenotasyacordes.com\/index.php?rest_route=%2Fwp%2Fv2%2Ftags&post=12148"}],"curies":[{"name":"wp","href":"https:\/\/api.w.org\/{rel}","templated":true}]}}