{"id":12150,"date":"2024-10-18T16:08:45","date_gmt":"2024-10-18T16:08:45","guid":{"rendered":"https:\/\/entrenotasyacordes.com\/?p=12150"},"modified":"2024-10-18T16:08:47","modified_gmt":"2024-10-18T16:08:47","slug":"luciano-pereyra-presenta-mi-primer-amor-su-homenaje-para-todas-las-madres","status":"publish","type":"post","link":"https:\/\/entrenotasyacordes.com\/?p=12150","title":{"rendered":"LUCIANO PEREYRA presenta \u00abMI PRIMER AMOR\u201d, su HOMENAJE para todas LAS MADRES"},"content":{"rendered":"\n<!--more-->\n\n\n\n<p class=\"has-text-align-center\">L<em>uciano Pereyra lanza \u201cMi primer amor\u201d, una canci\u00f3n dedicada a\u00a0todas las<\/em> <em>madres para este d\u00eda y para todos los d\u00edas del a\u00f1o.<\/em><\/p>\n\n\n<div class=\"wp-block-image\">\n<figure class=\"aligncenter size-full is-resized\"><img loading=\"lazy\" decoding=\"async\" width=\"660\" height=\"660\" src=\"https:\/\/entrenotasyacordes.com\/wp-content\/uploads\/2024\/10\/4v.webp\" alt=\"\" class=\"wp-image-12151\" style=\"width:503px;height:auto\" srcset=\"https:\/\/entrenotasyacordes.com\/wp-content\/uploads\/2024\/10\/4v.webp 660w, https:\/\/entrenotasyacordes.com\/wp-content\/uploads\/2024\/10\/4v-300x300.webp 300w, https:\/\/entrenotasyacordes.com\/wp-content\/uploads\/2024\/10\/4v-150x150.webp 150w, https:\/\/entrenotasyacordes.com\/wp-content\/uploads\/2024\/10\/4v-50x50.webp 50w\" sizes=\"auto, (max-width: 660px) 100vw, 660px\" \/><\/figure>\n<\/div>\n\n\n<p>Esta conmovedora canci\u00f3n fue compuesta por Luciano y producida por \u00e9l y Andr\u00e9s Castro.\u00a0<strong>\u201cMi primer amor\u201d<\/strong>\u00a0es una cumbia mel\u00f3dica, con un arreglo de viol\u00edn sacado de la tradicional polka Misionera, un ritmo de la tierra de la mam\u00e1 de Luciano. Hac\u00eda tiempo que Luciano Pereyra quer\u00eda dedicarle una canci\u00f3n a su madre. Como suele ocurrir, el paso del tiempo define nuestras vidas y Luciano sinti\u00f3 que el momento de hacerlo era este.<\/p>\n\n\n\n<div class=\"wp-block-columns is-layout-flex wp-container-core-columns-is-layout-28f84493 wp-block-columns-is-layout-flex\">\n<div class=\"wp-block-column is-layout-flow wp-block-column-is-layout-flow\"><div class=\"wp-block-image\">\n<figure class=\"aligncenter size-full\"><img loading=\"lazy\" decoding=\"async\" width=\"660\" height=\"990\" src=\"https:\/\/entrenotasyacordes.com\/wp-content\/uploads\/2024\/10\/4vv.webp\" alt=\"\" class=\"wp-image-12153\" srcset=\"https:\/\/entrenotasyacordes.com\/wp-content\/uploads\/2024\/10\/4vv.webp 660w, https:\/\/entrenotasyacordes.com\/wp-content\/uploads\/2024\/10\/4vv-200x300.webp 200w\" sizes=\"auto, (max-width: 660px) 100vw, 660px\" \/><\/figure>\n<\/div><\/div>\n\n\n\n<div class=\"wp-block-column is-layout-flow wp-block-column-is-layout-flow\"><div class=\"wp-block-image\">\n<figure class=\"aligncenter size-full\"><img loading=\"lazy\" decoding=\"async\" width=\"660\" height=\"990\" src=\"https:\/\/entrenotasyacordes.com\/wp-content\/uploads\/2024\/10\/4vvv.webp\" alt=\"\" class=\"wp-image-12154\" srcset=\"https:\/\/entrenotasyacordes.com\/wp-content\/uploads\/2024\/10\/4vvv.webp 660w, https:\/\/entrenotasyacordes.com\/wp-content\/uploads\/2024\/10\/4vvv-200x300.webp 200w\" sizes=\"auto, (max-width: 660px) 100vw, 660px\" \/><\/figure>\n<\/div><\/div>\n<\/div>\n\n\n\n<p>As\u00ed lo explica \u00e9l:\u00a0<em>\u201cLa canci\u00f3n habla por si misma, sent\u00ed la necesidad de hacerla para mi mam\u00e1 y termin\u00f3 siendo para todas. El amor que uno siente hacia su madre es dif\u00edcil de explicar. Como no lo puedo contar se lo puedo cantar. Quer\u00eda compartirla con ella, con una m\u00fasica de su tierra, esa que ella a\u00f1ora al escucharla. Hace mucho que quer\u00eda hacerle una canci\u00f3n, y que ella est\u00e9 ah\u00ed, que me quede como un registro del paso del tiempo. Todos los d\u00edas son buenos para dedicarle amor a nuestra madre. Ella es el primer amor.\u201d<\/em><\/p>\n\n\n\n<figure class=\"wp-block-embed is-type-video is-provider-youtube wp-block-embed-youtube wp-embed-aspect-16-9 wp-has-aspect-ratio\"><div class=\"wp-block-embed__wrapper\">\n<div class=\"epyt-video-wrapper\"><iframe loading=\"lazy\"  id=\"_ytid_66740\"  width=\"640\" height=\"360\"  data-origwidth=\"640\" data-origheight=\"360\" src=\"https:\/\/www.youtube.com\/embed\/ghDqqazVOTg?enablejsapi=1&#038;autoplay=0&#038;cc_load_policy=0&#038;cc_lang_pref=&#038;iv_load_policy=1&#038;loop=0&#038;rel=1&#038;fs=1&#038;playsinline=0&#038;autohide=2&#038;theme=dark&#038;color=white&#038;controls=1&#038;\" class=\"__youtube_prefs__  epyt-is-override  no-lazyload\" data-vol=\"50\"  title=\"YouTube player\"  allow=\"fullscreen; accelerometer; autoplay; clipboard-write; encrypted-media; gyroscope; picture-in-picture; web-share\" referrerpolicy=\"strict-origin-when-cross-origin\" allowfullscreen data-no-lazy=\"1\" data-skipgform_ajax_framebjll=\"\"><\/iframe><\/div>\n<\/div><\/figure>\n\n\n\n<p>El video de \u201cMi primer amor\u201d fue dirigido por Mariano Dawison, y termina con un fragmento de Chamam\u00e9 en el que Luciano baila con su madre, que naci\u00f3 en la provincia de Misiones.<\/p>\n\n\n\n<p>Luciano Pereyra est\u00e1 a punto de comenzar una serie hist\u00f3rica de conciertos en el estadio Luna Park de esta capital, junto a Abel Pintos y bajo el t\u00edtulo \u201cEs Ahora\u201d. A partir del pr\u00f3ximo 9 de noviembre comenzar\u00e1 la serie de shows, los primeros 20 de los cuales se agotaron en apenas tres d\u00edas, por lo que fueron abiertas otras 10 fechas en diciembre, totalizando un r\u00e9cord de 30 conciertos hasta la fecha.<\/p>\n\n\n<div class=\"wp-block-image\">\n<figure class=\"aligncenter size-full is-resized\"><img loading=\"lazy\" decoding=\"async\" width=\"651\" height=\"657\" src=\"https:\/\/entrenotasyacordes.com\/wp-content\/uploads\/2024\/10\/4vvvv-1.webp\" alt=\"\" class=\"wp-image-12155\" style=\"width:568px;height:auto\" srcset=\"https:\/\/entrenotasyacordes.com\/wp-content\/uploads\/2024\/10\/4vvvv-1.webp 651w, https:\/\/entrenotasyacordes.com\/wp-content\/uploads\/2024\/10\/4vvvv-1-297x300.webp 297w, https:\/\/entrenotasyacordes.com\/wp-content\/uploads\/2024\/10\/4vvvv-1-150x150.webp 150w, https:\/\/entrenotasyacordes.com\/wp-content\/uploads\/2024\/10\/4vvvv-1-50x50.webp 50w\" sizes=\"auto, (max-width: 651px) 100vw, 651px\" \/><\/figure>\n<\/div>\n\n\n<p><strong>FUNCIONES AGOTADAS<\/strong><\/p>\n\n\n\n<p><strong>NOVIEMBRE &#8211; SOLD OUT<\/strong><br>9 &#8211; 10 -13 -15 -16 &#8211; 17- 20 &#8211; 22 &#8211; 23 &#8211; 24 &#8211; 27- 29 &#8211; 30<\/p>\n\n\n\n<p><strong>DICIEMBRE &#8211; SOLD OUT<\/strong><br>1 &#8211; 4 &#8211; 6 &#8211; 7- 8 -11-13<\/p>\n\n\n\n<p><strong>\u00a1NUEVAS Y \u00daLTIMAS!<\/strong><br><strong>14 &#8211; 15 &#8211; 18 &#8211; 20 &#8211; 21 &#8211; 22 &#8211; 26 &#8211; 27 &#8211; 28 &#8211; 29\u00a0DICIEMBRE<\/strong><\/p>\n","protected":false},"excerpt":{"rendered":"","protected":false},"author":5,"featured_media":12153,"comment_status":"open","ping_status":"open","sticky":false,"template":"","format":"standard","meta":{"om_disable_all_campaigns":false,"_uf_show_specific_survey":0,"_uf_disable_surveys":false,"footnotes":""},"categories":[4],"tags":[],"class_list":["post-12150","post","type-post","status-publish","format-standard","has-post-thumbnail","hentry","category-musica"],"_links":{"self":[{"href":"https:\/\/entrenotasyacordes.com\/index.php?rest_route=\/wp\/v2\/posts\/12150","targetHints":{"allow":["GET"]}}],"collection":[{"href":"https:\/\/entrenotasyacordes.com\/index.php?rest_route=\/wp\/v2\/posts"}],"about":[{"href":"https:\/\/entrenotasyacordes.com\/index.php?rest_route=\/wp\/v2\/types\/post"}],"author":[{"embeddable":true,"href":"https:\/\/entrenotasyacordes.com\/index.php?rest_route=\/wp\/v2\/users\/5"}],"replies":[{"embeddable":true,"href":"https:\/\/entrenotasyacordes.com\/index.php?rest_route=%2Fwp%2Fv2%2Fcomments&post=12150"}],"version-history":[{"count":1,"href":"https:\/\/entrenotasyacordes.com\/index.php?rest_route=\/wp\/v2\/posts\/12150\/revisions"}],"predecessor-version":[{"id":12156,"href":"https:\/\/entrenotasyacordes.com\/index.php?rest_route=\/wp\/v2\/posts\/12150\/revisions\/12156"}],"wp:featuredmedia":[{"embeddable":true,"href":"https:\/\/entrenotasyacordes.com\/index.php?rest_route=\/wp\/v2\/media\/12153"}],"wp:attachment":[{"href":"https:\/\/entrenotasyacordes.com\/index.php?rest_route=%2Fwp%2Fv2%2Fmedia&parent=12150"}],"wp:term":[{"taxonomy":"category","embeddable":true,"href":"https:\/\/entrenotasyacordes.com\/index.php?rest_route=%2Fwp%2Fv2%2Fcategories&post=12150"},{"taxonomy":"post_tag","embeddable":true,"href":"https:\/\/entrenotasyacordes.com\/index.php?rest_route=%2Fwp%2Fv2%2Ftags&post=12150"}],"curies":[{"name":"wp","href":"https:\/\/api.w.org\/{rel}","templated":true}]}}