{"id":12234,"date":"2024-10-24T13:23:20","date_gmt":"2024-10-24T13:23:20","guid":{"rendered":"https:\/\/entrenotasyacordes.com\/?p=12234"},"modified":"2024-10-24T13:23:21","modified_gmt":"2024-10-24T13:23:21","slug":"niall-horan-regresa-a-argentina-con-su-gira-the-show-live-on-tour%f0%9f%94%a5","status":"publish","type":"post","link":"https:\/\/entrenotasyacordes.com\/?p=12234","title":{"rendered":"Niall Horan regresa a Argentina con su gira \u201cThe Show Live On Tour\u201d\ud83d\udd25"},"content":{"rendered":"\n<!--more-->\n\n\n\n<p>El cantante irland\u00e9s regres\u00f3 a la Argentina con su gira \u201cThe Show Live On Tour\u201d despu\u00e9s de seis a\u00f1os los fans disfrutaron de su m\u00fasica en el Movistar Arena, que cont\u00f3 con la presencia sorpresa de Liam Payne cantando en la platea.<\/p>\n\n\n\n<p>El show comenz\u00f3 apenas pasadas las 21 con con \u201cNice to Meet You\u201d, el single principal del disco Heartbreak Weather, y \u201cSmall Talk\u201d, con un mashup del potente cover de \u201cEdge of Seventeen\u201d de Stevie Nicks. Seguido de \u201cOn a Night Like Tonight\u201d, la primera canci\u00f3n de The Show de la noche, inaugurando un segmento dedicado a este \u00e1lbum incluyendo a \u201cSave My Life\u201d.<\/p>\n\n\n\n<p>Horan deleit\u00f3 a la audiencia con un set de temas ac\u00fasticos: \u201cPaper houses\u201d, \u201cThis Town\u201d y \u201cYou Could Start a Cult\u201d, brillando en la simpleza de la guitarra y voz, generando un ambiente \u00edntimo en el estadio, mientras frenaba entre canciones para mirar, asombrado, al p\u00fablico argentino, que fue un participante clave durante toda la noche.<br><br>El show sigui\u00f3 con un segmento plagado de canciones movidas y el\u00e9ctricas, comenzando por \u201cHeaven\u201d, seguida de \u201cIf You Leave Me\u201d. Pero sin duda la noche lleg\u00f3 a su pico m\u00e1ximo cuando sonaron los acordes de \u201cStockholm Syndrome\u201d de One Direction, y el p\u00fablico festej\u00f3 euf\u00f3rico.<\/p>\n\n\n\n<p>Como broche de oro, Niall les regal\u00f3 a sus fans unos bises para el recuerdo cerrando la noche con \u201cHeartbreak Weather\u201d y \u201cSlow Hands\u201d.&nbsp;<\/p>\n\n\n\n<p>\u270d\ufe0f\u00a0<a href=\"https:\/\/www.instagram.com\/melodyluceropr1\/\">@melodyluceropr1<\/a><br>\ud83d\udcf8\u00a0<a href=\"https:\/\/www.instagram.com\/dfentertainment\/\">@dfentertainment<\/a><\/p>\n\n\n\n<figure class=\"wp-block-gallery has-nested-images columns-default is-cropped wp-block-gallery-1 is-layout-flex wp-block-gallery-is-layout-flex\">\n<figure class=\"wp-block-image size-large\"><img loading=\"lazy\" decoding=\"async\" width=\"819\" height=\"1024\" data-id=\"12260\" src=\"https:\/\/entrenotasyacordes.com\/wp-content\/uploads\/2024\/10\/Publicaciones-Verticales-Dividida-6-819x1024.png\" alt=\"\" class=\"wp-image-12260\" srcset=\"https:\/\/entrenotasyacordes.com\/wp-content\/uploads\/2024\/10\/Publicaciones-Verticales-Dividida-6-819x1024.png 819w, https:\/\/entrenotasyacordes.com\/wp-content\/uploads\/2024\/10\/Publicaciones-Verticales-Dividida-6-240x300.png 240w, https:\/\/entrenotasyacordes.com\/wp-content\/uploads\/2024\/10\/Publicaciones-Verticales-Dividida-6-768x960.png 768w, https:\/\/entrenotasyacordes.com\/wp-content\/uploads\/2024\/10\/Publicaciones-Verticales-Dividida-6-1024x1280.png 1024w, https:\/\/entrenotasyacordes.com\/wp-content\/uploads\/2024\/10\/Publicaciones-Verticales-Dividida-6.png 1080w\" sizes=\"auto, (max-width: 819px) 100vw, 819px\" \/><\/figure>\n\n\n\n<figure class=\"wp-block-image size-large\"><img loading=\"lazy\" decoding=\"async\" width=\"819\" height=\"1024\" data-id=\"12262\" src=\"https:\/\/entrenotasyacordes.com\/wp-content\/uploads\/2024\/10\/Publicaciones-Verticales-Dividida-5-819x1024.png\" alt=\"\" class=\"wp-image-12262\" srcset=\"https:\/\/entrenotasyacordes.com\/wp-content\/uploads\/2024\/10\/Publicaciones-Verticales-Dividida-5-819x1024.png 819w, https:\/\/entrenotasyacordes.com\/wp-content\/uploads\/2024\/10\/Publicaciones-Verticales-Dividida-5-240x300.png 240w, https:\/\/entrenotasyacordes.com\/wp-content\/uploads\/2024\/10\/Publicaciones-Verticales-Dividida-5-768x960.png 768w, https:\/\/entrenotasyacordes.com\/wp-content\/uploads\/2024\/10\/Publicaciones-Verticales-Dividida-5-1024x1280.png 1024w, https:\/\/entrenotasyacordes.com\/wp-content\/uploads\/2024\/10\/Publicaciones-Verticales-Dividida-5.png 1080w\" sizes=\"auto, (max-width: 819px) 100vw, 819px\" \/><\/figure>\n\n\n\n<figure class=\"wp-block-image size-large\"><img loading=\"lazy\" decoding=\"async\" width=\"1024\" height=\"683\" data-id=\"12261\" src=\"https:\/\/entrenotasyacordes.com\/wp-content\/uploads\/2024\/10\/B39434B7-DDC8-4DEC-8BF1-1AF804C8FFFE-1024x683.jpeg\" alt=\"\" class=\"wp-image-12261\" srcset=\"https:\/\/entrenotasyacordes.com\/wp-content\/uploads\/2024\/10\/B39434B7-DDC8-4DEC-8BF1-1AF804C8FFFE-1024x683.jpeg 1024w, https:\/\/entrenotasyacordes.com\/wp-content\/uploads\/2024\/10\/B39434B7-DDC8-4DEC-8BF1-1AF804C8FFFE-300x200.jpeg 300w, https:\/\/entrenotasyacordes.com\/wp-content\/uploads\/2024\/10\/B39434B7-DDC8-4DEC-8BF1-1AF804C8FFFE-768x512.jpeg 768w, https:\/\/entrenotasyacordes.com\/wp-content\/uploads\/2024\/10\/B39434B7-DDC8-4DEC-8BF1-1AF804C8FFFE-1536x1025.jpeg 1536w, https:\/\/entrenotasyacordes.com\/wp-content\/uploads\/2024\/10\/B39434B7-DDC8-4DEC-8BF1-1AF804C8FFFE-2048x1366.jpeg 2048w\" sizes=\"auto, (max-width: 1024px) 100vw, 1024px\" \/><\/figure>\n\n\n\n<figure class=\"wp-block-image size-large\"><img loading=\"lazy\" decoding=\"async\" width=\"1024\" height=\"683\" data-id=\"12263\" src=\"https:\/\/entrenotasyacordes.com\/wp-content\/uploads\/2024\/10\/2fe432f9-f297-47dc-8fc5-bdcd5f43e29b-1024x683.jpg\" alt=\"\" class=\"wp-image-12263\" srcset=\"https:\/\/entrenotasyacordes.com\/wp-content\/uploads\/2024\/10\/2fe432f9-f297-47dc-8fc5-bdcd5f43e29b-1024x683.jpg 1024w, https:\/\/entrenotasyacordes.com\/wp-content\/uploads\/2024\/10\/2fe432f9-f297-47dc-8fc5-bdcd5f43e29b-300x200.jpg 300w, https:\/\/entrenotasyacordes.com\/wp-content\/uploads\/2024\/10\/2fe432f9-f297-47dc-8fc5-bdcd5f43e29b-768x512.jpg 768w, https:\/\/entrenotasyacordes.com\/wp-content\/uploads\/2024\/10\/2fe432f9-f297-47dc-8fc5-bdcd5f43e29b-1536x1024.jpg 1536w, https:\/\/entrenotasyacordes.com\/wp-content\/uploads\/2024\/10\/2fe432f9-f297-47dc-8fc5-bdcd5f43e29b.jpg 1600w\" sizes=\"auto, (max-width: 1024px) 100vw, 1024px\" \/><\/figure>\n<\/figure>\n\n\n\n<p><\/p>\n","protected":false},"excerpt":{"rendered":"","protected":false},"author":5,"featured_media":12259,"comment_status":"open","ping_status":"open","sticky":false,"template":"","format":"standard","meta":{"om_disable_all_campaigns":false,"_uf_show_specific_survey":0,"_uf_disable_surveys":false,"footnotes":""},"categories":[7],"tags":[],"class_list":["post-12234","post","type-post","status-publish","format-standard","has-post-thumbnail","hentry","category-coberturas"],"_links":{"self":[{"href":"https:\/\/entrenotasyacordes.com\/index.php?rest_route=\/wp\/v2\/posts\/12234","targetHints":{"allow":["GET"]}}],"collection":[{"href":"https:\/\/entrenotasyacordes.com\/index.php?rest_route=\/wp\/v2\/posts"}],"about":[{"href":"https:\/\/entrenotasyacordes.com\/index.php?rest_route=\/wp\/v2\/types\/post"}],"author":[{"embeddable":true,"href":"https:\/\/entrenotasyacordes.com\/index.php?rest_route=\/wp\/v2\/users\/5"}],"replies":[{"embeddable":true,"href":"https:\/\/entrenotasyacordes.com\/index.php?rest_route=%2Fwp%2Fv2%2Fcomments&post=12234"}],"version-history":[{"count":1,"href":"https:\/\/entrenotasyacordes.com\/index.php?rest_route=\/wp\/v2\/posts\/12234\/revisions"}],"predecessor-version":[{"id":12264,"href":"https:\/\/entrenotasyacordes.com\/index.php?rest_route=\/wp\/v2\/posts\/12234\/revisions\/12264"}],"wp:featuredmedia":[{"embeddable":true,"href":"https:\/\/entrenotasyacordes.com\/index.php?rest_route=\/wp\/v2\/media\/12259"}],"wp:attachment":[{"href":"https:\/\/entrenotasyacordes.com\/index.php?rest_route=%2Fwp%2Fv2%2Fmedia&parent=12234"}],"wp:term":[{"taxonomy":"category","embeddable":true,"href":"https:\/\/entrenotasyacordes.com\/index.php?rest_route=%2Fwp%2Fv2%2Fcategories&post=12234"},{"taxonomy":"post_tag","embeddable":true,"href":"https:\/\/entrenotasyacordes.com\/index.php?rest_route=%2Fwp%2Fv2%2Ftags&post=12234"}],"curies":[{"name":"wp","href":"https:\/\/api.w.org\/{rel}","templated":true}]}}