{"id":12299,"date":"2024-10-24T22:37:04","date_gmt":"2024-10-24T22:37:04","guid":{"rendered":"https:\/\/entrenotasyacordes.com\/?p=12299"},"modified":"2024-10-24T22:37:05","modified_gmt":"2024-10-24T22:37:05","slug":"luego-de-su-exitosa-gira-por-mexico-ser-estreno-su-nuevo-single-cuando-llegaste-junto-a-la-cantante-mexicana-marissa-mur","status":"publish","type":"post","link":"https:\/\/entrenotasyacordes.com\/?p=12299","title":{"rendered":"Luego de su exitosa gira por M\u00e9xico SER estren\u00f3 su nuevo single \u201cCuando Llegaste\u201d junto a la cantante mexicana Marissa Mur"},"content":{"rendered":"\n<!--more-->\n\n\n\n<p class=\"has-text-align-center\"><em><u>Con la participaci\u00f3n de<\/u>:<\/em><\/p>\n\n\n\n<p class=\"has-text-align-center\"><strong>Diego Blanco <\/strong>(teclados) y<strong> Marcelo Blanco<\/strong> (percusi\u00f3n) de <strong>LOS PERICOS<\/strong><br>Arreglos de brass por: <strong>Hammadi Bayard<\/strong> <em>(Alejandro Sanz, Ricky Martin, Arjona, Prince Royce)<\/em><\/p>\n\n\n<div class=\"wp-block-image\">\n<figure class=\"aligncenter size-full is-resized\"><img loading=\"lazy\" decoding=\"async\" width=\"746\" height=\"746\" src=\"https:\/\/entrenotasyacordes.com\/wp-content\/uploads\/2024\/10\/1.jpg\" alt=\"\" class=\"wp-image-12300\" style=\"width:503px;height:auto\" srcset=\"https:\/\/entrenotasyacordes.com\/wp-content\/uploads\/2024\/10\/1.jpg 746w, https:\/\/entrenotasyacordes.com\/wp-content\/uploads\/2024\/10\/1-300x300.jpg 300w, https:\/\/entrenotasyacordes.com\/wp-content\/uploads\/2024\/10\/1-150x150.jpg 150w, https:\/\/entrenotasyacordes.com\/wp-content\/uploads\/2024\/10\/1-50x50.jpg 50w\" sizes=\"auto, (max-width: 746px) 100vw, 746px\" \/><\/figure>\n<\/div>\n\n\n<p>Recientemente llegados de su <strong><em>segunda gira en el a\u00f1o por M\u00e9xico<\/em><\/strong>, la banda argentina <strong>SER <\/strong>estrena su nuevo single <strong><em><u>\u201cCuando Llegaste\u201d<\/u><\/em><\/strong> junto a la cantante mexicana <strong>Marissa Mur<\/strong>, que <a href=\"https:\/\/virginmusicargentina.lnk.to\/CuandoLlegaste\">ya se encuentra disponible en todas las plataformas<\/a> a trav\u00e9s de Virgin Music Group.<\/p>\n\n\n\n<p><strong><em><u>\u201cCuando Llegaste\u201d<\/u><\/em><\/strong> es un <strong>dulce latin pop <\/strong>escrita por Fede Berdullas (cantante y compositor de <strong>SER<\/strong>), quien tambi\u00e9n ide\u00f3 el arte de tapa del single y el <a href=\"https:\/\/www.youtube.com\/watch?v=jP0oD-sjhyE\">lyric video<\/a> que acompa\u00f1a la canci\u00f3n.<\/p>\n\n\n\n<p>La maleta de la portada representa la idea de viaje en el tiempo, llegar a nuevas y mejores versiones de uno mismo y los v\u00ednculos m\u00e1s cercanos.&nbsp; Los stickers pegados en la valija son un gui\u00f1o al <em>sonido latinoamericano de la canci\u00f3n <\/em>y del nuevo \u00e1lbum de <strong>SER<\/strong> que saldr\u00e1 antes de fin de a\u00f1o.<\/p>\n\n\n\n<p>La canci\u00f3n cuenta con <strong>arreglos <\/strong>de<em> brass<\/em>del maestro cubano<strong> Hammadi Bayard<\/strong> <em>(<strong>Alejandro Sanz, Ricky Martin, Arjona, Prince Royce<\/strong><\/em>, entre otros).&nbsp; En teclados y percusi\u00f3n participan los hermanos <strong>Diego Blanco<\/strong> y <strong>Marcelo Blanco <\/strong>de <strong>Los Pericos<\/strong>.<\/p>\n\n\n\n<p><a href=\"https:\/\/virginmusicargentina.lnk.to\/CuandoLlegaste\"><strong><em>\u201cCuando Llegaste\u201d<\/em><\/strong><\/a> fue grabada en <strong>Estudio Sonor\u00e1mica<\/strong> (Traslasierra, C\u00f3rdoba),producida por Diego \u201cChapa\u201d Blanco (Los Pericos) y masterizada por Chris Wright (Ed Sheeran, Coldplay, Blur) en <strong>Abbey Road Studios, London, UK<\/strong><\/p>\n\n\n\n<p><strong>Fede Berdullas<\/strong> coment\u00f3: <em>\u201ces una canci\u00f3n que tiene muy lindas frases, el texto me gusta mucho, las voces de Marissa Mur le dan una dulzura \u00edntima muy interesante y los arreglos cubanos de brass son brillantes!\u201d<\/em><\/p>\n\n\n\n<p>Esta no es la primera colaboraci\u00f3n de <strong>SER<\/strong> con artistas de M\u00e9xico: en 2023 lanzaron <strong><u>\u201cEl Anillo y Vos\u201d<\/u><\/strong> junto a <strong>Paty Cant\u00fa<\/strong> y a principios de este a\u00f1o <strong><u>\u201cDame M\u00e1s\u201d<\/u><\/strong> junto a <strong>Dr. Shenka <\/strong>de <strong>Pante\u00f3n Rococ\u00f3.&nbsp; <\/strong><em>Ambas canciones llegaron al Top 5 del Chart Nacional de Airplay (Radio y TV) de Argentina.<\/em><\/p>\n\n\n\n<p><strong>SER<\/strong><strong> <\/strong>regres\u00f3 esta semana de su <strong>segunda gira en el a\u00f1o por M\u00e9xico<\/strong> en el marco de <strong><em>\u201cLa Vida Baila Tour\u201d<\/em><\/strong>.&nbsp; El primer concierto se llev\u00f3 a cabo en el hist\u00f3rico <strong>Teatro Diana <\/strong>de <strong>Guadalajara<\/strong> junto a <strong>Los Pericos<\/strong>.&nbsp; La gira continu\u00f3 por <strong>Ciudad de M\u00e9xico<\/strong> y <strong>Puebla <\/strong>con venues sold outs.<\/p>\n\n\n\n<p>La banda viene de un <strong>extraordinario a\u00f1o<\/strong> recorriendo Argentina present\u00e1ndose en los principales escenarios del pa\u00eds como: <a href=\"https:\/\/www.instagram.com\/p\/C4N-u5GLUwm\/\">\u201c<em>Festival del Malbec y el Olivo (Vendimia)\u201d<\/em><\/a><em>, <\/em><a href=\"https:\/\/www.instagram.com\/p\/C3sd7qHrbeu\/\"><em>\u201cFiesta Nacional de la Cerveza Artesanal\u201d<\/em><\/a><em>, <\/em><a href=\"https:\/\/www.instagram.com\/p\/C3DQZFAL2u1\/\"><em>\u201cFestival Encuentro de las Naciones\u201d<\/em><\/a><em>, <\/em><a href=\"https:\/\/www.instagram.com\/p\/C8KTursgdSC\/\"><em>\u201cFestival Oto\u00f1o por la Vida\u201d<\/em><\/a><em>, <\/em><a href=\"https:\/\/www.instagram.com\/p\/C6_oh6Fr_Lr\/\"><em>\u201cNiceto Club\u201d<\/em><\/a><em>, <\/em><a href=\"https:\/\/www.instagram.com\/p\/DA8vPK0vunq\/\"><em>\u201cFestival Vivimos M\u00fasica\u201d<\/em><\/a><em>, <\/em><a href=\"https:\/\/www.instagram.com\/p\/DAq031RPIlu\/\"><em>\u201cFiesta de Primavera de Villa Carlos Paz\u201d (ante m\u00e1s de 110.000 personas)<\/em><\/a><em>, entre muchos conciertos m\u00e1s.&nbsp;<\/em><\/p>\n\n\n\n<p>El pr\u00f3ximo 18 de noviembre tocar\u00e1n como artistas invitados en el concierto del artista espa\u00f1ol <strong>Beret <\/strong>que se llevar\u00e1 a caboen el <strong>Teatro Coliseo<\/strong> de la Ciudad de Buenos Aires.<\/p>\n\n\n<div class=\"wp-block-image\">\n<figure class=\"aligncenter size-full is-resized\"><img loading=\"lazy\" decoding=\"async\" width=\"830\" height=\"830\" src=\"https:\/\/entrenotasyacordes.com\/wp-content\/uploads\/2024\/10\/1a.jpg\" alt=\"\" class=\"wp-image-12301\" style=\"width:694px;height:auto\" srcset=\"https:\/\/entrenotasyacordes.com\/wp-content\/uploads\/2024\/10\/1a.jpg 830w, https:\/\/entrenotasyacordes.com\/wp-content\/uploads\/2024\/10\/1a-300x300.jpg 300w, https:\/\/entrenotasyacordes.com\/wp-content\/uploads\/2024\/10\/1a-150x150.jpg 150w, https:\/\/entrenotasyacordes.com\/wp-content\/uploads\/2024\/10\/1a-768x768.jpg 768w, https:\/\/entrenotasyacordes.com\/wp-content\/uploads\/2024\/10\/1a-50x50.jpg 50w\" sizes=\"auto, (max-width: 830px) 100vw, 830px\" \/><figcaption class=\"wp-element-caption\"><strong>SER<\/strong> (ph. Paco Gi\u00fadice)<br>De izquierda a derecha: Juan Zangrilli, Fede Berdullas, Leandro Emanuele<\/figcaption><\/figure>\n<\/div>\n\n\n<p><strong><u>Sobre <\/u><\/strong><strong><u>SER<\/u><\/strong><strong><u>:<\/u><\/strong><\/p>\n\n\n\n<p><strong>SER<\/strong> es una banda argentina de pop latino, descubiertos por <strong>Zeta Bosio<\/strong> <strong><em>(Soda Stereo<\/em><\/strong><strong><em>) <\/em><\/strong>con2 nominaciones a los <strong>PREMIOS GARDEL <\/strong>incluyendo<strong> MEJOR \u00c1LBUM <\/strong>por \u201cCriaturas\u201dy producidos por Chapa Blanco de <strong>LOS PERICOS.<\/strong><\/p>\n\n\n\n<p>La&nbsp;buena vibra caracter\u00edstica de&nbsp;<strong>SER<\/strong> se transmite en cada una de sus canciones lo que los llev\u00f3 a posicionar sus singles <em><u>entre los temas m\u00e1s rotados de las radios y canales de TV de Argentina<\/u>.&nbsp;&nbsp;<\/em><\/p>\n\n\n\n<p><em>Solo en el \u00faltimo a\u00f1o colocaron<strong> 5 canciones Top 10 en el Chart Nacional de radios:<\/strong><\/em><\/p>\n\n\n\n<p><a href=\"https:\/\/www.youtube.com\/watch?v=-ErN7XtOGbw\"><em>\u201cEl Anillo y Vos\u201d<\/em><\/a> con la estrella mexicana <strong>Paty Cant\u00fa lleg\u00f3 al #5<\/strong>,<\/p>\n\n\n\n<p><a href=\"https:\/\/www.youtube.com\/watch?v=AhCwcyWZW0A\"><em>\u201cEsta Noche\u201d<\/em><\/a> ft el artista brasile\u00f1o <strong>Thiago Muller<\/strong> (cantado en espa\u00f1ol y portugu\u00e9s) al <strong>#4<\/strong>,<\/p>\n\n\n\n<p><a href=\"https:\/\/www.youtube.com\/watch?v=IfK3CryPF8Q\"><em>\u201cMy Love\u201d<\/em><\/a> ft <strong>King Vvibe<\/strong> (rappero de la serie de Netflix Rhythm + Flow) <strong>#1<\/strong> debut Hot Song y<\/p>\n\n\n\n<p><a href=\"https:\/\/www.youtube.com\/watch?v=zF0XcrkDsJs\"><em>\u201cDame M\u00e1s\u201d<\/em><\/a> junto a <strong>Dr. Shenka<\/strong> (Pante\u00f3n Rococ\u00f3) con la participaci\u00f3n de Agus y Marcos de <strong>Los Caligaris<\/strong> + Diego y Marcelo de <strong>Los Pericos<\/strong>, canci\u00f3n que tambi\u00e9n lleg\u00f3 al #1 del Chart Nacional de radios de Argentina.<\/p>\n\n\n\n<p>Su m\u00e1s reciente single <a href=\"https:\/\/www.youtube.com\/watch?v=QrVgkECpvUI\">\u201cLa Vida Baila\u201d<\/a> feat el artista colombiano <strong>Salo, <\/strong>es un verdadero himno de esperanza que se ubic\u00f3 en el <em>puesto <strong>#9 en el Chart Top 100 Argentina que mide las canciones m\u00e1s pasadas <\/strong><\/em><strong>en radio y televisi\u00f3n <\/strong><em>(Fuente: Vericast\/BMat)<\/em> y <strong><em>#3 del Hot Song Chart<\/em> <\/strong><em>(Fuente: Monitor Latino).<\/em><\/p>\n\n\n\n<p>Los <strong>conciertos de<\/strong> <strong>SER<\/strong> son una fiesta de m\u00fasica popular donde conviven ritmos latinos, pop, rock, reggae, tropipop, ska, hip-hop, cumbia y baile.&nbsp; La banda se presenta en vivo con imponente vestuario y visuales incre\u00edbles.&nbsp; Un espect\u00e1culo bien arriba, colorido y con muy buena vibra, es por ello que se han presentado en los principales<a href=\"https:\/\/www.instagram.com\/p\/C4N-u5GLUwm\/\">festivales<\/a> y <a href=\"https:\/\/www.instagram.com\/p\/C3sd7qHrbeu\/\">fiestas nacionales<\/a><strong> <\/strong>de todo el pa\u00eds,<a href=\"https:\/\/www.instagram.com\/p\/CwGiqWFMpop\/\">Paraguay<\/a> y <a href=\"https:\/\/www.instagram.com\/p\/Cq9LVLprTo7\/\">M\u00e9xico<\/a>.&nbsp; Adem\u00e1s, fueron elegidos para alentar a la <a href=\"https:\/\/www.instagram.com\/p\/ClkG-Yuj0Lx\/\">Selecci\u00f3n Argentina<\/a> en el <strong>Fan Fest<\/strong> durante el <strong>Mundial Qatar 2022<\/strong> y por el grandioso <a href=\"https:\/\/www.instagram.com\/p\/CvKngnwtkTt\/\">CIRQUE DU SOLEIL<\/a><strong><u> <\/u><\/strong>para tocar en la fiesta de cierre de su gira mundial \u201cBazzar\u201d (2023).<\/p>\n\n\n\n<p><strong><em><u>SER<\/u><\/em><\/strong><em><u> <\/u><\/em><em><u>ha colaborado con muchos artistas de Hispanoam\u00e9rica incluyendo:<\/u><\/em><\/p>\n\n\n\n<p><strong>Dr. Shenka <\/strong>(Pante\u00f3n Rococ\u00f3,<em>M\u00e9xico<\/em>)<strong>, Paty Cant\u00fa <\/strong><em>(M\u00e9xico)<\/em><strong>, Marissa Mur <\/strong>(M\u00e9xico)<strong>, Salo <\/strong><em>(Colombia)<\/em>, <strong>Thiago Muller<\/strong> <em>(Brasil),<\/em> <strong>King Vvibe<\/strong> <em>(USA)<\/em>, <strong>Hammadi Bayard<\/strong> <em>(Cuba)<\/em><strong>, Jordan Mazza<\/strong> <em>(Per\u00fa)<\/em>, <strong>Ni\u00f1o Seve<\/strong> <em>(Espa\u00f1a)<\/em> y de <em>Argentina<\/em>: <strong>Jorge Serrano<\/strong> <em>(Los Aut\u00e9nticos Decadentes)<\/em>, <strong>Juanchi Baleir\u00f3n, Diego Blanco <\/strong>y <strong>Marcelo Blanco<\/strong> <em>(Los Pericos)<\/em>, <strong>Agust\u00edn Cuadrado<\/strong> y<strong> Marcos Ozamis<\/strong> <em>(Los Caligaris)<\/em>, <strong>Demi\u00e1n Marcelino<\/strong> <em>(Los Cafres)<\/em>, <strong>Germ\u00e1n \u00c1lvarez<\/strong> <em>(Todos Tus Muertos)<\/em>, <strong>Fabiana Cantilo, Tweety Gonz\u00e1lez, Gringui Herrera, Mavi D\u00edaz, Willy Crook <\/strong>y <strong>Ulises Butr\u00f3n.<\/strong><\/p>\n\n\n\n<p>Han compartido escenario con <strong>Queen + Adam Lambert,<\/strong> <strong>Alejandro Sanz,<\/strong> <strong>Romeo Santos<\/strong>, <strong>Calle 13,<\/strong> <strong>MAGIC, Jack Johnson, Paty Cant\u00fa, Cristian Castro, Los Pericos, Luck Ra, La K\u2019onga, YSY A, Los Caligaris, Kapanga, Los Aut\u00e9nticos Decadentes, La Beriso <\/strong>y muchos m\u00e1s.<\/p>\n","protected":false},"excerpt":{"rendered":"","protected":false},"author":5,"featured_media":12300,"comment_status":"open","ping_status":"open","sticky":false,"template":"","format":"standard","meta":{"om_disable_all_campaigns":false,"_uf_show_specific_survey":0,"_uf_disable_surveys":false,"footnotes":""},"categories":[4],"tags":[],"class_list":["post-12299","post","type-post","status-publish","format-standard","has-post-thumbnail","hentry","category-musica"],"_links":{"self":[{"href":"https:\/\/entrenotasyacordes.com\/index.php?rest_route=\/wp\/v2\/posts\/12299","targetHints":{"allow":["GET"]}}],"collection":[{"href":"https:\/\/entrenotasyacordes.com\/index.php?rest_route=\/wp\/v2\/posts"}],"about":[{"href":"https:\/\/entrenotasyacordes.com\/index.php?rest_route=\/wp\/v2\/types\/post"}],"author":[{"embeddable":true,"href":"https:\/\/entrenotasyacordes.com\/index.php?rest_route=\/wp\/v2\/users\/5"}],"replies":[{"embeddable":true,"href":"https:\/\/entrenotasyacordes.com\/index.php?rest_route=%2Fwp%2Fv2%2Fcomments&post=12299"}],"version-history":[{"count":1,"href":"https:\/\/entrenotasyacordes.com\/index.php?rest_route=\/wp\/v2\/posts\/12299\/revisions"}],"predecessor-version":[{"id":12302,"href":"https:\/\/entrenotasyacordes.com\/index.php?rest_route=\/wp\/v2\/posts\/12299\/revisions\/12302"}],"wp:featuredmedia":[{"embeddable":true,"href":"https:\/\/entrenotasyacordes.com\/index.php?rest_route=\/wp\/v2\/media\/12300"}],"wp:attachment":[{"href":"https:\/\/entrenotasyacordes.com\/index.php?rest_route=%2Fwp%2Fv2%2Fmedia&parent=12299"}],"wp:term":[{"taxonomy":"category","embeddable":true,"href":"https:\/\/entrenotasyacordes.com\/index.php?rest_route=%2Fwp%2Fv2%2Fcategories&post=12299"},{"taxonomy":"post_tag","embeddable":true,"href":"https:\/\/entrenotasyacordes.com\/index.php?rest_route=%2Fwp%2Fv2%2Ftags&post=12299"}],"curies":[{"name":"wp","href":"https:\/\/api.w.org\/{rel}","templated":true}]}}