{"id":12303,"date":"2024-10-24T22:44:37","date_gmt":"2024-10-24T22:44:37","guid":{"rendered":"https:\/\/entrenotasyacordes.com\/?p=12303"},"modified":"2024-10-24T22:44:39","modified_gmt":"2024-10-24T22:44:39","slug":"xavi-el-artista-mexicano-revelacion-anuncia-su-primer-album","status":"publish","type":"post","link":"https:\/\/entrenotasyacordes.com\/?p=12303","title":{"rendered":"XAVI, EL ARTISTA MEXICANO REVELACI\u00d3N ANUNCIA SU PRIMER \u00c1LBUM"},"content":{"rendered":"\n<!--more-->\n\n\n\n<p class=\"has-text-align-left\">Con m\u00e1s de 15 millones seguidores en sus plataformas digitales, el joven de 20 a\u00f1os presenta \u201c<a target=\"_blank\" href=\"https:\/\/instagramc.tr.pemsv30.net\/c\/eyJhIjoiaW5zdGFncmFtYyIsIm0iOiJtYWlsX2NtMmV0dmo1cmVhZzAwYTcwYjdzcXpwamkiLCJsIjoibGlua181ZWNkZTEyNGExZTJmMDYwNTA2YzY2YzliNTE0OTAzM2JjODYzNGZhXzkzYTNlYyIsImkiOltdLCJ1IjoiaHR0cHM6Ly93d3cueW91dHViZS5jb20vd2F0Y2g_dj1HbUpJYVpFOGNXRSZ1dG1fc291cmNlPXBlcmZpdCZ1dG1fbWVkaXVtPWVtYWlsJnV0bV9jYW1wYWlnbj1YQVZJJTIwJTdDJTIwQU5VTkNJTyUyMCVDMyU4MUxCVU0iLCJjIjoiIiwiaCI6IjI3NjZlNiJ9\" rel=\"noreferrer noopener\">Next<\/a>\u201d, su \u00f3pera prima discogr\u00e1fica, que sali\u00f3 junto a un videoclip hom\u00f3nimo.<\/p>\n\n\n\n<p class=\"has-text-align-left\">De esta manera, la revelaci\u00f3n que rompi\u00f3 los moldes de los Corridos con \u201cLa Diabla\u201d abre las puertas a un nuevo concepto en este primer \u00e1lbum.<\/p>\n\n\n<div class=\"wp-block-image\">\n<figure class=\"aligncenter size-full is-resized\"><img loading=\"lazy\" decoding=\"async\" width=\"422\" height=\"497\" src=\"https:\/\/entrenotasyacordes.com\/wp-content\/uploads\/2024\/10\/1b.jpeg\" alt=\"\" class=\"wp-image-12304\" style=\"width:503px;height:auto\" srcset=\"https:\/\/entrenotasyacordes.com\/wp-content\/uploads\/2024\/10\/1b.jpeg 422w, https:\/\/entrenotasyacordes.com\/wp-content\/uploads\/2024\/10\/1b-255x300.jpeg 255w\" sizes=\"auto, (max-width: 422px) 100vw, 422px\" \/><\/figure>\n<\/div>\n\n\n<p><strong><a href=\"https:\/\/instagramc.tr.pemsv30.net\/c\/eyJhIjoiaW5zdGFncmFtYyIsIm0iOiJtYWlsX2NtMmV0dmo1cmVhZzAwYTcwYjdzcXpwamkiLCJsIjoibGlua180Njk3OWE4YTlmMDJjZjdmMmRlYmFjZTM5ZmQ2ZTUwMzgxODQ1NTVlXzdjMjE4OSIsImkiOltdLCJ1IjoiaHR0cHM6Ly93d3cuaW5zdGFncmFtLmNvbS94YXZpaWlvZmZpY2lhbGwvP3V0bV9zb3VyY2U9cGVyZml0JnV0bV9tZWRpdW09ZW1haWwmdXRtX2NhbXBhaWduPVhBVkklMjAlN0MlMjBBTlVOQ0lPJTIwJUMzJTgxTEJVTSIsImMiOiIiLCJoIjoiNDc2ZDYxIn0\" target=\"_blank\" rel=\"noreferrer noopener\">Xavi<\/a><\/strong>, el prometedor artista de 20 a\u00f1os originario de Phoenix, Arizona, ha lanzado su tan esperado \u00e1lbum debut, \u00ab<strong>NEXT<\/strong>\u00ab, disponible a trav\u00e9s de Interscope Records. Este trabajo es un homenaje al g\u00e9nero de m\u00fasica mexicana, reflejando su crianza musical junto a su abuelo y sus influencias contempor\u00e1neas. El \u00e1lbum incluye \u00e9xitos previos como \u00ab<a href=\"https:\/\/instagramc.tr.pemsv30.net\/c\/eyJhIjoiaW5zdGFncmFtYyIsIm0iOiJtYWlsX2NtMmV0dmo1cmVhZzAwYTcwYjdzcXpwamkiLCJsIjoibGlua180MTAxOGIyNDI3ZmQ4OWE0ZTI1MzAxYWI4N2ZkZDFlMjU3ZDBiNjQ5X2NjMjQ3MyIsImkiOltdLCJ1IjoiaHR0cHM6Ly95b3V0dS5iZS9IZnpiTjVreTVDbz9zaT03TmVKRDVMb3dvcFFpVUVzJnV0bV9zb3VyY2U9cGVyZml0JnV0bV9tZWRpdW09ZW1haWwmdXRtX2NhbXBhaWduPVhBVkklMjAlN0MlMjBBTlVOQ0lPJTIwJUMzJTgxTEJVTSIsImMiOiIiLCJoIjoiMzFmNDFlIn0\" target=\"_blank\" rel=\"noreferrer noopener\"><em>La Diabla<\/em><\/a>\u00ab, single que super\u00f3 los 800 millones de streams en spotify,\u00bb<a href=\"https:\/\/instagramc.tr.pemsv30.net\/c\/eyJhIjoiaW5zdGFncmFtYyIsIm0iOiJtYWlsX2NtMmV0dmo1cmVhZzAwYTcwYjdzcXpwamkiLCJsIjoibGlua19jNTE3NGQ3MTMzYzJiODkwNmRlOWY5ZWJmZWE0ZTExMDJmYTg1ZTk0XzljODcwMSIsImkiOltdLCJ1IjoiaHR0cHM6Ly95b3V0dS5iZS9NaS1OWEVHakF2Zz9zaT1kcG1MY0pZZlo3VGQyQ3FVJnV0bV9zb3VyY2U9cGVyZml0JnV0bV9tZWRpdW09ZW1haWwmdXRtX2NhbXBhaWduPVhBVkklMjAlN0MlMjBBTlVOQ0lPJTIwJUMzJTgxTEJVTSIsImMiOiIiLCJoIjoiNmViOGZhIn0\" target=\"_blank\" rel=\"noreferrer noopener\">La V\u00edctima<\/a>\u00ab, y \u00ab<a href=\"https:\/\/instagramc.tr.pemsv30.net\/c\/eyJhIjoiaW5zdGFncmFtYyIsIm0iOiJtYWlsX2NtMmV0dmo1cmVhZzAwYTcwYjdzcXpwamkiLCJsIjoibGlua18wNmQzMzhlZWFiNjRmM2I4N2E0NjlhNGIyYWMxMzY5Mzg2ODAwZjVlXzBjZWYyMyIsImkiOltdLCJ1IjoiaHR0cHM6Ly95b3V0dS5iZS80ekxoMVFJNGJNQT9zaT1pNGxtZ2tnWmlvaEI0SllsJnV0bV9zb3VyY2U9cGVyZml0JnV0bV9tZWRpdW09ZW1haWwmdXRtX2NhbXBhaWduPVhBVkklMjAlN0MlMjBBTlVOQ0lPJTIwJUMzJTgxTEJVTSIsImMiOiIiLCJoIjoiYTQ4ODlhIn0\" target=\"_blank\" rel=\"noreferrer noopener\">Coraz\u00f3n de Piedra<\/a>\u00ab, junto a nueve temas in\u00e9ditos, entre ellos un dueto con su hermano Fabio en \u00ab<em>Tu Casi Algo<\/em>\u00ab.<\/p>\n\n\n<div class=\"wp-block-image\">\n<figure class=\"aligncenter size-full is-resized\"><img loading=\"lazy\" decoding=\"async\" width=\"788\" height=\"790\" src=\"https:\/\/entrenotasyacordes.com\/wp-content\/uploads\/2024\/10\/1bb.jpeg\" alt=\"\" class=\"wp-image-12305\" style=\"width:694px;height:auto\" srcset=\"https:\/\/entrenotasyacordes.com\/wp-content\/uploads\/2024\/10\/1bb.jpeg 788w, https:\/\/entrenotasyacordes.com\/wp-content\/uploads\/2024\/10\/1bb-300x300.jpeg 300w, https:\/\/entrenotasyacordes.com\/wp-content\/uploads\/2024\/10\/1bb-150x150.jpeg 150w, https:\/\/entrenotasyacordes.com\/wp-content\/uploads\/2024\/10\/1bb-768x770.jpeg 768w, https:\/\/entrenotasyacordes.com\/wp-content\/uploads\/2024\/10\/1bb-50x50.jpeg 50w\" sizes=\"auto, (max-width: 788px) 100vw, 788px\" \/><\/figure>\n<\/div>\n\n\n<p>\u00ab<strong>NEXT<\/strong>\u00bb explora la dualidad de Xavi: desde temas festivos hasta baladas rom\u00e1nticas que destacan su versatilidad como compositor. El \u00e1lbum se acompa\u00f1a de un videoclip para el tema principal, reflejando visualmente su evoluci\u00f3n art\u00edstica.<\/p>\n\n\n\n<p><strong>Tracklist de \u00abNEXT\u00bb<\/strong><\/p>\n\n\n\n<p><br>1. Una Semana<br>2. Que Hay Que Hacer<br>3. La V\u00edctima<br>4. Next<br>5. Modo DND (feat. Tony Aguirre)<br>6. La Diabla<br>7. La Diosa<br>8. Flores<br>9. La Luna X Mi<br>9. Filosof\u00eda<br>10.Tu Casi Algo (feat. Fabio)<br>11. Poco A Poco (feat. Los Dareyes De La Sierra)<br>12. Si Ma\u00f1ana Me Voy<br>13. Peak<br>14. Coraz\u00f3n De Piedra<\/p>\n\n\n\n<p>Xavi ha sido nominado en siete categor\u00edas, incluyendo \u00ab<strong>Hot Latin Song<\/strong>\u00bb\u00a0<strong>Canci\u00f3n del A\u00f1o<\/strong>\u00a0y \u00ab<strong>Artista del A\u00f1o, Debu<\/strong>t\u00bb. Esto se suma a su impresionante victoria en los MTV MIAW Awards, donde gan\u00f3\u00a0<em>Himno Viral del A\u00f1o por \u00abLa Diabla\u00bb<\/em>. Su participaci\u00f3n en los premios Billboard consolidar\u00e1 a\u00fan m\u00e1s su presencia en la m\u00fasica latina.<\/p>\n\n\n\n<p><strong>Sobre Xavi<\/strong><\/p>\n\n\n\n<p>Con un sonido que fusiona R&amp;B, pop, urbano y m\u00fasica mexicana,\u00a0<strong>Xavi\u00a0<\/strong>ha capturado la atenci\u00f3n global con su sencillo \u00ab<em>La Diabla<\/em>\u00ab, que domin\u00f3 la lista Global 200 de Spotify por tres semanas consecutivas y tuvo m\u00e1s de 800 millones de streams superando, incluso, \u201c<em>M\u00f3naco<\/em>\u201d de Bad Bunny. Elogiado por medios como\u00a0<em>Billboard y Rolling Stone<\/em>, Xavi se perfila como una de las voces m\u00e1s importantes de la m\u00fasica mexicana contempor\u00e1nea. Su \u00e1lbum debut \u00abNEXT\u00bb promete seguir redefiniendo el g\u00e9nero y establecerlo como un pionero en la m\u00fasica latina.<\/p>\n","protected":false},"excerpt":{"rendered":"","protected":false},"author":5,"featured_media":12305,"comment_status":"open","ping_status":"open","sticky":false,"template":"","format":"standard","meta":{"om_disable_all_campaigns":false,"_uf_show_specific_survey":0,"_uf_disable_surveys":false,"footnotes":""},"categories":[4],"tags":[],"class_list":["post-12303","post","type-post","status-publish","format-standard","has-post-thumbnail","hentry","category-musica"],"_links":{"self":[{"href":"https:\/\/entrenotasyacordes.com\/index.php?rest_route=\/wp\/v2\/posts\/12303","targetHints":{"allow":["GET"]}}],"collection":[{"href":"https:\/\/entrenotasyacordes.com\/index.php?rest_route=\/wp\/v2\/posts"}],"about":[{"href":"https:\/\/entrenotasyacordes.com\/index.php?rest_route=\/wp\/v2\/types\/post"}],"author":[{"embeddable":true,"href":"https:\/\/entrenotasyacordes.com\/index.php?rest_route=\/wp\/v2\/users\/5"}],"replies":[{"embeddable":true,"href":"https:\/\/entrenotasyacordes.com\/index.php?rest_route=%2Fwp%2Fv2%2Fcomments&post=12303"}],"version-history":[{"count":1,"href":"https:\/\/entrenotasyacordes.com\/index.php?rest_route=\/wp\/v2\/posts\/12303\/revisions"}],"predecessor-version":[{"id":12306,"href":"https:\/\/entrenotasyacordes.com\/index.php?rest_route=\/wp\/v2\/posts\/12303\/revisions\/12306"}],"wp:featuredmedia":[{"embeddable":true,"href":"https:\/\/entrenotasyacordes.com\/index.php?rest_route=\/wp\/v2\/media\/12305"}],"wp:attachment":[{"href":"https:\/\/entrenotasyacordes.com\/index.php?rest_route=%2Fwp%2Fv2%2Fmedia&parent=12303"}],"wp:term":[{"taxonomy":"category","embeddable":true,"href":"https:\/\/entrenotasyacordes.com\/index.php?rest_route=%2Fwp%2Fv2%2Fcategories&post=12303"},{"taxonomy":"post_tag","embeddable":true,"href":"https:\/\/entrenotasyacordes.com\/index.php?rest_route=%2Fwp%2Fv2%2Ftags&post=12303"}],"curies":[{"name":"wp","href":"https:\/\/api.w.org\/{rel}","templated":true}]}}