{"id":12312,"date":"2024-10-24T23:22:41","date_gmt":"2024-10-24T23:22:41","guid":{"rendered":"https:\/\/entrenotasyacordes.com\/?p=12312"},"modified":"2024-10-24T23:22:43","modified_gmt":"2024-10-24T23:22:43","slug":"piso-21-presenta-su-sexto-album-2-1","status":"publish","type":"post","link":"https:\/\/entrenotasyacordes.com\/?p=12312","title":{"rendered":"PISO 21 PRESENTA SU SEXTO \u00c1LBUM \u201c2.1\u201d"},"content":{"rendered":"\n<!--more-->\n\n\n<div class=\"wp-block-image\">\n<figure class=\"aligncenter size-full is-resized\"><img loading=\"lazy\" decoding=\"async\" width=\"2048\" height=\"2045\" src=\"https:\/\/entrenotasyacordes.com\/wp-content\/uploads\/2024\/10\/1d.jpg\" alt=\"\" class=\"wp-image-12313\" style=\"width:503px;height:auto\" srcset=\"https:\/\/entrenotasyacordes.com\/wp-content\/uploads\/2024\/10\/1d.jpg 2048w, https:\/\/entrenotasyacordes.com\/wp-content\/uploads\/2024\/10\/1d-300x300.jpg 300w, https:\/\/entrenotasyacordes.com\/wp-content\/uploads\/2024\/10\/1d-1024x1023.jpg 1024w, https:\/\/entrenotasyacordes.com\/wp-content\/uploads\/2024\/10\/1d-150x150.jpg 150w, https:\/\/entrenotasyacordes.com\/wp-content\/uploads\/2024\/10\/1d-768x767.jpg 768w, https:\/\/entrenotasyacordes.com\/wp-content\/uploads\/2024\/10\/1d-1536x1534.jpg 1536w, https:\/\/entrenotasyacordes.com\/wp-content\/uploads\/2024\/10\/1d-50x50.jpg 50w\" sizes=\"auto, (max-width: 2048px) 100vw, 2048px\" \/><\/figure>\n<\/div>\n\n\n<p class=\"has-text-align-left\"><strong>Piso 21 <\/strong>presenta \u201c<strong>2.1<\/strong>\u201d su sexta producci\u00f3n discogr\u00e1fica, el \u00e1lbum m\u00e1s honesto y profundo de su extensa trayectoria. La producci\u00f3n est\u00e1 disponible a partir de hoy en todas las plataformas digitales.<\/p>\n\n\n\n<p>\u00ab<strong>2.1<\/strong>\u00bb es el resultado de un exquisito proceso de producci\u00f3n a cargo de ICON, un talentoso colectivo creado por los reconocidos productores Jowan y Rolo. Este \u00e1lbum combina un minucioso trabajo sonoro con un estilizado concepto visual que lo define de principio a fin.<\/p>\n\n\n\n<p class=\"has-text-align-left\">El disco llega despu\u00e9s de los estrenos de <strong><em>\u201cLa Misi\u00f3n\u201d <\/em><\/strong>con <strong>Wisin <\/strong>y <strong><em>\u201cFichaje Del A\u00f1o\u201d <\/em><\/strong>con <strong>Ozuna<\/strong>. Con este proyecto <em>\u201cLos Muchachos\u201d <\/em>nos dar\u00e1n razones de m\u00e1s para volver a dedicar canciones, confirmando esto a la perfecci\u00f3n con el sencillo promocional titulado <strong><em>\u201cAntes\u201d<\/em><\/strong>.<\/p>\n\n\n\n<p class=\"has-text-align-left\"><em>\u201c<strong>Antes<\/strong>\u201d <\/em>es un reguet\u00f3n rom\u00e1ntico con el distintivo sello sonoro de Piso 21. La canci\u00f3n habla de los amores prohibidos y a destiempo, as\u00ed como el deseo de saber qu\u00e9 hubiera pasado \u201csi lo nuestro hubiera sido antes, ser\u00eda tu novio y no tu amante\u201d.<\/p>\n\n\n\n<p class=\"has-text-align-left\">A lo largo de los a\u00f1os, los temas de Piso 21 han desarrollado una identidad propia y siendo los protagonistas de todo el \u00e9xito de la agrupaci\u00f3n. En \u201c2.1\u201d, Piso da continuidad a esta l\u00ednea, siendo su principal objetivo dejar que la m\u00fasica sea la protagonista n\u00famero uno, y que cada tema se convierta en una inmensa carta de amor para sus fans y para la m\u00fasica.<\/p>\n\n\n<div class=\"wp-block-image\">\n<figure class=\"aligncenter size-full is-resized\"><img loading=\"lazy\" decoding=\"async\" width=\"1857\" height=\"1365\" src=\"https:\/\/entrenotasyacordes.com\/wp-content\/uploads\/2024\/10\/1dd.jpg\" alt=\"\" class=\"wp-image-12314\" style=\"width:694px;height:auto\" srcset=\"https:\/\/entrenotasyacordes.com\/wp-content\/uploads\/2024\/10\/1dd.jpg 1857w, https:\/\/entrenotasyacordes.com\/wp-content\/uploads\/2024\/10\/1dd-300x221.jpg 300w, https:\/\/entrenotasyacordes.com\/wp-content\/uploads\/2024\/10\/1dd-1024x753.jpg 1024w, https:\/\/entrenotasyacordes.com\/wp-content\/uploads\/2024\/10\/1dd-768x565.jpg 768w, https:\/\/entrenotasyacordes.com\/wp-content\/uploads\/2024\/10\/1dd-1536x1129.jpg 1536w\" sizes=\"auto, (max-width: 1857px) 100vw, 1857px\" \/><\/figure>\n<\/div>\n\n\n<p><strong>\u201c2.1\u201d Tracklist:<\/strong><\/p>\n\n\n\n<ol class=\"wp-block-list\">\n<li><em>ANTES<\/em><\/li>\n\n\n\n<li><em>FICHAJE DEL A\u00d1O<\/em><\/li>\n\n\n\n<li><em>TE INVITO A COMER<\/em><\/li>\n\n\n\n<li><em>PISO CUARTO<\/em><\/li>\n\n\n\n<li><em>LA MISI\u00d3N<\/em><\/li>\n\n\n\n<li><em>PERREO EN BOTE<\/em><\/li>\n\n\n\n<li><em>LA MISMA SEMANA<\/em><\/li>\n\n\n\n<li><em>ME SIENTO HIGH<\/em><\/li>\n\n\n\n<li><em>BRUJER\u00cdA CREO<\/em><\/li>\n\n\n\n<li><em>VUELTAS<\/em><\/li>\n\n\n\n<li><em>MY LOVE<\/em><\/li>\n\n\n\n<li><em>COBARDE CORAZ\u00d3N<\/em><\/li>\n\n\n\n<li><em>FICHAJE DEL A\u00d1O AC\u00daSTICO<\/em><\/li>\n\n\n\n<li><em>LA MISI\u00d3N AC\u00daSTICO<\/em><\/li>\n<\/ol>\n\n\n\n<p>La completa entrega de Piso 21 en cada uno de sus trabajos los contin\u00faa cimentando como los l\u00edderes del flow rom\u00e1ntico.<\/p>\n\n\n\n<p class=\"has-text-align-center\"><strong>SOBRE PISO 21:<\/strong><\/p>\n\n\n\n<p>Piso 21, es uno de los grupos m\u00e1s prol\u00edficos de la m\u00fasica latina, tiene un repertorio impresionante de canciones de \u00e9xito que han acumulado m\u00e1s de 13 mil millones de reproducciones en todo el mundo. Piso 21 se ha establecido como artistas completos capaces de crear y curar canciones que no solo conectan con sus fan\u00e1ticos, sino que tambi\u00e9n resuenan dentro del mercado global. Los miembros de Piso 21 son cantantes, int\u00e9rpretes, compositores y multi instrumentistas consumados por derecho propio, todos talentos distintivos que cada uno trae a la mesa al crear su marca \u00fanica de m\u00fasica. El supergrupo ha colaborado con artistas como Black Eyed Peas, Maluma, Manuel Turizo, Paolo Londra, Myke Towers y Nicky Jam, por nombrar algunos. Despu\u00e9s de haber estrenado su \u00e1lbum \u201cLos Muchachos\u201del pasado 2023, la exitosa agrupaci\u00f3n del urbano retoma un nuevo enfoque con grandes colaboraciones que abrir\u00e1n el camino de un pr\u00f3ximo \u00e1lbum para este 2024, iniciando por este nuevo tema as\u00ed como reci\u00e9n anunciaron su gira por varios pa\u00edses de latinoam\u00e9rica y USA.<\/p>\n","protected":false},"excerpt":{"rendered":"","protected":false},"author":5,"featured_media":12313,"comment_status":"open","ping_status":"open","sticky":false,"template":"","format":"standard","meta":{"om_disable_all_campaigns":false,"_uf_show_specific_survey":0,"_uf_disable_surveys":false,"footnotes":""},"categories":[4],"tags":[],"class_list":["post-12312","post","type-post","status-publish","format-standard","has-post-thumbnail","hentry","category-musica"],"_links":{"self":[{"href":"https:\/\/entrenotasyacordes.com\/index.php?rest_route=\/wp\/v2\/posts\/12312","targetHints":{"allow":["GET"]}}],"collection":[{"href":"https:\/\/entrenotasyacordes.com\/index.php?rest_route=\/wp\/v2\/posts"}],"about":[{"href":"https:\/\/entrenotasyacordes.com\/index.php?rest_route=\/wp\/v2\/types\/post"}],"author":[{"embeddable":true,"href":"https:\/\/entrenotasyacordes.com\/index.php?rest_route=\/wp\/v2\/users\/5"}],"replies":[{"embeddable":true,"href":"https:\/\/entrenotasyacordes.com\/index.php?rest_route=%2Fwp%2Fv2%2Fcomments&post=12312"}],"version-history":[{"count":1,"href":"https:\/\/entrenotasyacordes.com\/index.php?rest_route=\/wp\/v2\/posts\/12312\/revisions"}],"predecessor-version":[{"id":12315,"href":"https:\/\/entrenotasyacordes.com\/index.php?rest_route=\/wp\/v2\/posts\/12312\/revisions\/12315"}],"wp:featuredmedia":[{"embeddable":true,"href":"https:\/\/entrenotasyacordes.com\/index.php?rest_route=\/wp\/v2\/media\/12313"}],"wp:attachment":[{"href":"https:\/\/entrenotasyacordes.com\/index.php?rest_route=%2Fwp%2Fv2%2Fmedia&parent=12312"}],"wp:term":[{"taxonomy":"category","embeddable":true,"href":"https:\/\/entrenotasyacordes.com\/index.php?rest_route=%2Fwp%2Fv2%2Fcategories&post=12312"},{"taxonomy":"post_tag","embeddable":true,"href":"https:\/\/entrenotasyacordes.com\/index.php?rest_route=%2Fwp%2Fv2%2Ftags&post=12312"}],"curies":[{"name":"wp","href":"https:\/\/api.w.org\/{rel}","templated":true}]}}