{"id":12340,"date":"2024-10-25T00:54:59","date_gmt":"2024-10-25T00:54:59","guid":{"rendered":"https:\/\/entrenotasyacordes.com\/?p=12340"},"modified":"2024-10-25T00:55:00","modified_gmt":"2024-10-25T00:55:00","slug":"rose-bruno-mars-presentan-apt","status":"publish","type":"post","link":"https:\/\/entrenotasyacordes.com\/?p=12340","title":{"rendered":"ROS\u00c9 &amp; BRUNO MARS PRESENTAN \u201cAPT.\u201d"},"content":{"rendered":"\n<!--more-->\n\n\n\n<p class=\"has-text-align-center\">L<em>uciano Pereyra lanza \u201cMi primer amor\u201d, una canci\u00f3n dedicada a&nbsp;todas las<\/em> <em>madres para este d\u00eda y para todos los d\u00edas del a\u00f1o.<\/em><\/p>\n\n\n<div class=\"wp-block-image\">\n<figure class=\"aligncenter size-full is-resized\"><img loading=\"lazy\" decoding=\"async\" width=\"2048\" height=\"2048\" src=\"https:\/\/entrenotasyacordes.com\/wp-content\/uploads\/2024\/10\/1k.jpg\" alt=\"\" class=\"wp-image-12341\" style=\"width:503px;height:auto\" srcset=\"https:\/\/entrenotasyacordes.com\/wp-content\/uploads\/2024\/10\/1k.jpg 2048w, https:\/\/entrenotasyacordes.com\/wp-content\/uploads\/2024\/10\/1k-300x300.jpg 300w, https:\/\/entrenotasyacordes.com\/wp-content\/uploads\/2024\/10\/1k-1024x1024.jpg 1024w, https:\/\/entrenotasyacordes.com\/wp-content\/uploads\/2024\/10\/1k-150x150.jpg 150w, https:\/\/entrenotasyacordes.com\/wp-content\/uploads\/2024\/10\/1k-768x768.jpg 768w, https:\/\/entrenotasyacordes.com\/wp-content\/uploads\/2024\/10\/1k-1536x1536.jpg 1536w, https:\/\/entrenotasyacordes.com\/wp-content\/uploads\/2024\/10\/1k-50x50.jpg 50w\" sizes=\"auto, (max-width: 2048px) 100vw, 2048px\" \/><\/figure>\n<\/div>\n\n\n<p>Los \u00edconos internacionales <strong>ROS\u00c9 <\/strong>y <strong>Bruno Mars <\/strong>lanzan el nuevo single \u201c<strong>APT.<\/strong>\u201d, disponible a trav\u00e9s de <strong>Atlantic Records\/THEBLACKLABEL, <\/strong>junto al video oficial dirigido por <strong>Daniel Ramos <\/strong>y <strong>Bruno Mars<\/strong>.<\/p>\n\n\n\n<p><em>\u00ab&#8216;<strong>APT.<\/strong>&#8216; es mi juego de beber coreano favorito y lo juego con mis amigos cuando vuelvo a casa. Es muy simple, te hace re\u00edr y rompe el hielo en cualquier fiesta\u201d, explica <\/em><strong>ROS\u00c9<\/strong>. \u201c<em>Una noche en el estudio le ense\u00f1\u00e9 a jugar a mi equipo. Todos se fascinaron, especialmente cuando empec\u00e9 a cantar, as\u00ed que jugamos y suger\u00ed hacer una canci\u00f3n con eso\u2026 y luego Bruno se nos uni\u00f3 y el resto es historia\u201d.<\/em><\/p>\n\n\n\n<p>\u201c<strong>APT.<\/strong>\u201d (producido por <strong>Bruno Mars<\/strong>, <strong>Cirkut<\/strong>, <strong>Omer Fedi <\/strong>y <strong>Rog\u00e9t Chahayed<\/strong>) es el primer sencillo del \u00e1lbum debut de <strong>ROS\u00c9, <em>rosie<\/em><\/strong>, que se conocer\u00e1 el 6 de diciembre. Preguardalo <a href=\"http:\/\/rosesarerosie.lnk.to\/rosie\"><u>ac\u00e1<\/u><\/a>. La colecci\u00f3n de 12 canciones es el lanzamiento m\u00e1s personal y espont\u00e1neo de <strong>ROS\u00c9 <\/strong>a la fecha, en donde coescribi\u00f3 todos los temas, incluyendo \u201c<strong>APT<\/strong>.\u201d<\/p>\n\n\n\n<p>Como integrante de <strong>BLACKPINK<\/strong>, una de las <em>girlbands <\/em>m\u00e1s vendedoras de todos los tiempos, <strong>ROS\u00c9 <\/strong>ha quebrado r\u00e9cords, actuado en los escenarios m\u00e1s importantes y acumulado millones de fans en todo el mundo. Como solista, el single de 2021 de la superestrella coreano-neozelandesa, \u201c<strong>On The Ground<\/strong>\u201d, debut\u00f3 en el N\u00b01 del Global 200 de Billboard y se convirti\u00f3 en la canci\u00f3n mejor posicionada en el Hot 100 de Billboard entre las artistas solistas de K-pop. Simult\u00e1neamente, <strong>ROS\u00c9 <\/strong>ha representado una fuerza imparable en el \u00e1mbito de la moda como embajadora de renombradas marcas de la talla de <strong>Saint Laurent<\/strong>, <strong>Tiffany &amp; Co<\/strong>, <strong>Rimowa <\/strong>y <strong>Puma<\/strong>. Su influencia en la m\u00fasica, la moda y la filantrop\u00eda la convierten en evidencia del crecimiento de la influencia coreana en la m\u00fasica y la moda a nivel internacional.<\/p>\n\n\n\n<div class=\"wp-block-columns is-layout-flex wp-container-core-columns-is-layout-28f84493 wp-block-columns-is-layout-flex\">\n<div class=\"wp-block-column is-layout-flow wp-block-column-is-layout-flow\"><div class=\"wp-block-image\">\n<figure class=\"aligncenter size-full\"><img loading=\"lazy\" decoding=\"async\" width=\"2048\" height=\"2048\" src=\"https:\/\/entrenotasyacordes.com\/wp-content\/uploads\/2024\/10\/1kkk.jpg\" alt=\"\" class=\"wp-image-12342\" srcset=\"https:\/\/entrenotasyacordes.com\/wp-content\/uploads\/2024\/10\/1kkk.jpg 2048w, https:\/\/entrenotasyacordes.com\/wp-content\/uploads\/2024\/10\/1kkk-300x300.jpg 300w, https:\/\/entrenotasyacordes.com\/wp-content\/uploads\/2024\/10\/1kkk-1024x1024.jpg 1024w, https:\/\/entrenotasyacordes.com\/wp-content\/uploads\/2024\/10\/1kkk-150x150.jpg 150w, https:\/\/entrenotasyacordes.com\/wp-content\/uploads\/2024\/10\/1kkk-768x768.jpg 768w, https:\/\/entrenotasyacordes.com\/wp-content\/uploads\/2024\/10\/1kkk-1536x1536.jpg 1536w, https:\/\/entrenotasyacordes.com\/wp-content\/uploads\/2024\/10\/1kkk-50x50.jpg 50w\" sizes=\"auto, (max-width: 2048px) 100vw, 2048px\" \/><\/figure>\n<\/div><\/div>\n\n\n\n<div class=\"wp-block-column is-layout-flow wp-block-column-is-layout-flow\"><div class=\"wp-block-image\">\n<figure class=\"aligncenter size-full is-resized\"><img loading=\"lazy\" decoding=\"async\" width=\"2048\" height=\"1365\" src=\"https:\/\/entrenotasyacordes.com\/wp-content\/uploads\/2024\/10\/1kk.jpg\" alt=\"\" class=\"wp-image-12343\" style=\"width:623px;height:auto\" srcset=\"https:\/\/entrenotasyacordes.com\/wp-content\/uploads\/2024\/10\/1kk.jpg 2048w, https:\/\/entrenotasyacordes.com\/wp-content\/uploads\/2024\/10\/1kk-300x200.jpg 300w, https:\/\/entrenotasyacordes.com\/wp-content\/uploads\/2024\/10\/1kk-1024x683.jpg 1024w, https:\/\/entrenotasyacordes.com\/wp-content\/uploads\/2024\/10\/1kk-768x512.jpg 768w, https:\/\/entrenotasyacordes.com\/wp-content\/uploads\/2024\/10\/1kk-1536x1024.jpg 1536w\" sizes=\"auto, (max-width: 2048px) 100vw, 2048px\" \/><\/figure>\n<\/div><\/div>\n<\/div>\n","protected":false},"excerpt":{"rendered":"","protected":false},"author":5,"featured_media":12341,"comment_status":"open","ping_status":"open","sticky":false,"template":"","format":"standard","meta":{"om_disable_all_campaigns":false,"_uf_show_specific_survey":0,"_uf_disable_surveys":false,"footnotes":""},"categories":[4],"tags":[],"class_list":["post-12340","post","type-post","status-publish","format-standard","has-post-thumbnail","hentry","category-musica"],"_links":{"self":[{"href":"https:\/\/entrenotasyacordes.com\/index.php?rest_route=\/wp\/v2\/posts\/12340","targetHints":{"allow":["GET"]}}],"collection":[{"href":"https:\/\/entrenotasyacordes.com\/index.php?rest_route=\/wp\/v2\/posts"}],"about":[{"href":"https:\/\/entrenotasyacordes.com\/index.php?rest_route=\/wp\/v2\/types\/post"}],"author":[{"embeddable":true,"href":"https:\/\/entrenotasyacordes.com\/index.php?rest_route=\/wp\/v2\/users\/5"}],"replies":[{"embeddable":true,"href":"https:\/\/entrenotasyacordes.com\/index.php?rest_route=%2Fwp%2Fv2%2Fcomments&post=12340"}],"version-history":[{"count":1,"href":"https:\/\/entrenotasyacordes.com\/index.php?rest_route=\/wp\/v2\/posts\/12340\/revisions"}],"predecessor-version":[{"id":12344,"href":"https:\/\/entrenotasyacordes.com\/index.php?rest_route=\/wp\/v2\/posts\/12340\/revisions\/12344"}],"wp:featuredmedia":[{"embeddable":true,"href":"https:\/\/entrenotasyacordes.com\/index.php?rest_route=\/wp\/v2\/media\/12341"}],"wp:attachment":[{"href":"https:\/\/entrenotasyacordes.com\/index.php?rest_route=%2Fwp%2Fv2%2Fmedia&parent=12340"}],"wp:term":[{"taxonomy":"category","embeddable":true,"href":"https:\/\/entrenotasyacordes.com\/index.php?rest_route=%2Fwp%2Fv2%2Fcategories&post=12340"},{"taxonomy":"post_tag","embeddable":true,"href":"https:\/\/entrenotasyacordes.com\/index.php?rest_route=%2Fwp%2Fv2%2Ftags&post=12340"}],"curies":[{"name":"wp","href":"https:\/\/api.w.org\/{rel}","templated":true}]}}