{"id":12345,"date":"2024-10-25T01:03:47","date_gmt":"2024-10-25T01:03:47","guid":{"rendered":"https:\/\/entrenotasyacordes.com\/?p=12345"},"modified":"2024-10-25T01:03:49","modified_gmt":"2024-10-25T01:03:49","slug":"luis-fonsi-bienvenido-a-argentina","status":"publish","type":"post","link":"https:\/\/entrenotasyacordes.com\/?p=12345","title":{"rendered":"LUIS FONSI: \u00a1BIENVENIDO A \u00a0ARGENTINA!"},"content":{"rendered":"\n<p class=\"has-black-color has-text-color has-link-color wp-elements-9ac00cf961d1ea846fe5a532228b76c6\"><\/p>\n\n\n\n<!--more-->\n\n\n\n<figure class=\"wp-block-image size-large\"><img loading=\"lazy\" decoding=\"async\" width=\"1024\" height=\"1024\" src=\"https:\/\/entrenotasyacordes.com\/wp-content\/uploads\/2024\/10\/1l-1024x1024.jpeg\" alt=\"\" class=\"wp-image-12346\" srcset=\"https:\/\/entrenotasyacordes.com\/wp-content\/uploads\/2024\/10\/1l-1024x1024.jpeg 1024w, https:\/\/entrenotasyacordes.com\/wp-content\/uploads\/2024\/10\/1l-300x300.jpeg 300w, https:\/\/entrenotasyacordes.com\/wp-content\/uploads\/2024\/10\/1l-150x150.jpeg 150w, https:\/\/entrenotasyacordes.com\/wp-content\/uploads\/2024\/10\/1l-768x768.jpeg 768w, https:\/\/entrenotasyacordes.com\/wp-content\/uploads\/2024\/10\/1l-1536x1536.jpeg 1536w, https:\/\/entrenotasyacordes.com\/wp-content\/uploads\/2024\/10\/1l-50x50.jpeg 50w, https:\/\/entrenotasyacordes.com\/wp-content\/uploads\/2024\/10\/1l.jpeg 1600w\" sizes=\"auto, (max-width: 1024px) 100vw, 1024px\" \/><\/figure>\n\n\n\n<p class=\"has-black-color has-text-color has-link-color wp-elements-d31af447fbabe3c4bbfb6f966de7d3de\">El aclamado cantante puertorrique\u00f1o<strong>\u00a0Luis Fonsi ya se encuentra en Argentina para vivir una gran fiesta y celebrar sus 25 a\u00f1os de carrera con varias presentaciones por el pa\u00eds.<\/strong>\u00a0Este tour especial promete hacer vibrar a su p\u00fablico argentino, con una propuesta renovada que conmemora este importante aniversario.<\/p>\n\n\n\n<p>Luis Fonsi no s\u00f3lo deleitar\u00e1 con su talento y carisma, sino que presentar\u00e1 su reciente lanzamiento: El Viaje, su und\u00e9cimo \u00e1lbum de estudio. Esta nueva producci\u00f3n se destaca como una de las m\u00e1s vers\u00e1tiles de su carrera, no solo por la variedad de g\u00e9neros musicales que acompa\u00f1an sus 12 temas, sino tambi\u00e9n por su poderosa interpretaci\u00f3n vocal, las letras y las colaboraciones internacionales.<\/p>\n\n\n\n<p>En El Viaje, Fonsi une su voz con grandes artistas, entre ellos la reconocida int\u00e9rprete italiana Laura Pausini en el tema \u00abRoma\u00bb, el consagrado Carlos Vives en \u00abSanta Marta\u00bb, el influyente rapero urbano espa\u00f1ol Omar Montes en \u00abMarbella\u00bb y el destacado cantautor puertorrique\u00f1o Jay Wheeler en \u00abSan Juan\u00bb.<\/p>\n\n\n\n<figure class=\"wp-block-image size-full\"><img loading=\"lazy\" decoding=\"async\" width=\"660\" height=\"660\" src=\"https:\/\/entrenotasyacordes.com\/wp-content\/uploads\/2024\/10\/1ll.jpg\" alt=\"\" class=\"wp-image-12347\" srcset=\"https:\/\/entrenotasyacordes.com\/wp-content\/uploads\/2024\/10\/1ll.jpg 660w, https:\/\/entrenotasyacordes.com\/wp-content\/uploads\/2024\/10\/1ll-300x300.jpg 300w, https:\/\/entrenotasyacordes.com\/wp-content\/uploads\/2024\/10\/1ll-150x150.jpg 150w, https:\/\/entrenotasyacordes.com\/wp-content\/uploads\/2024\/10\/1ll-50x50.jpg 50w\" sizes=\"auto, (max-width: 660px) 100vw, 660px\" \/><\/figure>\n\n\n\n<p><strong>FECHAS LUIS FONSI EN ARGENTINA<\/strong><br>24 OCTUBRE \u2013 TEATRO BROADWAY, ROSARIO<br>25 OCTUBRE \u2013 ESTADIO ATENAS, C\u00d3RDOBA<br>26 OCTUBRE \u2013 AUDITORIO \u00c1NGEL BUSTELO, MENDOZA<br>30 OCTUBRE \u2013 CLUB FLORESTA, TUCUM\u00c1N<br>31 OCTUBRE \u2013 ESTADIO DELMI, SALTA<br>02 NOV \u2013 MOVISTAR ARENA, BUENOS AIRES<\/p>\n\n\n\n<div style=\"height:23px\" aria-hidden=\"true\" class=\"wp-block-spacer\"><\/div>\n","protected":false},"excerpt":{"rendered":"","protected":false},"author":5,"featured_media":12346,"comment_status":"open","ping_status":"open","sticky":false,"template":"","format":"standard","meta":{"om_disable_all_campaigns":false,"_uf_show_specific_survey":0,"_uf_disable_surveys":false,"footnotes":""},"categories":[36],"tags":[],"class_list":["post-12345","post","type-post","status-publish","format-standard","has-post-thumbnail","hentry","category-conciertos"],"_links":{"self":[{"href":"https:\/\/entrenotasyacordes.com\/index.php?rest_route=\/wp\/v2\/posts\/12345","targetHints":{"allow":["GET"]}}],"collection":[{"href":"https:\/\/entrenotasyacordes.com\/index.php?rest_route=\/wp\/v2\/posts"}],"about":[{"href":"https:\/\/entrenotasyacordes.com\/index.php?rest_route=\/wp\/v2\/types\/post"}],"author":[{"embeddable":true,"href":"https:\/\/entrenotasyacordes.com\/index.php?rest_route=\/wp\/v2\/users\/5"}],"replies":[{"embeddable":true,"href":"https:\/\/entrenotasyacordes.com\/index.php?rest_route=%2Fwp%2Fv2%2Fcomments&post=12345"}],"version-history":[{"count":1,"href":"https:\/\/entrenotasyacordes.com\/index.php?rest_route=\/wp\/v2\/posts\/12345\/revisions"}],"predecessor-version":[{"id":12348,"href":"https:\/\/entrenotasyacordes.com\/index.php?rest_route=\/wp\/v2\/posts\/12345\/revisions\/12348"}],"wp:featuredmedia":[{"embeddable":true,"href":"https:\/\/entrenotasyacordes.com\/index.php?rest_route=\/wp\/v2\/media\/12346"}],"wp:attachment":[{"href":"https:\/\/entrenotasyacordes.com\/index.php?rest_route=%2Fwp%2Fv2%2Fmedia&parent=12345"}],"wp:term":[{"taxonomy":"category","embeddable":true,"href":"https:\/\/entrenotasyacordes.com\/index.php?rest_route=%2Fwp%2Fv2%2Fcategories&post=12345"},{"taxonomy":"post_tag","embeddable":true,"href":"https:\/\/entrenotasyacordes.com\/index.php?rest_route=%2Fwp%2Fv2%2Ftags&post=12345"}],"curies":[{"name":"wp","href":"https:\/\/api.w.org\/{rel}","templated":true}]}}