{"id":12349,"date":"2024-10-25T01:29:24","date_gmt":"2024-10-25T01:29:24","guid":{"rendered":"https:\/\/entrenotasyacordes.com\/?p=12349"},"modified":"2024-10-25T01:29:26","modified_gmt":"2024-10-25T01:29:26","slug":"emiliano-brancciari-en-el-teatro-opera-la-plata","status":"publish","type":"post","link":"https:\/\/entrenotasyacordes.com\/?p=12349","title":{"rendered":"EMILIANO BRANCCIARI EN EL TEATRO \u00d3PERA LA PLATA"},"content":{"rendered":"\n<!--more-->\n\n\n\n<figure class=\"wp-block-image size-large\"><img loading=\"lazy\" decoding=\"async\" width=\"1024\" height=\"1024\" src=\"https:\/\/entrenotasyacordes.com\/wp-content\/uploads\/2024\/10\/1m-1-1024x1024.png\" alt=\"\" class=\"wp-image-12350\" srcset=\"https:\/\/entrenotasyacordes.com\/wp-content\/uploads\/2024\/10\/1m-1-1024x1024.png 1024w, https:\/\/entrenotasyacordes.com\/wp-content\/uploads\/2024\/10\/1m-1-300x300.png 300w, https:\/\/entrenotasyacordes.com\/wp-content\/uploads\/2024\/10\/1m-1-150x150.png 150w, https:\/\/entrenotasyacordes.com\/wp-content\/uploads\/2024\/10\/1m-1-768x768.png 768w, https:\/\/entrenotasyacordes.com\/wp-content\/uploads\/2024\/10\/1m-1-50x50.png 50w, https:\/\/entrenotasyacordes.com\/wp-content\/uploads\/2024\/10\/1m-1.png 1080w\" sizes=\"auto, (max-width: 1024px) 100vw, 1024px\" \/><\/figure>\n\n\n\n<p class=\"has-black-color has-text-color has-link-color wp-elements-e3df7da29ed7b2c27c01f221b038e876\"><strong>Emi despide su exitoso \u00e1lbum solista \u00a8Cada segundo dura una eternidad\u00a8<\/strong><\/p>\n\n\n\n<p class=\"has-black-color has-text-color has-link-color wp-elements-b3fa55be5169b18e6e1f4867881b79b2\">El\u00a0<strong>domingo 10 de noviembre<\/strong>, 20hs, Emi llega con su show al\u00a0<strong>Teatro \u00d3pera La Plata.<\/strong> Como ha sido habitual durante los conciertos de presentaci\u00f3n de \u201cCada Segundo Dura Una Eternidad\u201d, lanzado a fines del 2022, EMI estar\u00e1 acompa\u00f1ado de su banda de grandes m\u00fasicos uruguayos con Pablo Abdala en bater\u00eda, Enrique Anselmi en el bajo, Lula Isnardi y Gonzalo Vivas en las guitarras y Luc\u00eda Romero en teclados.<\/p>\n\n\n\n<p>Las entradas se encuentran a la venta por sistema\u00a0<strong><a href=\"https:\/\/livepass.com.ar\/events\/emi-en-el-teatro-opera-lp-10-11?utm_source=perfit&amp;utm_medium=email\" target=\"_blank\" rel=\"noreferrer noopener\">Livepass<\/a>\u00a0<\/strong>y boleteria del teatro.<br><strong>Con tarjetas Visa y MasterCard del Banco Provincia tenes 6 cuotas sin inter\u00e9s.<\/strong><\/p>\n\n\n\n<figure class=\"wp-block-image size-full\"><img loading=\"lazy\" decoding=\"async\" width=\"2560\" height=\"1706\" src=\"https:\/\/entrenotasyacordes.com\/wp-content\/uploads\/2024\/10\/1mm-1-scaled.jpg\" alt=\"\" class=\"wp-image-12351\" srcset=\"https:\/\/entrenotasyacordes.com\/wp-content\/uploads\/2024\/10\/1mm-1-scaled.jpg 2560w, https:\/\/entrenotasyacordes.com\/wp-content\/uploads\/2024\/10\/1mm-1-300x200.jpg 300w, https:\/\/entrenotasyacordes.com\/wp-content\/uploads\/2024\/10\/1mm-1-1024x683.jpg 1024w, https:\/\/entrenotasyacordes.com\/wp-content\/uploads\/2024\/10\/1mm-1-768x512.jpg 768w, https:\/\/entrenotasyacordes.com\/wp-content\/uploads\/2024\/10\/1mm-1-1536x1024.jpg 1536w, https:\/\/entrenotasyacordes.com\/wp-content\/uploads\/2024\/10\/1mm-1-2048x1365.jpg 2048w\" sizes=\"auto, (max-width: 2560px) 100vw, 2560px\" \/><\/figure>\n\n\n\n<p>Luego de haber realizado una gira internacional durante el 2023, cerr\u00f3 el a\u00f1o con el lanzamiento de un nuevo sencillo titulado \u201cImposible\u201d, el primer adelanto de su segundo disco solista y comenz\u00f3 este 2024 con la edici\u00f3n de un segundo adelanto \u201cCulpa\u201d. Estas canciones que forman parte del nuevo trabajo discogr\u00e1fico producido por Nico Cotton, demuestran que EMI contin\u00faa explorando sus distintas facetas como compositor, manteniendo siempre su sello personal pero encontrando un eje sonoro totalmente diferente al que nos tiene acostumbrados como l\u00edder de No Te Va Gustar.<\/p>\n\n\n\n<p>Mientras se encuentra de gira internacional festejando los 30 a\u00f1os de NTVG por todo el mundo, EMI regresa a Argentina con su proyecto solista.<\/p>\n\n\n\n<div style=\"height:23px\" aria-hidden=\"true\" class=\"wp-block-spacer\"><\/div>\n","protected":false},"excerpt":{"rendered":"","protected":false},"author":5,"featured_media":12350,"comment_status":"open","ping_status":"open","sticky":false,"template":"","format":"standard","meta":{"om_disable_all_campaigns":false,"_uf_show_specific_survey":0,"_uf_disable_surveys":false,"footnotes":""},"categories":[36],"tags":[],"class_list":["post-12349","post","type-post","status-publish","format-standard","has-post-thumbnail","hentry","category-conciertos"],"_links":{"self":[{"href":"https:\/\/entrenotasyacordes.com\/index.php?rest_route=\/wp\/v2\/posts\/12349","targetHints":{"allow":["GET"]}}],"collection":[{"href":"https:\/\/entrenotasyacordes.com\/index.php?rest_route=\/wp\/v2\/posts"}],"about":[{"href":"https:\/\/entrenotasyacordes.com\/index.php?rest_route=\/wp\/v2\/types\/post"}],"author":[{"embeddable":true,"href":"https:\/\/entrenotasyacordes.com\/index.php?rest_route=\/wp\/v2\/users\/5"}],"replies":[{"embeddable":true,"href":"https:\/\/entrenotasyacordes.com\/index.php?rest_route=%2Fwp%2Fv2%2Fcomments&post=12349"}],"version-history":[{"count":1,"href":"https:\/\/entrenotasyacordes.com\/index.php?rest_route=\/wp\/v2\/posts\/12349\/revisions"}],"predecessor-version":[{"id":12352,"href":"https:\/\/entrenotasyacordes.com\/index.php?rest_route=\/wp\/v2\/posts\/12349\/revisions\/12352"}],"wp:featuredmedia":[{"embeddable":true,"href":"https:\/\/entrenotasyacordes.com\/index.php?rest_route=\/wp\/v2\/media\/12350"}],"wp:attachment":[{"href":"https:\/\/entrenotasyacordes.com\/index.php?rest_route=%2Fwp%2Fv2%2Fmedia&parent=12349"}],"wp:term":[{"taxonomy":"category","embeddable":true,"href":"https:\/\/entrenotasyacordes.com\/index.php?rest_route=%2Fwp%2Fv2%2Fcategories&post=12349"},{"taxonomy":"post_tag","embeddable":true,"href":"https:\/\/entrenotasyacordes.com\/index.php?rest_route=%2Fwp%2Fv2%2Ftags&post=12349"}],"curies":[{"name":"wp","href":"https:\/\/api.w.org\/{rel}","templated":true}]}}