{"id":12353,"date":"2024-10-25T01:32:06","date_gmt":"2024-10-25T01:32:06","guid":{"rendered":"https:\/\/entrenotasyacordes.com\/?p=12353"},"modified":"2024-10-25T01:32:07","modified_gmt":"2024-10-25T01:32:07","slug":"rompan-todo-ya-estan-a-la-venta-las-entradas-para-billy-bond-y-la-pesada-del-rock-el-31-de-enero-en-el-gran","status":"publish","type":"post","link":"https:\/\/entrenotasyacordes.com\/?p=12353","title":{"rendered":"\u00a1ROMPAN TODO! Ya est\u00e1n a la venta las entradas para BILLY BOND Y LA PESADA DEL ROCK el 31 de ENERO en el GRAN"},"content":{"rendered":"\n<!--more-->\n\n\n\n<figure class=\"wp-block-image size-full\"><img loading=\"lazy\" decoding=\"async\" width=\"900\" height=\"800\" src=\"https:\/\/entrenotasyacordes.com\/wp-content\/uploads\/2024\/10\/1n.png\" alt=\"\" class=\"wp-image-12354\" srcset=\"https:\/\/entrenotasyacordes.com\/wp-content\/uploads\/2024\/10\/1n.png 900w, https:\/\/entrenotasyacordes.com\/wp-content\/uploads\/2024\/10\/1n-300x267.png 300w, https:\/\/entrenotasyacordes.com\/wp-content\/uploads\/2024\/10\/1n-768x683.png 768w\" sizes=\"auto, (max-width: 900px) 100vw, 900px\" \/><\/figure>\n\n\n\n<p class=\"has-black-color has-text-color has-link-color wp-elements-0b04efe8df0aa8db49ac345b75f8cc9b\">El ic\u00f3nico&nbsp;<strong>*Billy Bond y La Pesada del Rock*&nbsp;<\/strong>toma los escenarios, para &#8211;<em>esta vez<\/em>&#8211; rendir tributo a lo mejor del rock nacional y a sus propias historias.&nbsp; La cita ser\u00e1 en el legendario&nbsp;<strong>Teatro Gran Rex, el pr\u00f3ximo 31 de enero<\/strong><strong>&nbsp;de 2025<\/strong><strong>.&nbsp;<\/strong><\/p>\n\n\n\n<p><strong>Charly Garc\u00eda, Nito Mestre, Pappo, Spinetta, David Leb\u00f3n, Sui Generis, Ra\u00fal Porchetto, Vox Dei<\/strong>, son tan solo algunos de los nombres y bandas que tienen como denominador com\u00fan el nombre de&nbsp;<strong>Billy<\/strong>, el hombre detr\u00e1s de un movimiento que rompi\u00f3 las reglas en un momento crucial de la historia y del nacimiento del rock nacional.<\/p>\n\n\n\n<p class=\"has-black-color has-text-color has-link-color wp-elements-4dd7e394d4453480e409985d32a2d495\"><strong>\u201cBilly Bond\u201d<\/strong>\u00a0(Giuliano Canterini), siempre artista y hoy productor musical y teatral internacional, es silenciosamente responsable del gran ruido que fue el origen del rock.\u00a0 Copropietario y gerente de\u00a0<em>La Cueva<\/em>, punto de encuentro de m\u00fasicos como Los Shakers, Sandro, Pajarito Zaguri, Moris, Javier Mart\u00ednez, Tony Osanah, Willy Verdadguer, Los Gatos y Tanguito, construy\u00f3 el epicentro que gest\u00f3 al rock nacional.\u00a0\u00a0<\/p>\n\n\n\n<p class=\"has-black-color has-text-color has-link-color wp-elements-2ab14c8bfed622458feb781a66d8ec01\">Billy Bond y La Pesada del Rock and Roll fue inicialmente una banda abierta por la que desfilaron decenas de artistas.&nbsp; En su primer \u00e1lbum participaron Pappo, Spinetta, H\u00e9ctor \u201cPomo\u201d Lorenzo, Vitico, David Leb\u00f3n, Black Amaya, Javier Mart\u00ednez, Luis Gambolini, Nacho Smilari y Cacho Lafalce.&nbsp; El segundo disco cierra con una versi\u00f3n de \u201cLa Marcha de San Lorenzo\u201d que entr\u00f3 en la lista&nbsp;de censura oficial.<\/p>\n\n\n\n<p>En 1972, la banda participa de un festival de rock en el Luna Park que termina en absoluto caos al enfrentarse la polic\u00eda con el p\u00fablico.&nbsp; No pudiendo calmar la situaci\u00f3n desde el escenario, Billy exclama en resignaci\u00f3n \u201c\u00a1Bueno, rompan todo!\u201d, frase ic\u00f3nica que hasta el mismo d\u00eda de hoy es percibida por los amantes del rock como estandarte de revoluci\u00f3n y defensa de la libertad de expresi\u00f3n.<\/p>\n\n\n\n<p>Este show es m\u00e1s que un recital: es una obra musical de alto impacto audiovisual.&nbsp; Es un recorrido por la historia de Billy y su relaci\u00f3n con la m\u00fasica, el rock, los escenarios y los m\u00fasicos m\u00e1s importantes de la escena, quienes tambi\u00e9n estar\u00e1n invitados a este verdadero y emotivo tributo al rock nacional.<\/p>\n\n\n\n<p class=\"has-black-color has-text-color has-link-color wp-elements-b9409f9ef0a4d3dc2591a1608c1cfdcb\">Este regreso a los escenarios no es s\u00f3lo un homenaje a la trayectoria de\u00a0<strong>*Billy Bond*<\/strong>, sino una oportunidad \u00fanica para que los j\u00f3venes descubran la potencia de una banda que rompi\u00f3 con todos los moldes y estableci\u00f3 las bases del rock contestatario argentino.\u00a0<\/p>\n\n\n\n<p class=\"has-black-color has-text-color has-link-color wp-elements-464b8ba3c2b8b973d9ab0da9a3bcf7f4\"><strong>Ser\u00e1 una noche para viajar en el tiempo y reencontrarse con la esencia m\u00e1s pura del rock en su estado m\u00e1s rebelde y original<\/strong><\/p>\n\n\n\n<figure class=\"wp-block-image size-full\"><img loading=\"lazy\" decoding=\"async\" width=\"1707\" height=\"2560\" src=\"https:\/\/entrenotasyacordes.com\/wp-content\/uploads\/2024\/10\/1nn-scaled.jpg\" alt=\"\" class=\"wp-image-12355\" srcset=\"https:\/\/entrenotasyacordes.com\/wp-content\/uploads\/2024\/10\/1nn-scaled.jpg 1707w, https:\/\/entrenotasyacordes.com\/wp-content\/uploads\/2024\/10\/1nn-200x300.jpg 200w, https:\/\/entrenotasyacordes.com\/wp-content\/uploads\/2024\/10\/1nn-683x1024.jpg 683w, https:\/\/entrenotasyacordes.com\/wp-content\/uploads\/2024\/10\/1nn-768x1152.jpg 768w, https:\/\/entrenotasyacordes.com\/wp-content\/uploads\/2024\/10\/1nn-1024x1535.jpg 1024w, https:\/\/entrenotasyacordes.com\/wp-content\/uploads\/2024\/10\/1nn-1366x2048.jpg 1366w\" sizes=\"auto, (max-width: 1707px) 100vw, 1707px\" \/><\/figure>\n\n\n\n<div style=\"height:23px\" aria-hidden=\"true\" class=\"wp-block-spacer\"><\/div>\n","protected":false},"excerpt":{"rendered":"","protected":false},"author":5,"featured_media":12354,"comment_status":"open","ping_status":"open","sticky":false,"template":"","format":"standard","meta":{"om_disable_all_campaigns":false,"_uf_show_specific_survey":0,"_uf_disable_surveys":false,"footnotes":""},"categories":[36],"tags":[],"class_list":["post-12353","post","type-post","status-publish","format-standard","has-post-thumbnail","hentry","category-conciertos"],"_links":{"self":[{"href":"https:\/\/entrenotasyacordes.com\/index.php?rest_route=\/wp\/v2\/posts\/12353","targetHints":{"allow":["GET"]}}],"collection":[{"href":"https:\/\/entrenotasyacordes.com\/index.php?rest_route=\/wp\/v2\/posts"}],"about":[{"href":"https:\/\/entrenotasyacordes.com\/index.php?rest_route=\/wp\/v2\/types\/post"}],"author":[{"embeddable":true,"href":"https:\/\/entrenotasyacordes.com\/index.php?rest_route=\/wp\/v2\/users\/5"}],"replies":[{"embeddable":true,"href":"https:\/\/entrenotasyacordes.com\/index.php?rest_route=%2Fwp%2Fv2%2Fcomments&post=12353"}],"version-history":[{"count":1,"href":"https:\/\/entrenotasyacordes.com\/index.php?rest_route=\/wp\/v2\/posts\/12353\/revisions"}],"predecessor-version":[{"id":12356,"href":"https:\/\/entrenotasyacordes.com\/index.php?rest_route=\/wp\/v2\/posts\/12353\/revisions\/12356"}],"wp:featuredmedia":[{"embeddable":true,"href":"https:\/\/entrenotasyacordes.com\/index.php?rest_route=\/wp\/v2\/media\/12354"}],"wp:attachment":[{"href":"https:\/\/entrenotasyacordes.com\/index.php?rest_route=%2Fwp%2Fv2%2Fmedia&parent=12353"}],"wp:term":[{"taxonomy":"category","embeddable":true,"href":"https:\/\/entrenotasyacordes.com\/index.php?rest_route=%2Fwp%2Fv2%2Fcategories&post=12353"},{"taxonomy":"post_tag","embeddable":true,"href":"https:\/\/entrenotasyacordes.com\/index.php?rest_route=%2Fwp%2Fv2%2Ftags&post=12353"}],"curies":[{"name":"wp","href":"https:\/\/api.w.org\/{rel}","templated":true}]}}