{"id":12457,"date":"2024-11-04T23:24:22","date_gmt":"2024-11-04T23:24:22","guid":{"rendered":"https:\/\/entrenotasyacordes.com\/?p=12457"},"modified":"2024-11-04T23:24:23","modified_gmt":"2024-11-04T23:24:23","slug":"la-vela-peruca-presenta-su-nuevo-espectaculo-enves-en-el-gran-rex-%f0%9f%94%a5","status":"publish","type":"post","link":"https:\/\/entrenotasyacordes.com\/?p=12457","title":{"rendered":"La Vela Peruca presenta su nuevo espect\u00e1culo \u00abEnv\u00e9s\u00bb en el Gran Rex \ud83d\udd25"},"content":{"rendered":"\n<!--more-->\n\n\n\n<p>Con un show renovado, la banda uruguaya di\u00f3 el puntapi\u00e9 inicial a la serie de dos shows en el Teatro Gran Rex en el marco de su nuevo espect\u00e1culo \u201cEnv\u00e9s\u201d.<\/p>\n\n\n\n<p>El primer invitado de la jornada fue Pedro Dalton, cantante de la banda uruguaya \u201cBuenos Muchachos\u201d para hacer una hermosa versi\u00f3n de \u201cHoy Tranquilo\u201d. Para el segundo invitado se vivi\u00f3 un momento m\u00e1gico, el Enano present\u00f3 a Lisandro Aristimu\u00f1o y se fundieron en un abrazo antes de interpretar \u201cVes\u201d, otro de los invitados fue Garo Arakelian para la canci\u00f3n \u201cEn El Limbo\u201d y por \u00faltimo, Ernesto Tabarez para hacer una gran versi\u00f3n de \u201cRespira\u201d.<\/p>\n\n\n\n<p>\u270d\ufe0f\u00a0<a href=\"https:\/\/www.instagram.com\/melodyluceropr1\/\">@melodyluceropr1<\/a><br>\ud83d\udcf8\u00a0<a href=\"https:\/\/www.instagram.com\/niko.fotografiaok\/\">@niko.fotografiaok<\/a><\/p>\n\n\n\n<figure class=\"wp-block-gallery has-nested-images columns-default is-cropped wp-block-gallery-1 is-layout-flex wp-block-gallery-is-layout-flex\">\n<figure class=\"wp-block-image size-large\"><img loading=\"lazy\" decoding=\"async\" width=\"819\" height=\"1024\" data-id=\"12470\" src=\"https:\/\/entrenotasyacordes.com\/wp-content\/uploads\/2024\/11\/La-Vela-Puerca-18-819x1024.jpeg\" alt=\"\" class=\"wp-image-12470\" srcset=\"https:\/\/entrenotasyacordes.com\/wp-content\/uploads\/2024\/11\/La-Vela-Puerca-18-819x1024.jpeg 819w, https:\/\/entrenotasyacordes.com\/wp-content\/uploads\/2024\/11\/La-Vela-Puerca-18-240x300.jpeg 240w, https:\/\/entrenotasyacordes.com\/wp-content\/uploads\/2024\/11\/La-Vela-Puerca-18-768x960.jpeg 768w, https:\/\/entrenotasyacordes.com\/wp-content\/uploads\/2024\/11\/La-Vela-Puerca-18-1024x1280.jpeg 1024w, https:\/\/entrenotasyacordes.com\/wp-content\/uploads\/2024\/11\/La-Vela-Puerca-18.jpeg 1080w\" sizes=\"auto, (max-width: 819px) 100vw, 819px\" \/><\/figure>\n\n\n\n<figure class=\"wp-block-image size-large\"><img loading=\"lazy\" decoding=\"async\" width=\"819\" height=\"1024\" data-id=\"12471\" src=\"https:\/\/entrenotasyacordes.com\/wp-content\/uploads\/2024\/11\/La-Vela-Puerca-15-819x1024.jpeg\" alt=\"\" class=\"wp-image-12471\" srcset=\"https:\/\/entrenotasyacordes.com\/wp-content\/uploads\/2024\/11\/La-Vela-Puerca-15-819x1024.jpeg 819w, https:\/\/entrenotasyacordes.com\/wp-content\/uploads\/2024\/11\/La-Vela-Puerca-15-240x300.jpeg 240w, https:\/\/entrenotasyacordes.com\/wp-content\/uploads\/2024\/11\/La-Vela-Puerca-15-768x960.jpeg 768w, https:\/\/entrenotasyacordes.com\/wp-content\/uploads\/2024\/11\/La-Vela-Puerca-15-1024x1280.jpeg 1024w, https:\/\/entrenotasyacordes.com\/wp-content\/uploads\/2024\/11\/La-Vela-Puerca-15.jpeg 1080w\" sizes=\"auto, (max-width: 819px) 100vw, 819px\" \/><\/figure>\n\n\n\n<figure class=\"wp-block-image size-large\"><img loading=\"lazy\" decoding=\"async\" width=\"819\" height=\"1024\" data-id=\"12472\" src=\"https:\/\/entrenotasyacordes.com\/wp-content\/uploads\/2024\/11\/La-Vela-Puerca-13-819x1024.jpeg\" alt=\"\" class=\"wp-image-12472\" srcset=\"https:\/\/entrenotasyacordes.com\/wp-content\/uploads\/2024\/11\/La-Vela-Puerca-13-819x1024.jpeg 819w, https:\/\/entrenotasyacordes.com\/wp-content\/uploads\/2024\/11\/La-Vela-Puerca-13-240x300.jpeg 240w, https:\/\/entrenotasyacordes.com\/wp-content\/uploads\/2024\/11\/La-Vela-Puerca-13-768x960.jpeg 768w, https:\/\/entrenotasyacordes.com\/wp-content\/uploads\/2024\/11\/La-Vela-Puerca-13-1024x1280.jpeg 1024w, https:\/\/entrenotasyacordes.com\/wp-content\/uploads\/2024\/11\/La-Vela-Puerca-13.jpeg 1080w\" sizes=\"auto, (max-width: 819px) 100vw, 819px\" \/><\/figure>\n\n\n\n<figure class=\"wp-block-image size-large\"><img loading=\"lazy\" decoding=\"async\" width=\"819\" height=\"1024\" data-id=\"12473\" src=\"https:\/\/entrenotasyacordes.com\/wp-content\/uploads\/2024\/11\/La-Vela-Puerca-16-819x1024.jpeg\" alt=\"\" class=\"wp-image-12473\" srcset=\"https:\/\/entrenotasyacordes.com\/wp-content\/uploads\/2024\/11\/La-Vela-Puerca-16-819x1024.jpeg 819w, https:\/\/entrenotasyacordes.com\/wp-content\/uploads\/2024\/11\/La-Vela-Puerca-16-240x300.jpeg 240w, https:\/\/entrenotasyacordes.com\/wp-content\/uploads\/2024\/11\/La-Vela-Puerca-16-768x960.jpeg 768w, https:\/\/entrenotasyacordes.com\/wp-content\/uploads\/2024\/11\/La-Vela-Puerca-16-1024x1280.jpeg 1024w, https:\/\/entrenotasyacordes.com\/wp-content\/uploads\/2024\/11\/La-Vela-Puerca-16.jpeg 1080w\" sizes=\"auto, (max-width: 819px) 100vw, 819px\" \/><\/figure>\n\n\n\n<figure class=\"wp-block-image size-large\"><img loading=\"lazy\" decoding=\"async\" width=\"819\" height=\"1024\" data-id=\"12474\" src=\"https:\/\/entrenotasyacordes.com\/wp-content\/uploads\/2024\/11\/La-Vela-Puerca-04-819x1024.jpeg\" alt=\"\" class=\"wp-image-12474\" srcset=\"https:\/\/entrenotasyacordes.com\/wp-content\/uploads\/2024\/11\/La-Vela-Puerca-04-819x1024.jpeg 819w, https:\/\/entrenotasyacordes.com\/wp-content\/uploads\/2024\/11\/La-Vela-Puerca-04-240x300.jpeg 240w, https:\/\/entrenotasyacordes.com\/wp-content\/uploads\/2024\/11\/La-Vela-Puerca-04-768x960.jpeg 768w, https:\/\/entrenotasyacordes.com\/wp-content\/uploads\/2024\/11\/La-Vela-Puerca-04-1024x1280.jpeg 1024w, https:\/\/entrenotasyacordes.com\/wp-content\/uploads\/2024\/11\/La-Vela-Puerca-04.jpeg 1080w\" sizes=\"auto, (max-width: 819px) 100vw, 819px\" \/><\/figure>\n\n\n\n<figure class=\"wp-block-image size-large\"><img loading=\"lazy\" decoding=\"async\" width=\"819\" height=\"1024\" data-id=\"12475\" src=\"https:\/\/entrenotasyacordes.com\/wp-content\/uploads\/2024\/11\/La-Vela-Puerca-06-819x1024.jpeg\" alt=\"\" class=\"wp-image-12475\" srcset=\"https:\/\/entrenotasyacordes.com\/wp-content\/uploads\/2024\/11\/La-Vela-Puerca-06-819x1024.jpeg 819w, https:\/\/entrenotasyacordes.com\/wp-content\/uploads\/2024\/11\/La-Vela-Puerca-06-240x300.jpeg 240w, https:\/\/entrenotasyacordes.com\/wp-content\/uploads\/2024\/11\/La-Vela-Puerca-06-768x960.jpeg 768w, https:\/\/entrenotasyacordes.com\/wp-content\/uploads\/2024\/11\/La-Vela-Puerca-06-1024x1280.jpeg 1024w, https:\/\/entrenotasyacordes.com\/wp-content\/uploads\/2024\/11\/La-Vela-Puerca-06.jpeg 1080w\" sizes=\"auto, (max-width: 819px) 100vw, 819px\" \/><\/figure>\n\n\n\n<figure class=\"wp-block-image size-large\"><img loading=\"lazy\" decoding=\"async\" width=\"819\" height=\"1024\" data-id=\"12476\" src=\"https:\/\/entrenotasyacordes.com\/wp-content\/uploads\/2024\/11\/La-Vela-Puerca-20-819x1024.jpeg\" alt=\"\" class=\"wp-image-12476\" srcset=\"https:\/\/entrenotasyacordes.com\/wp-content\/uploads\/2024\/11\/La-Vela-Puerca-20-819x1024.jpeg 819w, https:\/\/entrenotasyacordes.com\/wp-content\/uploads\/2024\/11\/La-Vela-Puerca-20-240x300.jpeg 240w, https:\/\/entrenotasyacordes.com\/wp-content\/uploads\/2024\/11\/La-Vela-Puerca-20-768x960.jpeg 768w, https:\/\/entrenotasyacordes.com\/wp-content\/uploads\/2024\/11\/La-Vela-Puerca-20-1024x1280.jpeg 1024w, https:\/\/entrenotasyacordes.com\/wp-content\/uploads\/2024\/11\/La-Vela-Puerca-20.jpeg 1080w\" sizes=\"auto, (max-width: 819px) 100vw, 819px\" \/><\/figure>\n\n\n\n<figure class=\"wp-block-image size-large\"><img loading=\"lazy\" decoding=\"async\" width=\"819\" height=\"1024\" data-id=\"12477\" src=\"https:\/\/entrenotasyacordes.com\/wp-content\/uploads\/2024\/11\/La-Vela-Puerca-07-819x1024.jpeg\" alt=\"\" class=\"wp-image-12477\" srcset=\"https:\/\/entrenotasyacordes.com\/wp-content\/uploads\/2024\/11\/La-Vela-Puerca-07-819x1024.jpeg 819w, https:\/\/entrenotasyacordes.com\/wp-content\/uploads\/2024\/11\/La-Vela-Puerca-07-240x300.jpeg 240w, https:\/\/entrenotasyacordes.com\/wp-content\/uploads\/2024\/11\/La-Vela-Puerca-07-768x960.jpeg 768w, https:\/\/entrenotasyacordes.com\/wp-content\/uploads\/2024\/11\/La-Vela-Puerca-07-1024x1280.jpeg 1024w, https:\/\/entrenotasyacordes.com\/wp-content\/uploads\/2024\/11\/La-Vela-Puerca-07.jpeg 1080w\" sizes=\"auto, (max-width: 819px) 100vw, 819px\" \/><\/figure>\n\n\n\n<figure class=\"wp-block-image size-large\"><img loading=\"lazy\" decoding=\"async\" width=\"819\" height=\"1024\" data-id=\"12478\" src=\"https:\/\/entrenotasyacordes.com\/wp-content\/uploads\/2024\/11\/La-Vela-Puerca-10-819x1024.jpeg\" alt=\"\" class=\"wp-image-12478\" srcset=\"https:\/\/entrenotasyacordes.com\/wp-content\/uploads\/2024\/11\/La-Vela-Puerca-10-819x1024.jpeg 819w, https:\/\/entrenotasyacordes.com\/wp-content\/uploads\/2024\/11\/La-Vela-Puerca-10-240x300.jpeg 240w, https:\/\/entrenotasyacordes.com\/wp-content\/uploads\/2024\/11\/La-Vela-Puerca-10-768x960.jpeg 768w, https:\/\/entrenotasyacordes.com\/wp-content\/uploads\/2024\/11\/La-Vela-Puerca-10-1024x1280.jpeg 1024w, https:\/\/entrenotasyacordes.com\/wp-content\/uploads\/2024\/11\/La-Vela-Puerca-10.jpeg 1080w\" sizes=\"auto, (max-width: 819px) 100vw, 819px\" \/><\/figure>\n<\/figure>\n\n\n\n<p><\/p>\n","protected":false},"excerpt":{"rendered":"","protected":false},"author":5,"featured_media":12469,"comment_status":"open","ping_status":"open","sticky":false,"template":"","format":"standard","meta":{"om_disable_all_campaigns":false,"_uf_show_specific_survey":0,"_uf_disable_surveys":false,"footnotes":""},"categories":[7],"tags":[],"class_list":["post-12457","post","type-post","status-publish","format-standard","has-post-thumbnail","hentry","category-coberturas"],"_links":{"self":[{"href":"https:\/\/entrenotasyacordes.com\/index.php?rest_route=\/wp\/v2\/posts\/12457","targetHints":{"allow":["GET"]}}],"collection":[{"href":"https:\/\/entrenotasyacordes.com\/index.php?rest_route=\/wp\/v2\/posts"}],"about":[{"href":"https:\/\/entrenotasyacordes.com\/index.php?rest_route=\/wp\/v2\/types\/post"}],"author":[{"embeddable":true,"href":"https:\/\/entrenotasyacordes.com\/index.php?rest_route=\/wp\/v2\/users\/5"}],"replies":[{"embeddable":true,"href":"https:\/\/entrenotasyacordes.com\/index.php?rest_route=%2Fwp%2Fv2%2Fcomments&post=12457"}],"version-history":[{"count":1,"href":"https:\/\/entrenotasyacordes.com\/index.php?rest_route=\/wp\/v2\/posts\/12457\/revisions"}],"predecessor-version":[{"id":12479,"href":"https:\/\/entrenotasyacordes.com\/index.php?rest_route=\/wp\/v2\/posts\/12457\/revisions\/12479"}],"wp:featuredmedia":[{"embeddable":true,"href":"https:\/\/entrenotasyacordes.com\/index.php?rest_route=\/wp\/v2\/media\/12469"}],"wp:attachment":[{"href":"https:\/\/entrenotasyacordes.com\/index.php?rest_route=%2Fwp%2Fv2%2Fmedia&parent=12457"}],"wp:term":[{"taxonomy":"category","embeddable":true,"href":"https:\/\/entrenotasyacordes.com\/index.php?rest_route=%2Fwp%2Fv2%2Fcategories&post=12457"},{"taxonomy":"post_tag","embeddable":true,"href":"https:\/\/entrenotasyacordes.com\/index.php?rest_route=%2Fwp%2Fv2%2Ftags&post=12457"}],"curies":[{"name":"wp","href":"https:\/\/api.w.org\/{rel}","templated":true}]}}