{"id":12698,"date":"2024-11-10T12:25:34","date_gmt":"2024-11-10T12:25:34","guid":{"rendered":"https:\/\/entrenotasyacordes.com\/?p=12698"},"modified":"2024-11-10T12:25:36","modified_gmt":"2024-11-10T12:25:36","slug":"la-condena-de-cain-suma-una-nueva-funcion-en-uniclub-de-su-show-20-anos-otra-vuelta-mas","status":"publish","type":"post","link":"https:\/\/entrenotasyacordes.com\/?p=12698","title":{"rendered":"La Condena de Ca\u00edn suma una nueva funci\u00f3n en Uniclub de su show 20 A\u00f1os \u00a1Otra Vuelta M\u00e1s!"},"content":{"rendered":"\n<!--more-->\n\n\n<div class=\"wp-block-image\">\n<figure class=\"aligncenter size-full is-resized\"><img loading=\"lazy\" decoding=\"async\" width=\"1081\" height=\"1081\" src=\"https:\/\/entrenotasyacordes.com\/wp-content\/uploads\/2024\/11\/1b.png\" alt=\"\" class=\"wp-image-12701\" style=\"width:503px;height:auto\" srcset=\"https:\/\/entrenotasyacordes.com\/wp-content\/uploads\/2024\/11\/1b.png 1081w, https:\/\/entrenotasyacordes.com\/wp-content\/uploads\/2024\/11\/1b-300x300.png 300w, https:\/\/entrenotasyacordes.com\/wp-content\/uploads\/2024\/11\/1b-1024x1024.png 1024w, https:\/\/entrenotasyacordes.com\/wp-content\/uploads\/2024\/11\/1b-150x150.png 150w, https:\/\/entrenotasyacordes.com\/wp-content\/uploads\/2024\/11\/1b-768x768.png 768w, https:\/\/entrenotasyacordes.com\/wp-content\/uploads\/2024\/11\/1b-50x50.png 50w\" sizes=\"auto, (max-width: 1081px) 100vw, 1081px\" \/><\/figure>\n<\/div>\n\n\n<p class=\"has-text-align-left\">Este 2024 encuentra a&nbsp;<strong>La Condena de Ca\u00edn<\/strong>&nbsp;celebrando sus 20 a\u00f1os, la banda este a\u00f1o lanz\u00f3 dos exitosos sencillos titulados&nbsp;<a href=\"https:\/\/open.spotify.com\/album\/0kKy1xTWy0jmSLvzIMosfk?si=aDT16JJrSIOXhsgt_1_-IQ&amp;utm_source=perfit&amp;utm_medium=email\" rel=\"noreferrer noopener\" target=\"_blank\">Def-Ghi<\/a>&nbsp;y recientemente&nbsp;<a href=\"https:\/\/open.spotify.com\/intl-es\/track\/2QQhgCsxNMDKw6lUqzZJo5?si=7b2e9b1f765b41fa&amp;utm_source=perfit&amp;utm_medium=email\" rel=\"noreferrer noopener\" target=\"_blank\">Bandidos<\/a>&nbsp;junto a la inigualable Lula Bertoldi.<\/p>\n\n\n\n<p class=\"has-text-align-left\">Los shows en vivo, claramente, han reflejado el crecimiento de la banda a paso firme a lo largo de dos d\u00e9cadas colmando las instalaciones de Uniclub el pasado mes de junio en los festejos de la banda, hoy\u00a0<strong>debido al \u00e9xito<\/strong>\u00a0de su show\u00a0<strong>anuncian el segundo festejo del a\u00f1o con una lista de temas completamente<\/strong>\u00a0<strong>diferente<\/strong>, la cita ser\u00e1\u00a0<strong>s\u00e1bado 23 de noviembre<\/strong>\u00a0&#8211; 20hs &#8211; en\u00a0<strong>Uniclub<\/strong>. Las<strong>\u00a0entradas<\/strong>\u00a0anticipadas ya se encuentran\u00a0<strong>a la venta por sistema<\/strong>\u00a0<strong><a href=\"https:\/\/alpogo.com\/evento\/la-condena-de-cain-uniclub-23-de-noviembre-15645?utm_source=perfit&amp;utm_medium=email\" target=\"_blank\" rel=\"noreferrer noopener\">AlPogo<\/a><\/strong><\/p>\n\n\n\n<p class=\"has-text-align-center\"><strong>M\u00fasico invitado:<\/strong>\u00a0Juan Pablo Alfieri<\/p>\n\n\n<div class=\"wp-block-image\">\n<figure class=\"aligncenter size-full is-resized\"><img loading=\"lazy\" decoding=\"async\" width=\"1978\" height=\"2560\" src=\"https:\/\/entrenotasyacordes.com\/wp-content\/uploads\/2024\/11\/1bb-scaled.jpg\" alt=\"\" class=\"wp-image-12702\" style=\"width:694px;height:auto\" srcset=\"https:\/\/entrenotasyacordes.com\/wp-content\/uploads\/2024\/11\/1bb-scaled.jpg 1978w, https:\/\/entrenotasyacordes.com\/wp-content\/uploads\/2024\/11\/1bb-232x300.jpg 232w, https:\/\/entrenotasyacordes.com\/wp-content\/uploads\/2024\/11\/1bb-791x1024.jpg 791w, https:\/\/entrenotasyacordes.com\/wp-content\/uploads\/2024\/11\/1bb-768x994.jpg 768w, https:\/\/entrenotasyacordes.com\/wp-content\/uploads\/2024\/11\/1bb-1187x1536.jpg 1187w, https:\/\/entrenotasyacordes.com\/wp-content\/uploads\/2024\/11\/1bb-1583x2048.jpg 1583w, https:\/\/entrenotasyacordes.com\/wp-content\/uploads\/2024\/11\/1bb-1024x1325.jpg 1024w\" sizes=\"auto, (max-width: 1978px) 100vw, 1978px\" \/><\/figure>\n<\/div>\n\n\n<p class=\"has-text-align-left\">La Condena de Ca\u00edn es una mixtura de integrantes oriundos de Puerto Madryn y Ciudad de Buenos Aires.<br>Con 20 a\u00f1os de historia a sus espaldas la banda cuenta con 5 discos editados y han recorrido los escenarios m\u00e1s importante del pa\u00eds a lo largo y ancho. As\u00ed como tambi\u00e9n han tocado con La Renga, Las Pelotas, El Tri (M\u00e9xico), Las Pastillas del Abuelo, El Bordo, entre otros. Adem\u00e1s de ser part\u00edcipes en los principales festivales de la Argentina y de ciclos entre los que se destacan, Ecunhi (ex ESMA) y Penal de Ezeiza.<\/p>\n\n\n\n<p class=\"has-text-align-center\"><strong>Integrantes:<\/strong><br>Sawa Mielnik (voz)<br>Mat\u00edas Westerkamp (guitarra)<br>Marcelo Di Giovanni (bajo)<br>Mauro Cognigni (bater\u00eda)<br>Damaris Pozner (teclados)<\/p>\n","protected":false},"excerpt":{"rendered":"","protected":false},"author":5,"featured_media":12701,"comment_status":"open","ping_status":"open","sticky":false,"template":"","format":"standard","meta":{"om_disable_all_campaigns":false,"_uf_show_specific_survey":0,"_uf_disable_surveys":false,"footnotes":""},"categories":[36],"tags":[],"class_list":["post-12698","post","type-post","status-publish","format-standard","has-post-thumbnail","hentry","category-conciertos"],"_links":{"self":[{"href":"https:\/\/entrenotasyacordes.com\/index.php?rest_route=\/wp\/v2\/posts\/12698","targetHints":{"allow":["GET"]}}],"collection":[{"href":"https:\/\/entrenotasyacordes.com\/index.php?rest_route=\/wp\/v2\/posts"}],"about":[{"href":"https:\/\/entrenotasyacordes.com\/index.php?rest_route=\/wp\/v2\/types\/post"}],"author":[{"embeddable":true,"href":"https:\/\/entrenotasyacordes.com\/index.php?rest_route=\/wp\/v2\/users\/5"}],"replies":[{"embeddable":true,"href":"https:\/\/entrenotasyacordes.com\/index.php?rest_route=%2Fwp%2Fv2%2Fcomments&post=12698"}],"version-history":[{"count":1,"href":"https:\/\/entrenotasyacordes.com\/index.php?rest_route=\/wp\/v2\/posts\/12698\/revisions"}],"predecessor-version":[{"id":12703,"href":"https:\/\/entrenotasyacordes.com\/index.php?rest_route=\/wp\/v2\/posts\/12698\/revisions\/12703"}],"wp:featuredmedia":[{"embeddable":true,"href":"https:\/\/entrenotasyacordes.com\/index.php?rest_route=\/wp\/v2\/media\/12701"}],"wp:attachment":[{"href":"https:\/\/entrenotasyacordes.com\/index.php?rest_route=%2Fwp%2Fv2%2Fmedia&parent=12698"}],"wp:term":[{"taxonomy":"category","embeddable":true,"href":"https:\/\/entrenotasyacordes.com\/index.php?rest_route=%2Fwp%2Fv2%2Fcategories&post=12698"},{"taxonomy":"post_tag","embeddable":true,"href":"https:\/\/entrenotasyacordes.com\/index.php?rest_route=%2Fwp%2Fv2%2Ftags&post=12698"}],"curies":[{"name":"wp","href":"https:\/\/api.w.org\/{rel}","templated":true}]}}