{"id":12700,"date":"2024-11-10T12:31:24","date_gmt":"2024-11-10T12:31:24","guid":{"rendered":"https:\/\/entrenotasyacordes.com\/?p=12700"},"modified":"2024-11-10T12:31:26","modified_gmt":"2024-11-10T12:31:26","slug":"cardellino-el-talentoso-artista-uruguayo-llega-el-15-de-noviembre-al-c-art-media-de-buenos-aires","status":"publish","type":"post","link":"https:\/\/entrenotasyacordes.com\/?p=12700","title":{"rendered":"CARDELLINO, el talentoso artista URUGUAYO, llega el 15 de NOVIEMBRE al C. ART MEDIA de BUENOS AIRES"},"content":{"rendered":"\n<!--more-->\n\n\n\n<p class=\"has-text-align-center\"><strong>CARDELLINO<\/strong><br><strong>\u00abTHE EXPERIENCE\u00bb<\/strong><\/p>\n\n\n\n<p class=\"has-text-align-center\"><strong>\u00a1El talentoso artista uruguayo se presenta en Buenos Aires con un \u00fanico show!<\/strong><\/p>\n\n\n\n<p class=\"has-text-align-center\"><strong>15 DE NOVIEMBRE &#8211; COMPLEJO ART MEDIA<\/strong><\/p>\n\n\n<div class=\"wp-block-image\">\n<figure class=\"aligncenter size-full is-resized\"><img loading=\"lazy\" decoding=\"async\" width=\"1080\" height=\"1080\" src=\"https:\/\/entrenotasyacordes.com\/wp-content\/uploads\/2024\/11\/1d.jpg\" alt=\"\" class=\"wp-image-12707\" style=\"width:503px;height:auto\" srcset=\"https:\/\/entrenotasyacordes.com\/wp-content\/uploads\/2024\/11\/1d.jpg 1080w, https:\/\/entrenotasyacordes.com\/wp-content\/uploads\/2024\/11\/1d-300x300.jpg 300w, https:\/\/entrenotasyacordes.com\/wp-content\/uploads\/2024\/11\/1d-1024x1024.jpg 1024w, https:\/\/entrenotasyacordes.com\/wp-content\/uploads\/2024\/11\/1d-150x150.jpg 150w, https:\/\/entrenotasyacordes.com\/wp-content\/uploads\/2024\/11\/1d-768x768.jpg 768w, https:\/\/entrenotasyacordes.com\/wp-content\/uploads\/2024\/11\/1d-50x50.jpg 50w\" sizes=\"auto, (max-width: 1080px) 100vw, 1080px\" \/><\/figure>\n<\/div>\n\n\n<p>Tras agotar sus tres primeras giras mundiales, llenar el emblem\u00e1tico estadio Luna Park en 2023 y cerrar el a\u00f1o pasado con una serie de shows unplugged en el Coliseo de Buenos Aires, Cardellino se prepara para ofrecer su \u00fanico espect\u00e1culo en Argentina en 2024.<\/p>\n\n\n\n<p>El evento tendr\u00e1 lugar el pr\u00f3ximo<strong>&nbsp;15 de noviembre en el Complejo Art Media<\/strong>, donde interpretar\u00e1 temas de su repertorio y adelantar\u00e1 algunas canciones de su nuevo \u00e1lbum, que ser\u00e1 lanzado a finales de noviembre.<\/p>\n\n\n\n<p>Reconocido como uno de los artistas m\u00e1s completos y distintivos del cono sur,&nbsp;<strong>Cardellino&nbsp;<\/strong>es productor, compositor y multi-instrumentista. Con cuatro \u00e1lbumes de estudio y m\u00e1s de 200 millones de reproducciones en plataformas digitales, ha sido uno de los diez artistas uruguayos m\u00e1s escuchados a nivel global desde 2021.<\/p>\n\n\n\n<p>La noche terminar\u00e1 con un after party en el mismo lugar, en el marco de una nueva edici\u00f3n de la reconocida fiesta \u201cLove Dealer Club\u201d.<\/p>\n\n\n<div class=\"wp-block-image\">\n<figure class=\"aligncenter size-full is-resized\"><img loading=\"lazy\" decoding=\"async\" width=\"1024\" height=\"683\" src=\"https:\/\/entrenotasyacordes.com\/wp-content\/uploads\/2024\/11\/1dd.jpg\" alt=\"\" class=\"wp-image-12708\" style=\"width:694px;height:auto\" srcset=\"https:\/\/entrenotasyacordes.com\/wp-content\/uploads\/2024\/11\/1dd.jpg 1024w, https:\/\/entrenotasyacordes.com\/wp-content\/uploads\/2024\/11\/1dd-300x200.jpg 300w, https:\/\/entrenotasyacordes.com\/wp-content\/uploads\/2024\/11\/1dd-768x512.jpg 768w\" sizes=\"auto, (max-width: 1024px) 100vw, 1024px\" \/><\/figure>\n<\/div>\n\n\n<p class=\"has-text-align-left\"><\/p>\n","protected":false},"excerpt":{"rendered":"","protected":false},"author":5,"featured_media":12707,"comment_status":"open","ping_status":"open","sticky":false,"template":"","format":"standard","meta":{"om_disable_all_campaigns":false,"_uf_show_specific_survey":0,"_uf_disable_surveys":false,"footnotes":""},"categories":[36],"tags":[],"class_list":["post-12700","post","type-post","status-publish","format-standard","has-post-thumbnail","hentry","category-conciertos"],"_links":{"self":[{"href":"https:\/\/entrenotasyacordes.com\/index.php?rest_route=\/wp\/v2\/posts\/12700","targetHints":{"allow":["GET"]}}],"collection":[{"href":"https:\/\/entrenotasyacordes.com\/index.php?rest_route=\/wp\/v2\/posts"}],"about":[{"href":"https:\/\/entrenotasyacordes.com\/index.php?rest_route=\/wp\/v2\/types\/post"}],"author":[{"embeddable":true,"href":"https:\/\/entrenotasyacordes.com\/index.php?rest_route=\/wp\/v2\/users\/5"}],"replies":[{"embeddable":true,"href":"https:\/\/entrenotasyacordes.com\/index.php?rest_route=%2Fwp%2Fv2%2Fcomments&post=12700"}],"version-history":[{"count":1,"href":"https:\/\/entrenotasyacordes.com\/index.php?rest_route=\/wp\/v2\/posts\/12700\/revisions"}],"predecessor-version":[{"id":12709,"href":"https:\/\/entrenotasyacordes.com\/index.php?rest_route=\/wp\/v2\/posts\/12700\/revisions\/12709"}],"wp:featuredmedia":[{"embeddable":true,"href":"https:\/\/entrenotasyacordes.com\/index.php?rest_route=\/wp\/v2\/media\/12707"}],"wp:attachment":[{"href":"https:\/\/entrenotasyacordes.com\/index.php?rest_route=%2Fwp%2Fv2%2Fmedia&parent=12700"}],"wp:term":[{"taxonomy":"category","embeddable":true,"href":"https:\/\/entrenotasyacordes.com\/index.php?rest_route=%2Fwp%2Fv2%2Fcategories&post=12700"},{"taxonomy":"post_tag","embeddable":true,"href":"https:\/\/entrenotasyacordes.com\/index.php?rest_route=%2Fwp%2Fv2%2Ftags&post=12700"}],"curies":[{"name":"wp","href":"https:\/\/api.w.org\/{rel}","templated":true}]}}