{"id":12710,"date":"2024-11-10T12:34:35","date_gmt":"2024-11-10T12:34:35","guid":{"rendered":"https:\/\/entrenotasyacordes.com\/?p=12710"},"modified":"2024-11-10T12:34:37","modified_gmt":"2024-11-10T12:34:37","slug":"nonpalidece-llega-por-primera-vez-al-movistar-arena-24-de-abril-para-presentacion-oficial-de-su-disco-hecho-en-jamaica","status":"publish","type":"post","link":"https:\/\/entrenotasyacordes.com\/?p=12710","title":{"rendered":"NONPALIDECE LLEGA POR PRIMERA VEZ AL\u00a0MOVISTAR ARENA 24 DE ABRIL\u00a0PARA PRESENTACI\u00d3N OFICIAL DE SU DISCO \u00abHECHO EN JAMAICA\u00bb"},"content":{"rendered":"\n<!--more-->\n\n\n<div class=\"wp-block-image\">\n<figure class=\"aligncenter size-full is-resized\"><img loading=\"lazy\" decoding=\"async\" width=\"660\" height=\"825\" src=\"https:\/\/entrenotasyacordes.com\/wp-content\/uploads\/2024\/11\/1e.jpg\" alt=\"\" class=\"wp-image-12711\" style=\"width:503px;height:auto\" srcset=\"https:\/\/entrenotasyacordes.com\/wp-content\/uploads\/2024\/11\/1e.jpg 660w, https:\/\/entrenotasyacordes.com\/wp-content\/uploads\/2024\/11\/1e-240x300.jpg 240w\" sizes=\"auto, (max-width: 660px) 100vw, 660px\" \/><\/figure>\n<\/div>\n\n\n<p class=\"has-text-align-left\"><strong>Nonpalidece<\/strong>\u00a0llega por primera vez al Movistar Arena para presentar su nuevo disco \u00abHecho en Jamaica\u00bb. Con producci\u00f3n de Fenix Entertainment, la cita ser\u00e1 el 24 de abril de 2025; las entradas ya se pueden comprar a trav\u00e9s de\u00a0<a href=\"http:\/\/www.movistararena.com.ar.\/\" target=\"_blank\" rel=\"noreferrer noopener\">www.movistararena.com.ar.<\/a><\/p>\n\n\n<div class=\"wp-block-image\">\n<figure class=\"aligncenter size-full is-resized\"><img loading=\"lazy\" decoding=\"async\" width=\"660\" height=\"440\" src=\"https:\/\/entrenotasyacordes.com\/wp-content\/uploads\/2024\/11\/1ee.jpg\" alt=\"\" class=\"wp-image-12712\" style=\"width:694px;height:auto\" srcset=\"https:\/\/entrenotasyacordes.com\/wp-content\/uploads\/2024\/11\/1ee.jpg 660w, https:\/\/entrenotasyacordes.com\/wp-content\/uploads\/2024\/11\/1ee-300x200.jpg 300w\" sizes=\"auto, (max-width: 660px) 100vw, 660px\" \/><\/figure>\n<\/div>\n\n\n<p>Con 28 a\u00f1os de carrera y el m\u00e9rito de ser una de las bandas m\u00e1s populares y convocantes de reggae en latinoam\u00e9rica, Nonpalidece estrena su disco de cl\u00e1sicos donde cumplieron uno de sus mayores sue\u00f1os: viajaron a Jamaica, la cuna del reggae, para grabar esta nueva producci\u00f3n, parte de su historia musical que se re versiona en un viaje a la isla donde todo comenz\u00f3.<\/p>\n\n\n\n<p>Las canciones m\u00e1s queridas por su p\u00fablico, las m\u00e1s emblem\u00e1ticas, las que marcaron un antes y un despu\u00e9s son reinterpretadas en este \u00e1lbum, en un tracklist sin igual: La Flor, Reggae en el Universo, Love Song, En El Aire, Dame Luz, Mi Fortaleza y muchos m\u00e1s.<\/p>\n\n\n\n<p>Con la participaci\u00f3n de celebridades de la m\u00fasica como invitados de lujo, el \u00e1lbum cuenta con colaboraciones de alto nivel como&nbsp;<strong>Fito Paez, Fabiana Cantilo, Mykal Rose, No Te Va Gustar, Ke Personajes, Alborosie, Natiruts, La Delio Valdez, La Mala Rodriguez y Juanse,<\/strong>&nbsp;entre otros artistas consagrados internacionalmente.<\/p>\n\n\n\n<p class=\"has-text-align-left\"><strong>El 24 de abril en el Movistar Arena<\/strong>&nbsp;ser\u00e1 la oportunidad para escuchar en vivo los cl\u00e1sicos de Nonpalidece, estas nuevas versiones donde seguramente los acompa\u00f1ar\u00e1n ese d\u00eda algunos de los invitados que grabaron junto a ellos, ser\u00e1 un nuevo encuentro de festejo y celebraci\u00f3n, sin lugar a dudas imperdible.<\/p>\n\n\n\n<p class=\"has-text-align-left\"><strong>Durante la noche del martes 5 de noviembre, se realiz\u00f3 una avant premiere con un show exclusivo en La Trastienda para prensa y p\u00fablico: ah\u00ed, la banda dio a conocer un trailer con avances del disco, que estar\u00e1 disponible el 7 de noviembre, y toc\u00f3 en vivo junto a algunos invitados especiales como No Te Va Gustar, La Delio Valdez y Luis Alfa.<\/strong><\/p>\n\n\n\n<p><\/p>\n","protected":false},"excerpt":{"rendered":"","protected":false},"author":5,"featured_media":12711,"comment_status":"open","ping_status":"open","sticky":false,"template":"","format":"standard","meta":{"om_disable_all_campaigns":false,"_uf_show_specific_survey":0,"_uf_disable_surveys":false,"footnotes":""},"categories":[36],"tags":[],"class_list":["post-12710","post","type-post","status-publish","format-standard","has-post-thumbnail","hentry","category-conciertos"],"_links":{"self":[{"href":"https:\/\/entrenotasyacordes.com\/index.php?rest_route=\/wp\/v2\/posts\/12710","targetHints":{"allow":["GET"]}}],"collection":[{"href":"https:\/\/entrenotasyacordes.com\/index.php?rest_route=\/wp\/v2\/posts"}],"about":[{"href":"https:\/\/entrenotasyacordes.com\/index.php?rest_route=\/wp\/v2\/types\/post"}],"author":[{"embeddable":true,"href":"https:\/\/entrenotasyacordes.com\/index.php?rest_route=\/wp\/v2\/users\/5"}],"replies":[{"embeddable":true,"href":"https:\/\/entrenotasyacordes.com\/index.php?rest_route=%2Fwp%2Fv2%2Fcomments&post=12710"}],"version-history":[{"count":1,"href":"https:\/\/entrenotasyacordes.com\/index.php?rest_route=\/wp\/v2\/posts\/12710\/revisions"}],"predecessor-version":[{"id":12713,"href":"https:\/\/entrenotasyacordes.com\/index.php?rest_route=\/wp\/v2\/posts\/12710\/revisions\/12713"}],"wp:featuredmedia":[{"embeddable":true,"href":"https:\/\/entrenotasyacordes.com\/index.php?rest_route=\/wp\/v2\/media\/12711"}],"wp:attachment":[{"href":"https:\/\/entrenotasyacordes.com\/index.php?rest_route=%2Fwp%2Fv2%2Fmedia&parent=12710"}],"wp:term":[{"taxonomy":"category","embeddable":true,"href":"https:\/\/entrenotasyacordes.com\/index.php?rest_route=%2Fwp%2Fv2%2Fcategories&post=12710"},{"taxonomy":"post_tag","embeddable":true,"href":"https:\/\/entrenotasyacordes.com\/index.php?rest_route=%2Fwp%2Fv2%2Ftags&post=12710"}],"curies":[{"name":"wp","href":"https:\/\/api.w.org\/{rel}","templated":true}]}}