{"id":12714,"date":"2024-11-11T23:40:13","date_gmt":"2024-11-11T23:40:13","guid":{"rendered":"https:\/\/entrenotasyacordes.com\/?p=12714"},"modified":"2024-11-11T23:40:14","modified_gmt":"2024-11-11T23:40:14","slug":"malu-llega-al-teatro-opera-con-la-gira-a-todo-si-25-anos-de-aprendiz","status":"publish","type":"post","link":"https:\/\/entrenotasyacordes.com\/?p=12714","title":{"rendered":"MAL\u00da LLEGA AL TEATRO \u00d3PERA CON LA GIRA \u201cA TODO S\u00cd &#8211; 25 A\u00d1OS DE APRENDIZ\u201d"},"content":{"rendered":"\n<!--more-->\n\n\n\n<p class=\"has-text-align-center\"><strong>S\u00c1BADO 24 DE MAYO | 21 HS<\/strong><\/p>\n\n\n<div class=\"wp-block-image\">\n<figure class=\"aligncenter size-full is-resized\"><img loading=\"lazy\" decoding=\"async\" width=\"1080\" height=\"1080\" src=\"https:\/\/entrenotasyacordes.com\/wp-content\/uploads\/2024\/11\/2a.jpg\" alt=\"\" class=\"wp-image-12715\" style=\"width:503px;height:auto\" srcset=\"https:\/\/entrenotasyacordes.com\/wp-content\/uploads\/2024\/11\/2a.jpg 1080w, https:\/\/entrenotasyacordes.com\/wp-content\/uploads\/2024\/11\/2a-300x300.jpg 300w, https:\/\/entrenotasyacordes.com\/wp-content\/uploads\/2024\/11\/2a-1024x1024.jpg 1024w, https:\/\/entrenotasyacordes.com\/wp-content\/uploads\/2024\/11\/2a-150x150.jpg 150w, https:\/\/entrenotasyacordes.com\/wp-content\/uploads\/2024\/11\/2a-768x768.jpg 768w, https:\/\/entrenotasyacordes.com\/wp-content\/uploads\/2024\/11\/2a-50x50.jpg 50w\" sizes=\"auto, (max-width: 1080px) 100vw, 1080px\" \/><\/figure>\n<\/div>\n\n\n<ul class=\"wp-block-list\">\n<li><strong>La espa\u00f1ola, que ha vendido m\u00e1s de dos millones y medio de discos a lo largo de su carrera, llega a Argentina a celebrar los 25 a\u00f1os del disco \u201cAprendiz\u201d.<\/strong><\/li>\n<\/ul>\n\n\n\n<ul class=\"wp-block-list\">\n<li><strong>Mal\u00fa acaba de lanzar la canci\u00f3n \u201cContigo\u201d, una bachata que cuenta con la colaboraci\u00f3n de Prince Royce.<\/strong><\/li>\n<\/ul>\n\n\n\n<ul class=\"wp-block-list\">\n<li><strong>Las entradas se pondr\u00e1n a la venta del 15 de noviembre a las 11 horas, por el sistema <a href=\"http:\/\/www.ticketek.com.ar\">www.ticketek.com.ar<\/a> y <a href=\"http:\/\/maluweb.com\">maluweb.com<\/a><\/strong><\/li>\n<\/ul>\n\n\n\n<ul class=\"wp-block-list\">\n<li><strong>Produce: De Hierro Music Entertainment y Supernova Entertainment<\/strong><\/li>\n<\/ul>\n\n\n\n<p>Mal\u00fa, la destacada cantautora espa\u00f1ola, llega al Teatro \u00d3pera el pr\u00f3ximo s\u00e1bado 24 de mayo a las 21.00 horas. La madrile\u00f1a, de voz poderosa y gran carisma, se encuentra realizando la gira \u201cA todo s\u00ed &#8211; 25 A\u00f1os de Aprendiz\u201d, donde hace un repaso a su abultado cat\u00e1logo de \u00e9xitos. Las entradas se pondr\u00e1n a la venta del 15 de noviembre a las 11 horas, por <a href=\"http:\/\/www.ticketek.com.ar\">www.ticketek.com.ar<\/a> .<\/p>\n\n\n\n<p>El aniversario del disco supone un reencuentro con las canciones que han acompa\u00f1ado a&nbsp;Mal\u00fa&nbsp;a lo largo de estos 25 a\u00f1os de carrera. Una historia que comenz\u00f3 con la publicaci\u00f3n de su primer disco \u201c<em>Aprendiz<\/em>\u201d posicion\u00e1ndose desde el primer instante en la cima del \u00e9xito y que ha sabido mantener a lo largo de todos estos a\u00f1os. En esta ocasi\u00f3n ha querido acercarse al p\u00fablico de una manera muy especial creando una atm\u00f3sfera y una sinergia \u00fanica en cada concierto, algo que est\u00e1 consiguiendo cada noche<\/p>\n\n\n\n<p>El tour que est\u00e1 realizando por importantes&nbsp; ciudades de Espa\u00f1a se ha transformado en un verdadero \u00e9xito y los fan\u00e1ticos de Argentina tendr\u00e1n la oportunidad de disfrutar de sus grandes cl\u00e1sicos rom\u00e1nticos como \u201cAhora Tu\u201d, \u201cAusente\u201d, \u201cVuelvo a Verte\u201d, entre muchos otros. Adem\u00e1s, podr\u00e1n escuchar en vivo y en directo su \u00faltima canci\u00f3n llamada \u201cContigo\u201d, una sensual bachata que cuenta con la colaboraci\u00f3n de Prince Royce, la estrella de dicho g\u00e9nero.<\/p>\n\n\n\n<p><strong>COORDENADAS:<\/strong><br>S\u00e1bado 24 de mayo<br>21.00 horas<br>Entradas a la venta desde el viernes 15 de noviembre a las 11 por el sistema <a href=\"http:\/\/www.ticketek.com.ar\">www.ticketek.com.ar<\/a> \u00a0y <a href=\"http:\/\/maluweb.com\">maluweb.com<\/a><br>Produce: De Hierro Music Entertainment y Supernova Entertainment<\/p>\n","protected":false},"excerpt":{"rendered":"","protected":false},"author":5,"featured_media":12715,"comment_status":"open","ping_status":"open","sticky":false,"template":"","format":"standard","meta":{"om_disable_all_campaigns":false,"_uf_show_specific_survey":0,"_uf_disable_surveys":false,"footnotes":""},"categories":[36],"tags":[],"class_list":["post-12714","post","type-post","status-publish","format-standard","has-post-thumbnail","hentry","category-conciertos"],"_links":{"self":[{"href":"https:\/\/entrenotasyacordes.com\/index.php?rest_route=\/wp\/v2\/posts\/12714","targetHints":{"allow":["GET"]}}],"collection":[{"href":"https:\/\/entrenotasyacordes.com\/index.php?rest_route=\/wp\/v2\/posts"}],"about":[{"href":"https:\/\/entrenotasyacordes.com\/index.php?rest_route=\/wp\/v2\/types\/post"}],"author":[{"embeddable":true,"href":"https:\/\/entrenotasyacordes.com\/index.php?rest_route=\/wp\/v2\/users\/5"}],"replies":[{"embeddable":true,"href":"https:\/\/entrenotasyacordes.com\/index.php?rest_route=%2Fwp%2Fv2%2Fcomments&post=12714"}],"version-history":[{"count":1,"href":"https:\/\/entrenotasyacordes.com\/index.php?rest_route=\/wp\/v2\/posts\/12714\/revisions"}],"predecessor-version":[{"id":12716,"href":"https:\/\/entrenotasyacordes.com\/index.php?rest_route=\/wp\/v2\/posts\/12714\/revisions\/12716"}],"wp:featuredmedia":[{"embeddable":true,"href":"https:\/\/entrenotasyacordes.com\/index.php?rest_route=\/wp\/v2\/media\/12715"}],"wp:attachment":[{"href":"https:\/\/entrenotasyacordes.com\/index.php?rest_route=%2Fwp%2Fv2%2Fmedia&parent=12714"}],"wp:term":[{"taxonomy":"category","embeddable":true,"href":"https:\/\/entrenotasyacordes.com\/index.php?rest_route=%2Fwp%2Fv2%2Fcategories&post=12714"},{"taxonomy":"post_tag","embeddable":true,"href":"https:\/\/entrenotasyacordes.com\/index.php?rest_route=%2Fwp%2Fv2%2Ftags&post=12714"}],"curies":[{"name":"wp","href":"https:\/\/api.w.org\/{rel}","templated":true}]}}