{"id":12719,"date":"2024-11-15T16:53:50","date_gmt":"2024-11-15T16:53:50","guid":{"rendered":"https:\/\/entrenotasyacordes.com\/?p=12719"},"modified":"2024-11-15T16:53:51","modified_gmt":"2024-11-15T16:53:51","slug":"ela-taubert-gana-el-latin-grammy-al-mejor-nuevo-artista","status":"publish","type":"post","link":"https:\/\/entrenotasyacordes.com\/?p=12719","title":{"rendered":"ELA TAUBERT GANA EL LATIN GRAMMY\u00ae AL MEJOR NUEVO ARTISTA"},"content":{"rendered":"\n<!--more-->\n\n\n\n<p class=\"has-text-align-left\"><em>LA CANTAUTORA ESTRENA REMIX DE SU \u00c9XITO \u201c\u00bfC\u00d3MO PAS\u00d3?\u201d CON UN PERFORMANCE ELECTRIZANTE\u00a0JUNTO A LA SUPERESTRELLA GLOBAL JOE JONAS<\/em><\/p>\n\n\n\n<p><em>\u201c\u00bfC\u00d3MO PAS\u00d3? CON JOE JONAS\u201d YA EST\u00c1 DISPONIBLE EN TODAS LAS PLATAFORMAS DIGITALES<\/em><\/p>\n\n\n\n<figure class=\"wp-block-video aligncenter\"><video height=\"720\" style=\"aspect-ratio: 1280 \/ 720;\" width=\"1280\" controls src=\"https:\/\/entrenotasyacordes.com\/wp-content\/uploads\/2024\/11\/WLTV_11-14-2024_20.13.16-1.mp4\"><\/video><\/figure>\n\n\n\n<p>Durante la semana m\u00e1s importante de la m\u00fasica latina, la cantautora colombiana\u00a0<strong>ELA TAUBERT<\/strong>\u00a0sorprendi\u00f3 durante los Latin GRAMMY\u00ae dando a conocer su presencia a todo el mundo. Esta noche, la estrella emergente se rob\u00f3 las miradas llev\u00e1ndose a casa uno de los reconocimientos m\u00e1s codiciados de la Academia Latina de la Grabaci\u00f3n, el premio al\u00a0<strong><em>Mejor Nuevo Artista<\/em><\/strong>.\u00a0La celebraci\u00f3n del 25 aniversario del espect\u00e1culo se transmiti\u00f3 en vivo desde el\u00a0Kaseya Center\u00a0de Miami. Este incre\u00edble reconocimiento consolida a\u00fan m\u00e1s el estatus de ELA como la nueva voz del pop latino y artista a tener en la mira en 2025.<\/p>\n\n\n\n<p><em>\u00abYo quiero darle gracias a Dios por que me regalo este sue\u00f1o y a mi mam\u00e1 que haya cre\u00eddo en mi desde el inicio. Muy agradecida con La Academia, \u00a0a mi equipo Universal, GTS, a todos los nominados, esto es de ustedes. A la gente que escucha mi m\u00fasica y me trajeron hasta ac\u00e1 y por \u00faltimo a Joe Jonas por acompa\u00f1arme y nuestra canci\u00f3n sale esta noche!\u00bb<\/em>,\u00a0dijo ELA.<\/p>\n\n\n\n<p>El triunfo de ELA en el Latin GRAMMY\u00ae llega tras su presentaci\u00f3n sorpresa en vivo junto a la superestrella <strong>JOE JONAS<\/strong>\u00a0de su nueva colaboraci\u00f3n,<strong><em>\u00a0\u201c\u00bfC\u00f3mo Pas\u00f3? con Joe Jonas\u201d,<\/em><\/strong>\u00a0que fue uno de los grandes momentos de la noche. Para la actuaci\u00f3n, ELA luci\u00f3 un conjunto hecho a mano con m\u00e1s de 4.000 tachuelas dise\u00f1adas por la espa\u00f1ola\u00a0<strong>Pilar del Campo<\/strong>. El look resaltaba a la perfecci\u00f3n la esencia de la cantante y fusionaba el arte con la moda.<\/p>\n\n\n<div class=\"wp-block-image\">\n<figure class=\"aligncenter size-full is-resized\"><img loading=\"lazy\" decoding=\"async\" width=\"660\" height=\"660\" src=\"https:\/\/entrenotasyacordes.com\/wp-content\/uploads\/2024\/11\/3aaa.webp\" alt=\"\" class=\"wp-image-12722\" style=\"width:759px;height:auto\" srcset=\"https:\/\/entrenotasyacordes.com\/wp-content\/uploads\/2024\/11\/3aaa.webp 660w, https:\/\/entrenotasyacordes.com\/wp-content\/uploads\/2024\/11\/3aaa-300x300.webp 300w, https:\/\/entrenotasyacordes.com\/wp-content\/uploads\/2024\/11\/3aaa-150x150.webp 150w, https:\/\/entrenotasyacordes.com\/wp-content\/uploads\/2024\/11\/3aaa-50x50.webp 50w\" sizes=\"auto, (max-width: 660px) 100vw, 660px\" \/><\/figure>\n<\/div>\n\n\n<p><strong><em>\u201c\u00bfC\u00f3mo Pas\u00f3? con Joe Jonas\u201d\u00a0<\/em><\/strong>es una remix del \u00e9xito global de ELA\u00a0<strong><em>\u201c\u00bfC\u00f3mo Pas\u00f3?\u201d<\/em><\/strong>,\u00a0que cuenta con m\u00e1s de 250 millones de reproducciones globales y recientemente obtuvo su primera certificaci\u00f3n platino por la RIAA, y ahonda en las complejidades del amor y el desamor. Al armonizar tanto en ingl\u00e9s como en espa\u00f1ol, la canci\u00f3n se convierte en un himno que resuena universalmente, destacando la lucha que supone pasar de unos comienzos apasionados a unos finales dolorosos.<\/p>\n\n\n\n<p>En la alfombra roja ELA deslumbr\u00f3 con un vestido dise\u00f1ado por&nbsp;<strong>Paola Hinojos<\/strong>&nbsp;en el que aparec\u00edan los nombres de todas las personas que han sido parte fundamental de su carrera musical hasta la fecha. Asimismo, el dise\u00f1o del vestido de ELA tambi\u00e9n sirvi\u00f3 como llamativa revelaci\u00f3n de su pr\u00f3ximo \u00e1lbum, con su t\u00edtulo elegantemente bordado en la tela. Esta semana ha estado llena de emocionantes primeras veces para ELA. Como nominada, se present\u00f3 en la gala de los&nbsp;<strong><em>Mejores Nuevos Artistas<\/em><\/strong>&nbsp;de la Academia Latina de la Grabaci\u00f3n la cual se llev\u00f3 a cabo en el Faena Forum de Miami el martes por la noche. El set de Latin Pop Rock de TAUBERT incluy\u00f3 un medley de su canci\u00f3n&nbsp;<strong><em>\u201c\u00bfC\u00f3mo Pas\u00f3?\u201d<\/em><\/strong>,&nbsp;y un cover cargado de emoci\u00f3n del cl\u00e1sico de Jesse &amp; Joy&nbsp;<strong><em>\u201c\u00a1Corre!\u201d<\/em><\/strong>.&nbsp;<strong>ELA<\/strong>&nbsp;tambi\u00e9n fue nombrada una de las&nbsp;<strong>2025 Artistas DSCVR&nbsp;en la mira de VEVO<\/strong>&nbsp;y consigui\u00f3 su primera portada editorial con&nbsp;<strong>GALORE<\/strong>, que la reconoci\u00f3 como una figura destacada en la din\u00e1mica evoluci\u00f3n de la m\u00fasica latina.<\/p>\n\n\n<div class=\"wp-block-image\">\n<figure class=\"aligncenter size-full is-resized\"><img loading=\"lazy\" decoding=\"async\" width=\"764\" height=\"766\" src=\"https:\/\/entrenotasyacordes.com\/wp-content\/uploads\/2024\/11\/3aa.png\" alt=\"\" class=\"wp-image-12720\" style=\"width:503px;height:auto\" srcset=\"https:\/\/entrenotasyacordes.com\/wp-content\/uploads\/2024\/11\/3aa.png 764w, https:\/\/entrenotasyacordes.com\/wp-content\/uploads\/2024\/11\/3aa-300x300.png 300w, https:\/\/entrenotasyacordes.com\/wp-content\/uploads\/2024\/11\/3aa-150x150.png 150w, https:\/\/entrenotasyacordes.com\/wp-content\/uploads\/2024\/11\/3aa-50x50.png 50w\" sizes=\"auto, (max-width: 764px) 100vw, 764px\" \/><\/figure>\n<\/div>\n\n\n<p>ELA es la segunda graduada en un a\u00f1o consecutivo del programa&nbsp;<strong>Art House &#8211; Universal Music Latino<\/strong>&nbsp;en ganar un Latin GRAMMYS\u00ae como&nbsp;<em>Mejor Nuevo Artista<\/em>.&nbsp;Abbey Road Studios y Art House Academy, es una escuela especializada en interpretaci\u00f3n musical, producci\u00f3n e ingenier\u00eda de sonido, para crear el primer programa musical que desarrolla y fomenta nuevos artistas dise\u00f1ado por el productor Julio Reyes Copello, ganador de m\u00faltiples premios GRAMMY. Actualmente, ELA est\u00e1 trabajando en nueva m\u00fasica y se prepara para el lanzamiento de su \u00e1lbum debut, previsto para 2025.<\/p>\n","protected":false},"excerpt":{"rendered":"","protected":false},"author":5,"featured_media":12721,"comment_status":"open","ping_status":"open","sticky":false,"template":"","format":"standard","meta":{"om_disable_all_campaigns":false,"_uf_show_specific_survey":0,"_uf_disable_surveys":false,"footnotes":""},"categories":[34],"tags":[],"class_list":["post-12719","post","type-post","status-publish","format-standard","has-post-thumbnail","hentry","category-ultimas-noticias"],"_links":{"self":[{"href":"https:\/\/entrenotasyacordes.com\/index.php?rest_route=\/wp\/v2\/posts\/12719","targetHints":{"allow":["GET"]}}],"collection":[{"href":"https:\/\/entrenotasyacordes.com\/index.php?rest_route=\/wp\/v2\/posts"}],"about":[{"href":"https:\/\/entrenotasyacordes.com\/index.php?rest_route=\/wp\/v2\/types\/post"}],"author":[{"embeddable":true,"href":"https:\/\/entrenotasyacordes.com\/index.php?rest_route=\/wp\/v2\/users\/5"}],"replies":[{"embeddable":true,"href":"https:\/\/entrenotasyacordes.com\/index.php?rest_route=%2Fwp%2Fv2%2Fcomments&post=12719"}],"version-history":[{"count":1,"href":"https:\/\/entrenotasyacordes.com\/index.php?rest_route=\/wp\/v2\/posts\/12719\/revisions"}],"predecessor-version":[{"id":12725,"href":"https:\/\/entrenotasyacordes.com\/index.php?rest_route=\/wp\/v2\/posts\/12719\/revisions\/12725"}],"wp:featuredmedia":[{"embeddable":true,"href":"https:\/\/entrenotasyacordes.com\/index.php?rest_route=\/wp\/v2\/media\/12721"}],"wp:attachment":[{"href":"https:\/\/entrenotasyacordes.com\/index.php?rest_route=%2Fwp%2Fv2%2Fmedia&parent=12719"}],"wp:term":[{"taxonomy":"category","embeddable":true,"href":"https:\/\/entrenotasyacordes.com\/index.php?rest_route=%2Fwp%2Fv2%2Fcategories&post=12719"},{"taxonomy":"post_tag","embeddable":true,"href":"https:\/\/entrenotasyacordes.com\/index.php?rest_route=%2Fwp%2Fv2%2Ftags&post=12719"}],"curies":[{"name":"wp","href":"https:\/\/api.w.org\/{rel}","templated":true}]}}