{"id":12824,"date":"2024-11-17T21:51:29","date_gmt":"2024-11-17T21:51:29","guid":{"rendered":"https:\/\/entrenotasyacordes.com\/?p=12824"},"modified":"2024-11-17T21:51:29","modified_gmt":"2024-11-17T21:51:29","slug":"soledad-pastorutti-ganadora-del-latin-grammy-a-mejor-album-folclorico-por-raiz-nunca-me-fui-disco-compartido-con-nina-pastori-y-lila-downs","status":"publish","type":"post","link":"https:\/\/entrenotasyacordes.com\/?p=12824","title":{"rendered":"SOLEDAD PASTORUTTI GANADORA DEL LATIN GRAMMY A \u00abMEJOR \u00c1LBUM FOLCL\u00d3RICO\u00bb POR \u00abRA\u00cdZ, NUNCA ME FUI\u00bb DISCO COMPARTIDO CON\u00a0NI\u00d1A PASTORI Y \u00a0LILA DOWNS"},"content":{"rendered":"\n<!--more-->\n\n\n<div class=\"wp-block-image\">\n<figure class=\"aligncenter size-large\"><img loading=\"lazy\" decoding=\"async\" width=\"1024\" height=\"1024\" src=\"https:\/\/entrenotasyacordes.com\/wp-content\/uploads\/2024\/11\/4b-1-1024x1024.jpg\" alt=\"\" class=\"wp-image-12827\" srcset=\"https:\/\/entrenotasyacordes.com\/wp-content\/uploads\/2024\/11\/4b-1-1024x1024.jpg 1024w, https:\/\/entrenotasyacordes.com\/wp-content\/uploads\/2024\/11\/4b-1-300x300.jpg 300w, https:\/\/entrenotasyacordes.com\/wp-content\/uploads\/2024\/11\/4b-1-150x150.jpg 150w, https:\/\/entrenotasyacordes.com\/wp-content\/uploads\/2024\/11\/4b-1-768x768.jpg 768w, https:\/\/entrenotasyacordes.com\/wp-content\/uploads\/2024\/11\/4b-1-50x50.jpg 50w, https:\/\/entrenotasyacordes.com\/wp-content\/uploads\/2024\/11\/4b-1.jpg 1080w\" sizes=\"auto, (max-width: 1024px) 100vw, 1024px\" \/><\/figure>\n<\/div>\n\n\n<p class=\"has-text-align-left\">La destacada artista argentina Soledad Pastorutti fue galardonada con el premio Latin Grammy en la categor\u00eda \u00abMejor \u00c1lbum Folcl\u00f3rico\u00bb por su \u00e1lbum colaborativo Ra\u00edz, Nunca Me Fui, realizado junto a las reconocidas artistas Lila Downs y Ni\u00f1a Pastori. Este premio representa un nuevo hito en su carrera, consolidando su lugar como una de las figuras m\u00e1s importantes de la m\u00fasica latinoamericana.<\/p>\n\n\n\n<p>Previo a la ceremonia de premiaci\u00f3n, Soledad fue homenajeada en un evento especial en el Frost Museum de Miami, donde recibi\u00f3 una medalla en reconocimiento a su extensa y exitosa trayectoria musical. En este evento, cont\u00f3 con la compa\u00f1\u00eda de Luis Dousdebes, Director Ejecutivo de los Latin Grammy, quien subray\u00f3 la contribuci\u00f3n de Soledad a la m\u00fasica folcl\u00f3rica y su papel en la promoci\u00f3n de la cultura argentina a nivel global.<\/p>\n\n\n\n<p>La noche de la premiaci\u00f3n estuvo marcada por la presencia de sus colegas y co-int\u00e9rpretes del \u00e1lbum, Lila Downs y Ni\u00f1a Pastori, quienes celebraron junto a ella el reconocimiento a Ra\u00edz, Nunca Me Fui y el impacto cultural de este proyecto colaborativo.<\/p>\n\n\n<div class=\"wp-block-image\">\n<figure class=\"aligncenter size-full is-resized\"><img loading=\"lazy\" decoding=\"async\" width=\"960\" height=\"1280\" src=\"https:\/\/entrenotasyacordes.com\/wp-content\/uploads\/2024\/11\/4bb.jpg\" alt=\"\" class=\"wp-image-12826\" style=\"width:503px;height:auto\" srcset=\"https:\/\/entrenotasyacordes.com\/wp-content\/uploads\/2024\/11\/4bb.jpg 960w, https:\/\/entrenotasyacordes.com\/wp-content\/uploads\/2024\/11\/4bb-225x300.jpg 225w, https:\/\/entrenotasyacordes.com\/wp-content\/uploads\/2024\/11\/4bb-768x1024.jpg 768w\" sizes=\"auto, (max-width: 960px) 100vw, 960px\" \/><\/figure>\n<\/div>\n\n\n<p class=\"has-text-align-left\">Para Soledad, este Latin Grammy representa no solo un logro personal, sino una oportunidad de llevar el folklore argentino a un escenario internacional, destacando la riqueza de sus ra\u00edces y su incansable dedicaci\u00f3n al g\u00e9nero. Con una s\u00f3lida carrera y el cari\u00f1o de sus seguidores, Soledad contin\u00faa reafirm\u00e1ndose como una de las voces m\u00e1s queridas y respetadas de la m\u00fasica latinoamericana.<\/p>\n\n\n\n<p><\/p>\n","protected":false},"excerpt":{"rendered":"","protected":false},"author":5,"featured_media":12827,"comment_status":"open","ping_status":"open","sticky":false,"template":"","format":"standard","meta":{"om_disable_all_campaigns":false,"_uf_show_specific_survey":0,"_uf_disable_surveys":false,"footnotes":""},"categories":[34],"tags":[],"class_list":["post-12824","post","type-post","status-publish","format-standard","has-post-thumbnail","hentry","category-ultimas-noticias"],"_links":{"self":[{"href":"https:\/\/entrenotasyacordes.com\/index.php?rest_route=\/wp\/v2\/posts\/12824","targetHints":{"allow":["GET"]}}],"collection":[{"href":"https:\/\/entrenotasyacordes.com\/index.php?rest_route=\/wp\/v2\/posts"}],"about":[{"href":"https:\/\/entrenotasyacordes.com\/index.php?rest_route=\/wp\/v2\/types\/post"}],"author":[{"embeddable":true,"href":"https:\/\/entrenotasyacordes.com\/index.php?rest_route=\/wp\/v2\/users\/5"}],"replies":[{"embeddable":true,"href":"https:\/\/entrenotasyacordes.com\/index.php?rest_route=%2Fwp%2Fv2%2Fcomments&post=12824"}],"version-history":[{"count":1,"href":"https:\/\/entrenotasyacordes.com\/index.php?rest_route=\/wp\/v2\/posts\/12824\/revisions"}],"predecessor-version":[{"id":12828,"href":"https:\/\/entrenotasyacordes.com\/index.php?rest_route=\/wp\/v2\/posts\/12824\/revisions\/12828"}],"wp:featuredmedia":[{"embeddable":true,"href":"https:\/\/entrenotasyacordes.com\/index.php?rest_route=\/wp\/v2\/media\/12827"}],"wp:attachment":[{"href":"https:\/\/entrenotasyacordes.com\/index.php?rest_route=%2Fwp%2Fv2%2Fmedia&parent=12824"}],"wp:term":[{"taxonomy":"category","embeddable":true,"href":"https:\/\/entrenotasyacordes.com\/index.php?rest_route=%2Fwp%2Fv2%2Fcategories&post=12824"},{"taxonomy":"post_tag","embeddable":true,"href":"https:\/\/entrenotasyacordes.com\/index.php?rest_route=%2Fwp%2Fv2%2Ftags&post=12824"}],"curies":[{"name":"wp","href":"https:\/\/api.w.org\/{rel}","templated":true}]}}