{"id":12833,"date":"2024-11-17T22:07:13","date_gmt":"2024-11-17T22:07:13","guid":{"rendered":"https:\/\/entrenotasyacordes.com\/?p=12833"},"modified":"2024-11-17T22:07:15","modified_gmt":"2024-11-17T22:07:15","slug":"jimena-gonik-presenta-tierra-divina-su-segundo-album","status":"publish","type":"post","link":"https:\/\/entrenotasyacordes.com\/?p=12833","title":{"rendered":"Jimena Gonik presenta Tierra Divina, su segundo \u00e1lbum"},"content":{"rendered":"\n<!--more-->\n\n\n<div class=\"wp-block-image\">\n<figure class=\"aligncenter size-full is-resized\"><img loading=\"lazy\" decoding=\"async\" width=\"3000\" height=\"3000\" src=\"https:\/\/entrenotasyacordes.com\/wp-content\/uploads\/2024\/11\/Jimena-Gonik-Tierra-divina.png\" alt=\"\" class=\"wp-image-12834\" style=\"width:599px;height:auto\" srcset=\"https:\/\/entrenotasyacordes.com\/wp-content\/uploads\/2024\/11\/Jimena-Gonik-Tierra-divina.png 3000w, https:\/\/entrenotasyacordes.com\/wp-content\/uploads\/2024\/11\/Jimena-Gonik-Tierra-divina-300x300.png 300w, https:\/\/entrenotasyacordes.com\/wp-content\/uploads\/2024\/11\/Jimena-Gonik-Tierra-divina-1024x1024.png 1024w, https:\/\/entrenotasyacordes.com\/wp-content\/uploads\/2024\/11\/Jimena-Gonik-Tierra-divina-150x150.png 150w, https:\/\/entrenotasyacordes.com\/wp-content\/uploads\/2024\/11\/Jimena-Gonik-Tierra-divina-768x768.png 768w, https:\/\/entrenotasyacordes.com\/wp-content\/uploads\/2024\/11\/Jimena-Gonik-Tierra-divina-1536x1536.png 1536w, https:\/\/entrenotasyacordes.com\/wp-content\/uploads\/2024\/11\/Jimena-Gonik-Tierra-divina-2048x2048.png 2048w, https:\/\/entrenotasyacordes.com\/wp-content\/uploads\/2024\/11\/Jimena-Gonik-Tierra-divina-50x50.png 50w\" sizes=\"auto, (max-width: 3000px) 100vw, 3000px\" \/><\/figure>\n<\/div>\n\n\n<p class=\"has-text-align-left\">La Tierra Divina de Jimena es un lugar et\u00e9reo e idealizado, donde todo es posible. Claro que, como todo imaginario, este para\u00edso tiene sus fisuras y, tarde o temprano, es inevitable la vuelta al mundo real.<\/p>\n\n\n\n<p>Son 7 canciones que navegan atm\u00f3sferas y personajes surrealistas, con elementos instrumentales de vanguardia y a la vez vintage, dentro del universo del pop alternativo.<\/p>\n\n\n\n<p class=\"has-text-align-left\">Conceptualmente las canciones est\u00e1n entrelazadas y reproducidas en orden cronol\u00f3gico narran una historia. A su vez, cada canci\u00f3n tiene su par audiovisual: en t\u00e1ndem creativo con el realizador Agust\u00edn Slapak, Jimena desarroll\u00f3 el gui\u00f3n y la co-direcci\u00f3n de 7 visualizers que recrean los distintos mundos de la Tierra Divina y cuentan tambi\u00e9n su historia, donde adem\u00e1s Jimena se luce como actriz.<\/p>\n\n\n\n<figure class=\"wp-block-video\"><video height=\"1080\" style=\"aspect-ratio: 1920 \/ 1080;\" width=\"1920\" controls src=\"https:\/\/entrenotasyacordes.com\/wp-content\/uploads\/2024\/11\/Jimena-Gonik-Toda-a-la-venta_subtitulado.mp4\"><\/video><\/figure>\n\n\n\n<p><strong>CR\u00c9DITOS VIDEOCLIP:<\/strong><\/p>\n\n\n\n<p>Producido por Pop Art<br>Idea &amp; Gui\u00f3n: Jimena Gonik @JimeGonik &amp; Agustin Slapak<br>Dirigido por Agustin Slapak @slpkslpkslpk<br>Fotograf\u00eda y C\u00e1mara por Ezequiel Alan Nieto @EzequielAlannieto @ElPortalAudiovisual<br>Foquista: Joaquin Ponce @joaacoponce<br>Gaffer: Joaquin Ponce<br>Jefe De Producci\u00f3n: Agust\u00edn Slapak<br>Directora de Arte: Ludmila Fontana Michia @msludmi<br>Vestuarista: Cat Mercuri @catmercuri<br>Maquillaje\/Peinado: Lele Degano @leledegano_<br>Sonido Directo: Ezequiel Alan Nieto @EzequielAlannieto @ElPortalAudiovisual<br>Edici\u00f3n: Agustin Slapak<\/p>\n","protected":false},"excerpt":{"rendered":"","protected":false},"author":5,"featured_media":12834,"comment_status":"open","ping_status":"open","sticky":false,"template":"","format":"standard","meta":{"om_disable_all_campaigns":false,"_uf_show_specific_survey":0,"_uf_disable_surveys":false,"footnotes":""},"categories":[4],"tags":[],"class_list":["post-12833","post","type-post","status-publish","format-standard","has-post-thumbnail","hentry","category-musica"],"_links":{"self":[{"href":"https:\/\/entrenotasyacordes.com\/index.php?rest_route=\/wp\/v2\/posts\/12833","targetHints":{"allow":["GET"]}}],"collection":[{"href":"https:\/\/entrenotasyacordes.com\/index.php?rest_route=\/wp\/v2\/posts"}],"about":[{"href":"https:\/\/entrenotasyacordes.com\/index.php?rest_route=\/wp\/v2\/types\/post"}],"author":[{"embeddable":true,"href":"https:\/\/entrenotasyacordes.com\/index.php?rest_route=\/wp\/v2\/users\/5"}],"replies":[{"embeddable":true,"href":"https:\/\/entrenotasyacordes.com\/index.php?rest_route=%2Fwp%2Fv2%2Fcomments&post=12833"}],"version-history":[{"count":1,"href":"https:\/\/entrenotasyacordes.com\/index.php?rest_route=\/wp\/v2\/posts\/12833\/revisions"}],"predecessor-version":[{"id":12836,"href":"https:\/\/entrenotasyacordes.com\/index.php?rest_route=\/wp\/v2\/posts\/12833\/revisions\/12836"}],"wp:featuredmedia":[{"embeddable":true,"href":"https:\/\/entrenotasyacordes.com\/index.php?rest_route=\/wp\/v2\/media\/12834"}],"wp:attachment":[{"href":"https:\/\/entrenotasyacordes.com\/index.php?rest_route=%2Fwp%2Fv2%2Fmedia&parent=12833"}],"wp:term":[{"taxonomy":"category","embeddable":true,"href":"https:\/\/entrenotasyacordes.com\/index.php?rest_route=%2Fwp%2Fv2%2Fcategories&post=12833"},{"taxonomy":"post_tag","embeddable":true,"href":"https:\/\/entrenotasyacordes.com\/index.php?rest_route=%2Fwp%2Fv2%2Ftags&post=12833"}],"curies":[{"name":"wp","href":"https:\/\/api.w.org\/{rel}","templated":true}]}}