{"id":12840,"date":"2024-11-18T19:09:06","date_gmt":"2024-11-18T19:09:06","guid":{"rendered":"https:\/\/entrenotasyacordes.com\/?p=12840"},"modified":"2024-11-18T19:09:07","modified_gmt":"2024-11-18T19:09:07","slug":"alan-gomez-retoma-su-iconico-ciclo-y-presenta-su-mission-21-junto-a-standly","status":"publish","type":"post","link":"https:\/\/entrenotasyacordes.com\/?p=12840","title":{"rendered":"Alan G\u00f3mez retoma su ic\u00f3nico ciclo y presenta su Mission 21 junto a Standly"},"content":{"rendered":"\n<!--more-->\n\n\n<div class=\"wp-block-image\">\n<figure class=\"aligncenter size-full is-resized\"><img loading=\"lazy\" decoding=\"async\" width=\"2048\" height=\"2045\" src=\"https:\/\/entrenotasyacordes.com\/wp-content\/uploads\/2024\/11\/4d.jpg\" alt=\"\" class=\"wp-image-12841\" style=\"width:599px;height:auto\" srcset=\"https:\/\/entrenotasyacordes.com\/wp-content\/uploads\/2024\/11\/4d.jpg 2048w, https:\/\/entrenotasyacordes.com\/wp-content\/uploads\/2024\/11\/4d-300x300.jpg 300w, https:\/\/entrenotasyacordes.com\/wp-content\/uploads\/2024\/11\/4d-1024x1023.jpg 1024w, https:\/\/entrenotasyacordes.com\/wp-content\/uploads\/2024\/11\/4d-150x150.jpg 150w, https:\/\/entrenotasyacordes.com\/wp-content\/uploads\/2024\/11\/4d-768x767.jpg 768w, https:\/\/entrenotasyacordes.com\/wp-content\/uploads\/2024\/11\/4d-1536x1534.jpg 1536w, https:\/\/entrenotasyacordes.com\/wp-content\/uploads\/2024\/11\/4d-50x50.jpg 50w\" sizes=\"auto, (max-width: 2048px) 100vw, 2048px\" \/><\/figure>\n<\/div>\n\n\n<p class=\"has-text-align-left\"><strong>Alan G\u00f3mez <\/strong>vuelve a su ciclo espacial y se prepara para presentar su Mission 21 junto a <strong>Standly. <\/strong>Disponible en todas las plataformas a partir del <strong>mi\u00e9rcoles 13 de noviembre a las 21.00hs.<\/strong><\/p>\n\n\n\n<p class=\"has-text-align-left\">El DJ y productor argentino vuelve a su exitoso formato de Missions y sorprende con una est\u00e9tica renovada manteniendo la din\u00e1mica espacial que tanto lo caracteriza. Para estrenar esta nueva est\u00e9tica se uni\u00f3 al artista chileno <strong>Standly <\/strong>que no para de escalar los charts.<\/p>\n\n\n\n<p>Para esta <strong>Mission 21<\/strong>, <strong>Alan <\/strong>mezcla sus cl\u00e1sicos beats de turreo con parte de los nuevos sonidos que estuvo explorando este a\u00f1o que se inclinan m\u00e1s hacia la electr\u00f3nica. Sobre esta base inconfundible se sube <strong>Standly <\/strong>para ser el encargado de explotar todo su talento en la primera Mission del a\u00f1o.<\/p>\n\n\n\n<p class=\"has-text-align-left\">Con esta nueva Mission, <strong>Alan <\/strong>inaugura una nueva propuesta visual dando un salto exponencial a nivel est\u00e9tico. La misma llega con video incluido dirigido por <strong>Agustin Portela <\/strong>quien se encarg\u00f3 de llevar adelante esta nueva etapa visual espacial.<\/p>\n\n\n\n<p><\/p>\n","protected":false},"excerpt":{"rendered":"","protected":false},"author":5,"featured_media":12841,"comment_status":"open","ping_status":"open","sticky":false,"template":"","format":"standard","meta":{"om_disable_all_campaigns":false,"_uf_show_specific_survey":0,"_uf_disable_surveys":false,"footnotes":""},"categories":[4],"tags":[],"class_list":["post-12840","post","type-post","status-publish","format-standard","has-post-thumbnail","hentry","category-musica"],"_links":{"self":[{"href":"https:\/\/entrenotasyacordes.com\/index.php?rest_route=\/wp\/v2\/posts\/12840","targetHints":{"allow":["GET"]}}],"collection":[{"href":"https:\/\/entrenotasyacordes.com\/index.php?rest_route=\/wp\/v2\/posts"}],"about":[{"href":"https:\/\/entrenotasyacordes.com\/index.php?rest_route=\/wp\/v2\/types\/post"}],"author":[{"embeddable":true,"href":"https:\/\/entrenotasyacordes.com\/index.php?rest_route=\/wp\/v2\/users\/5"}],"replies":[{"embeddable":true,"href":"https:\/\/entrenotasyacordes.com\/index.php?rest_route=%2Fwp%2Fv2%2Fcomments&post=12840"}],"version-history":[{"count":1,"href":"https:\/\/entrenotasyacordes.com\/index.php?rest_route=\/wp\/v2\/posts\/12840\/revisions"}],"predecessor-version":[{"id":12842,"href":"https:\/\/entrenotasyacordes.com\/index.php?rest_route=\/wp\/v2\/posts\/12840\/revisions\/12842"}],"wp:featuredmedia":[{"embeddable":true,"href":"https:\/\/entrenotasyacordes.com\/index.php?rest_route=\/wp\/v2\/media\/12841"}],"wp:attachment":[{"href":"https:\/\/entrenotasyacordes.com\/index.php?rest_route=%2Fwp%2Fv2%2Fmedia&parent=12840"}],"wp:term":[{"taxonomy":"category","embeddable":true,"href":"https:\/\/entrenotasyacordes.com\/index.php?rest_route=%2Fwp%2Fv2%2Fcategories&post=12840"},{"taxonomy":"post_tag","embeddable":true,"href":"https:\/\/entrenotasyacordes.com\/index.php?rest_route=%2Fwp%2Fv2%2Ftags&post=12840"}],"curies":[{"name":"wp","href":"https:\/\/api.w.org\/{rel}","templated":true}]}}