{"id":12987,"date":"2024-11-22T01:27:08","date_gmt":"2024-11-22T01:27:08","guid":{"rendered":"https:\/\/entrenotasyacordes.com\/?p=12987"},"modified":"2024-11-22T01:27:09","modified_gmt":"2024-11-22T01:27:09","slug":"piter-jozami-the-biberons-ultimo-show-del-ano","status":"publish","type":"post","link":"https:\/\/entrenotasyacordes.com\/?p=12987","title":{"rendered":"PITER JOZAMI\u00a0&amp; \u201cTHE BIBERONS\u201d \u00a1ULTIMO SHOW DEL A\u00d1O!"},"content":{"rendered":"\n<!--more-->\n\n\n<div class=\"wp-block-image\">\n<figure class=\"aligncenter size-full is-resized\"><img loading=\"lazy\" decoding=\"async\" width=\"309\" height=\"309\" src=\"https:\/\/entrenotasyacordes.com\/wp-content\/uploads\/2024\/11\/6g.png\" alt=\"\" class=\"wp-image-12988\" style=\"width:599px;height:auto\" srcset=\"https:\/\/entrenotasyacordes.com\/wp-content\/uploads\/2024\/11\/6g.png 309w, https:\/\/entrenotasyacordes.com\/wp-content\/uploads\/2024\/11\/6g-300x300.png 300w, https:\/\/entrenotasyacordes.com\/wp-content\/uploads\/2024\/11\/6g-150x150.png 150w, https:\/\/entrenotasyacordes.com\/wp-content\/uploads\/2024\/11\/6g-50x50.png 50w\" sizes=\"auto, (max-width: 309px) 100vw, 309px\" \/><\/figure>\n<\/div>\n\n\n<p class=\"has-text-align-center\"><strong>Viernes 22 de noviembre \u2022 21.00hs<\/strong><br><strong><em>TEATRO \u00d1ACA<\/em>\u00a0\u2013 Julian Alvarez 924<\/strong><br><strong>Tickets en\u00a0<a href=\"http:\/\/www.alternativateatral.com\/obra92761-piter-jozami-the-biberons-show-acustico\" target=\"_blank\" rel=\"noreferrer noopener\">Alternativateatral.com<\/a><\/strong><\/p>\n\n\n\n<p class=\"has-text-align-left\"><strong>\u00a1D\u00eda internacional de la m\u00fasica y \u00faltimo show del a\u00f1o para\u00a0\u2018PITER JOZAMI &amp; THE BIBERONS\u2019!<\/strong><\/p>\n\n\n\n<p class=\"has-text-align-left\"><strong>El proyecto solista que encarna el m\u00fasico y compositor Piter Jozami Torres, se presentar\u00e1 por \u00faltima vez en el a\u00f1o, el viernes 22 de noviembre a las 21hs en el Teatro \u00d1aCa [Palermo].<\/strong><\/p>\n\n\n\n<p class=\"has-text-align-left\">El cantautor marplatense estar\u00e1 junto a su banda, integrada por los prestigiosos Pol Tesare, Agust\u00edn Pietribiasi, Lisandro Etala, Javier Casta\u00f1eda y Javier Mokdad (El Turko); interpretando canciones de su amplia discograf\u00eda solista,\u00a0<strong>en versi\u00f3n ac\u00fastica\u00a0<\/strong>y adelantando lo que ser\u00e1n sus pr\u00f3ximos singles.\u00a0<strong>\u00a1Adem\u00e1s el show contar\u00e1 con m\u00fasicos invitados!<\/strong>\u00a0Los destacados Magal\u00ed Bachor, Juan Forche y David\u00a0Tagger.<\/p>\n\n\n\n<p class=\"has-text-align-left\">Piter hace una pausa en su activa participaci\u00f3n con la banda de\u00a0<strong>Diego Torres<\/strong>\u00a0para brindar esta fecha especial, cerrando un a\u00f1o de gran \u00e9xito profesional y celebrar adem\u00e1s el\u00a0d\u00eda de la m\u00fasica; en una noche que promete rock y pop bien argentinos.<\/p>\n\n\n<div class=\"wp-block-image\">\n<figure class=\"aligncenter size-full is-resized\"><img loading=\"lazy\" decoding=\"async\" width=\"342\" height=\"302\" src=\"https:\/\/entrenotasyacordes.com\/wp-content\/uploads\/2024\/11\/6gg.png\" alt=\"\" class=\"wp-image-12989\" style=\"width:599px;height:auto\" srcset=\"https:\/\/entrenotasyacordes.com\/wp-content\/uploads\/2024\/11\/6gg.png 342w, https:\/\/entrenotasyacordes.com\/wp-content\/uploads\/2024\/11\/6gg-300x265.png 300w\" sizes=\"auto, (max-width: 342px) 100vw, 342px\" \/><\/figure>\n<\/div>\n\n\n<p>M\u00fasico, compositor, cantautor nacido en la ciudad de Mar del Plata.<\/p>\n\n\n\n<p>Su carrera profesional inici\u00f3 con la banda&nbsp;<strong>\u201cGarza Polaca\u201d<\/strong>, conjunto que integr\u00f3 entre los a\u00f1os 2007 y 2011, editando un disco bajo la&nbsp;<strong>producci\u00f3n musical del reconocido Juanchi Baleir\u00f3n<\/strong>&nbsp;(l\u00edder&nbsp;<em>Los Pericos<\/em>&nbsp;y productor de grandes bandas como Estelares, entre otras)<\/p>\n\n\n\n<p>Desde el a\u00f1os 2014 Piter es el guitarrista, cantante y compositor de\u00a0<strong>\u201cCoronados de Gloria\u201d<\/strong>\u00a0el proyecto musical de la\u00a0<strong>actriz Gloria Carra<\/strong>. Tambi\u00e9n desde el a\u00f1o 2018 se desempe\u00f1a como\u00a0<strong>guitarrista l\u00edder de la banda de Diego Torres<\/strong>, participando de todas las giras mundiales y grabaciones de estudio desde entonces. Siendo adem\u00e1s compositor, autor y guitarrista del proyecto solista de Benja Torres.<\/p>\n\n\n\n<p><strong>Piter Jozami\u00a0<\/strong>lleva la m\u00fasica en la sangre, perteneciendo a una de las familias de m\u00fasicos argentinos m\u00e1s reconocidas en el mundo, desde su abuela\u00a0<strong>Lolita Torres<\/strong>, con quien evidenci\u00f3 ya de ni\u00f1o los grandes escenarios. Actualmente, trabaja y comparte experiencias y escenarios junto a\u00a0<strong>su t\u00edo Diego Torres<\/strong>, su hermano\u00a0<strong>Benja Torres<\/strong>\u00a0y su prima -la joven y aclamada-\u00a0<strong>Angela Torres<\/strong>.<\/p>\n\n\n\n<p>Desde el a\u00f1o 2021, Piter apost\u00f3 nuevamente a sembrar y ver crecer su carrera solista, bajo su alter ego\u00a0<strong><em>\u201cPiter Jozami &amp; Los Biberons\u201d<\/em><\/strong>, junto a sus m\u00fasicos, el\u00a0<em>dream team\u00a0<\/em>que completa este proyecto: Lisandro Etala en guitarra, Pol Tesare en bajo, Agust\u00edn Pietribiasi en bater\u00eda, Javier Casta\u00f1eda en teclados y\u00a0<em>El Turko\u00a0<\/em>Javier Mokdad en percusi\u00f3n; con quienes ya edit\u00f3 tres single y su primer EP\u00a0<em>\u2018Baobab\u2019<\/em>. El 2024 terminar\u00e1 con un show ac\u00fastico exclusivo y la edici\u00f3n de sus nuevos temas.<\/p>\n","protected":false},"excerpt":{"rendered":"","protected":false},"author":5,"featured_media":12988,"comment_status":"open","ping_status":"open","sticky":false,"template":"","format":"standard","meta":{"om_disable_all_campaigns":false,"_uf_show_specific_survey":0,"_uf_disable_surveys":false,"footnotes":""},"categories":[36],"tags":[],"class_list":["post-12987","post","type-post","status-publish","format-standard","has-post-thumbnail","hentry","category-conciertos"],"_links":{"self":[{"href":"https:\/\/entrenotasyacordes.com\/index.php?rest_route=\/wp\/v2\/posts\/12987","targetHints":{"allow":["GET"]}}],"collection":[{"href":"https:\/\/entrenotasyacordes.com\/index.php?rest_route=\/wp\/v2\/posts"}],"about":[{"href":"https:\/\/entrenotasyacordes.com\/index.php?rest_route=\/wp\/v2\/types\/post"}],"author":[{"embeddable":true,"href":"https:\/\/entrenotasyacordes.com\/index.php?rest_route=\/wp\/v2\/users\/5"}],"replies":[{"embeddable":true,"href":"https:\/\/entrenotasyacordes.com\/index.php?rest_route=%2Fwp%2Fv2%2Fcomments&post=12987"}],"version-history":[{"count":1,"href":"https:\/\/entrenotasyacordes.com\/index.php?rest_route=\/wp\/v2\/posts\/12987\/revisions"}],"predecessor-version":[{"id":12990,"href":"https:\/\/entrenotasyacordes.com\/index.php?rest_route=\/wp\/v2\/posts\/12987\/revisions\/12990"}],"wp:featuredmedia":[{"embeddable":true,"href":"https:\/\/entrenotasyacordes.com\/index.php?rest_route=\/wp\/v2\/media\/12988"}],"wp:attachment":[{"href":"https:\/\/entrenotasyacordes.com\/index.php?rest_route=%2Fwp%2Fv2%2Fmedia&parent=12987"}],"wp:term":[{"taxonomy":"category","embeddable":true,"href":"https:\/\/entrenotasyacordes.com\/index.php?rest_route=%2Fwp%2Fv2%2Fcategories&post=12987"},{"taxonomy":"post_tag","embeddable":true,"href":"https:\/\/entrenotasyacordes.com\/index.php?rest_route=%2Fwp%2Fv2%2Ftags&post=12987"}],"curies":[{"name":"wp","href":"https:\/\/api.w.org\/{rel}","templated":true}]}}