{"id":12991,"date":"2024-11-22T23:43:42","date_gmt":"2024-11-22T23:43:42","guid":{"rendered":"https:\/\/entrenotasyacordes.com\/?p=12991"},"modified":"2024-11-22T23:43:43","modified_gmt":"2024-11-22T23:43:43","slug":"los-caballeros-de-la-quema-presentan-y-aca-me-ves","status":"publish","type":"post","link":"https:\/\/entrenotasyacordes.com\/?p=12991","title":{"rendered":"LOS CABALLEROS DE LA QUEMA PRESENTAN: Y AC\u00c1 ME VES"},"content":{"rendered":"\n<!--more-->\n\n\n<div class=\"wp-block-image\">\n<figure class=\"aligncenter size-full is-resized\"><img loading=\"lazy\" decoding=\"async\" width=\"383\" height=\"383\" src=\"https:\/\/entrenotasyacordes.com\/wp-content\/uploads\/2024\/11\/7a.jpg\" alt=\"\" class=\"wp-image-12992\" style=\"width:599px;height:auto\" srcset=\"https:\/\/entrenotasyacordes.com\/wp-content\/uploads\/2024\/11\/7a.jpg 383w, https:\/\/entrenotasyacordes.com\/wp-content\/uploads\/2024\/11\/7a-300x300.jpg 300w, https:\/\/entrenotasyacordes.com\/wp-content\/uploads\/2024\/11\/7a-150x150.jpg 150w, https:\/\/entrenotasyacordes.com\/wp-content\/uploads\/2024\/11\/7a-50x50.jpg 50w\" sizes=\"auto, (max-width: 383px) 100vw, 383px\" \/><\/figure>\n<\/div>\n\n\n<p class=\"has-text-align-center\"><strong>LA ESPERA DUR\u00d3 M\u00c1S DE 20 A\u00d1OS<\/strong><br><strong>NUEVO TEMA DE ESTUDIO<\/strong><\/p>\n\n\n\n<p><em>\u201cCuando los Caballeros grabaron su \u00faltimo disco (\u201cFulanos de nadie\u201d) el d\u00f3lar val\u00eda un peso. No conoc\u00edamos a Messi. No exist\u00eda Youtube, ni Spotify, ni Instagram. Se matcheaba en carne y hueso. Los algoritmos no decid\u00edan por nosotros. El Papa no era argentino. No sab\u00edamos qui\u00e9n era Cristina, ni Milei. No hab\u00eda nacido Colapinto. Dillom iba al jard\u00edn y Lali a la primaria. Pasaron 24 a\u00f1os. Mucha agua (y vino) bajo el puente. Y sin embargo ac\u00e1 nos ves y Ac\u00e1 me ves\u201d<\/em><br>De esta manera Los Caballeros anunciaron en sus redes la noticia del estreno de su nuevo tema de estudio. Se trata de \u201cY ac\u00e1 me ves\u201d (Noble-Castillo) un rock-balada caracter\u00edstico de la banda del Oeste, pero con sonido 2024.<\/p>\n\n\n\n<p>Desde que Los Caballeros de la Quema volvieron a los escenarios, tuvieron shows notables, con miles de fans recordando y cantando todos los hits, tanto en el Luna Park del 2003 o en el Obras de este a\u00f1o o en los Festivales Vivimos M\u00fasica y Tarag\u00fci Rock.<\/p>\n\n\n\n<p>La magia segu\u00eda intacta, por eso Iv\u00e1n Noble, Mart\u00edn M\u00e9ndez, Javier Cavo, Pablo Guerra y Pato Castillo decidieron volver a los estudios para grabar canciones nuevas con el esp\u00edritu de Caballeros presente.<\/p>\n\n\n\n<figure class=\"wp-block-embed is-type-video is-provider-youtube wp-block-embed-youtube wp-embed-aspect-16-9 wp-has-aspect-ratio\"><div class=\"wp-block-embed__wrapper\">\n<div class=\"epyt-video-wrapper\"><iframe loading=\"lazy\"  id=\"_ytid_20903\"  width=\"640\" height=\"360\"  data-origwidth=\"640\" data-origheight=\"360\" src=\"https:\/\/www.youtube.com\/embed\/Ff1GyVnVj1A?enablejsapi=1&#038;autoplay=0&#038;cc_load_policy=0&#038;cc_lang_pref=&#038;iv_load_policy=1&#038;loop=0&#038;rel=1&#038;fs=1&#038;playsinline=0&#038;autohide=2&#038;theme=dark&#038;color=white&#038;controls=1&#038;\" class=\"__youtube_prefs__  epyt-is-override  no-lazyload\" data-vol=\"50\"  title=\"YouTube player\"  allow=\"fullscreen; accelerometer; autoplay; clipboard-write; encrypted-media; gyroscope; picture-in-picture; web-share\" referrerpolicy=\"strict-origin-when-cross-origin\" allowfullscreen data-no-lazy=\"1\" data-skipgform_ajax_framebjll=\"\"><\/iframe><\/div>\n<\/div><\/figure>\n\n\n\n<p class=\"has-text-align-left\"><\/p>\n","protected":false},"excerpt":{"rendered":"","protected":false},"author":5,"featured_media":12992,"comment_status":"open","ping_status":"open","sticky":false,"template":"","format":"standard","meta":{"om_disable_all_campaigns":false,"_uf_show_specific_survey":0,"_uf_disable_surveys":false,"footnotes":""},"categories":[4],"tags":[],"class_list":["post-12991","post","type-post","status-publish","format-standard","has-post-thumbnail","hentry","category-musica"],"_links":{"self":[{"href":"https:\/\/entrenotasyacordes.com\/index.php?rest_route=\/wp\/v2\/posts\/12991","targetHints":{"allow":["GET"]}}],"collection":[{"href":"https:\/\/entrenotasyacordes.com\/index.php?rest_route=\/wp\/v2\/posts"}],"about":[{"href":"https:\/\/entrenotasyacordes.com\/index.php?rest_route=\/wp\/v2\/types\/post"}],"author":[{"embeddable":true,"href":"https:\/\/entrenotasyacordes.com\/index.php?rest_route=\/wp\/v2\/users\/5"}],"replies":[{"embeddable":true,"href":"https:\/\/entrenotasyacordes.com\/index.php?rest_route=%2Fwp%2Fv2%2Fcomments&post=12991"}],"version-history":[{"count":1,"href":"https:\/\/entrenotasyacordes.com\/index.php?rest_route=\/wp\/v2\/posts\/12991\/revisions"}],"predecessor-version":[{"id":12993,"href":"https:\/\/entrenotasyacordes.com\/index.php?rest_route=\/wp\/v2\/posts\/12991\/revisions\/12993"}],"wp:featuredmedia":[{"embeddable":true,"href":"https:\/\/entrenotasyacordes.com\/index.php?rest_route=\/wp\/v2\/media\/12992"}],"wp:attachment":[{"href":"https:\/\/entrenotasyacordes.com\/index.php?rest_route=%2Fwp%2Fv2%2Fmedia&parent=12991"}],"wp:term":[{"taxonomy":"category","embeddable":true,"href":"https:\/\/entrenotasyacordes.com\/index.php?rest_route=%2Fwp%2Fv2%2Fcategories&post=12991"},{"taxonomy":"post_tag","embeddable":true,"href":"https:\/\/entrenotasyacordes.com\/index.php?rest_route=%2Fwp%2Fv2%2Ftags&post=12991"}],"curies":[{"name":"wp","href":"https:\/\/api.w.org\/{rel}","templated":true}]}}