{"id":12994,"date":"2024-11-23T00:00:12","date_gmt":"2024-11-23T00:00:12","guid":{"rendered":"https:\/\/entrenotasyacordes.com\/?p=12994"},"modified":"2024-11-23T00:00:13","modified_gmt":"2024-11-23T00:00:13","slug":"richard-coleman-presenta-como-antes-nuevo-single-y-video-lyric-junto-a-phil-manzanera","status":"publish","type":"post","link":"https:\/\/entrenotasyacordes.com\/?p=12994","title":{"rendered":"RICHARD COLEMAN PRESENTA \u201cCOMO ANTES\u201d NUEVO SINGLE Y VIDEO LYRIC JUNTO A PHIL MANZANERA"},"content":{"rendered":"\n<!--more-->\n\n\n<div class=\"wp-block-image\">\n<figure class=\"aligncenter size-full is-resized\"><img loading=\"lazy\" decoding=\"async\" width=\"2560\" height=\"2560\" src=\"https:\/\/entrenotasyacordes.com\/wp-content\/uploads\/2024\/11\/RichardColeman_-ComoAntes-scaled.jpg\" alt=\"\" class=\"wp-image-12995\" style=\"width:599px;height:auto\" srcset=\"https:\/\/entrenotasyacordes.com\/wp-content\/uploads\/2024\/11\/RichardColeman_-ComoAntes-scaled.jpg 2560w, https:\/\/entrenotasyacordes.com\/wp-content\/uploads\/2024\/11\/RichardColeman_-ComoAntes-300x300.jpg 300w, https:\/\/entrenotasyacordes.com\/wp-content\/uploads\/2024\/11\/RichardColeman_-ComoAntes-1024x1024.jpg 1024w, https:\/\/entrenotasyacordes.com\/wp-content\/uploads\/2024\/11\/RichardColeman_-ComoAntes-150x150.jpg 150w, https:\/\/entrenotasyacordes.com\/wp-content\/uploads\/2024\/11\/RichardColeman_-ComoAntes-768x768.jpg 768w, https:\/\/entrenotasyacordes.com\/wp-content\/uploads\/2024\/11\/RichardColeman_-ComoAntes-1536x1536.jpg 1536w, https:\/\/entrenotasyacordes.com\/wp-content\/uploads\/2024\/11\/RichardColeman_-ComoAntes-2048x2048.jpg 2048w, https:\/\/entrenotasyacordes.com\/wp-content\/uploads\/2024\/11\/RichardColeman_-ComoAntes-50x50.jpg 50w\" sizes=\"auto, (max-width: 2560px) 100vw, 2560px\" \/><\/figure>\n<\/div>\n\n\n<p class=\"has-text-align-left\"><strong>El reconocido artista vuelve a cautivar a sus fans con su nuevo material grabado en compa\u00f1\u00eda del talentoso m\u00fasico Phil Manzanera.<\/strong><\/p>\n\n\n\n<p><strong>Este single se presentar\u00e1 por primera vez en vivo durante el show de RICHARD COLEMAN &amp; EL TRANS \u2013 SIBERIAN EXPRESS, el pr\u00f3ximo s\u00e1bado 28 de diciembre en Niceto Club (Niceto Vega 5510-Palermo).<\/strong><\/p>\n\n\n\n<p class=\"has-text-align-left\"><strong>Entradas disponibles a trav\u00e9s de Passline<\/strong><\/p>\n\n\n\n<p class=\"has-text-align-left\">Con una trayectoria de m\u00e1s de 35 a\u00f1os, Richard Coleman, una de las figuras m\u00e1s representativas de la historia del rock argentino, lanza \u201cComo antes\u201d, nuevo single en colaboraci\u00f3n con el reconocido guitarrista y miembro fundador de la banda brit\u00e1nica \u201cRoxy Music\u201d, Phil Manzanera.<\/p>\n\n\n\n<p><strong>\u201cEn su show en Buenos Aires en 2017, me convocaron para cantar con \u00e9l [Phil Manzanera] \u201cAmazona\u201d de Roxy y me di un lujo: escuch\u00e9 su solo de guitarra en el escenario directamente desde su amplificador (que estaba a mi espalda)\u201d, expres\u00f3 Richard Coleman con emoci\u00f3n a trav\u00e9s de sus RRSS, al anunciar que presentar\u00eda un tema junto a uno de los artistas que m\u00e1s lo marc\u00f3 desde su adolescencia.<\/strong><\/p>\n\n\n\n<p>\u201cComo antes\u201d es un anticipo del pr\u00f3ximo disco de estudio de Richard Coleman, \u201cEl (in)correcto Uso de la Met\u00e1fora\u201d. Compuesto y grabado durante 2024, respira el aire oscuro del Post Punk inici\u00e1tico\u00a0 de Coleman, aunque actualizado y sin caer en la nostalgia, y cuenta con la primera de varias\u00a0intervenciones en el proyecto de la guitarra de Phil Manzanera, hist\u00f3rico colaborador de Brian\u00a0Eno y miembro fundador de Roxy Music, uno de los n\u00facleos de influencia en la carrera de\u00a0Richard. Un momento cumbre en el recorrido de nuestro artista.<\/p>\n\n\n\n<figure class=\"wp-block-embed is-type-video is-provider-youtube wp-block-embed-youtube wp-embed-aspect-16-9 wp-has-aspect-ratio\"><div class=\"wp-block-embed__wrapper\">\n<div class=\"epyt-video-wrapper\"><iframe loading=\"lazy\"  id=\"_ytid_95819\"  width=\"640\" height=\"360\"  data-origwidth=\"640\" data-origheight=\"360\" src=\"https:\/\/www.youtube.com\/embed\/tPDKz6gQVKg?enablejsapi=1&#038;autoplay=0&#038;cc_load_policy=0&#038;cc_lang_pref=&#038;iv_load_policy=1&#038;loop=0&#038;rel=1&#038;fs=1&#038;playsinline=0&#038;autohide=2&#038;theme=dark&#038;color=white&#038;controls=1&#038;\" class=\"__youtube_prefs__  epyt-is-override  no-lazyload\" data-vol=\"50\"  title=\"YouTube player\"  allow=\"fullscreen; accelerometer; autoplay; clipboard-write; encrypted-media; gyroscope; picture-in-picture; web-share\" referrerpolicy=\"strict-origin-when-cross-origin\" allowfullscreen data-no-lazy=\"1\" data-skipgform_ajax_framebjll=\"\"><\/iframe><\/div>\n<\/div><\/figure>\n\n\n\n<p class=\"has-text-align-left\">Producido por Juan Blas Caballero (samples, manipulaciones y programaci\u00f3n), co-producido y\u00a0compuesto por Coleman (voz, guitarras, sintetizadores y programaci\u00f3n) y grabado en Buenos\u00a0Aires, participan tambi\u00e9n Daniel Castro en bajo, Gonzalo C\u00f3rdoba en guitarra y Bodie en\u00a0sintetizadores, todos miembros del Trans-Siberian Express.<\/p>\n\n\n\n<p>Richard Coleman: Voz, guitarra, sintetizador, programaci\u00f3n<\/p>\n\n\n\n<p>Daniel Castro: Bajo<\/p>\n\n\n\n<p>Gonzalo C\u00f3rdoba: Guitarra<\/p>\n\n\n\n<p>Bodie: Sintetizador<\/p>\n\n\n\n<p>Juan Blas Caballero: Programaci\u00f3n, sintetizador, manipulaci\u00f3n digital.<\/p>\n\n\n\n<p>Artista Invitado: Phil Manzanera (guitarra)<\/p>\n\n\n\n<p>Producci\u00f3n Art\u00edstica: Juan Blas Caballero, Richard Coleman<\/p>\n\n\n\n<p>Ingenier\u00eda de Grabaci\u00f3n: Juan Blas Caballero, Richard Coleman<\/p>\n\n\n\n<p>Asistente de Grabaci\u00f3n: Ignacio Castro<\/p>\n\n\n\n<p>Estudio de Grabaci\u00f3n: Mondomix, Steel Aquarium, The Gallery (London).<\/p>\n\n\n\n<p>Ingeniero de Mezcla y Mastering: Facundo Rodr\u00edguez<\/p>\n\n\n\n<p>Estudio de Mezcla y Mastering: Quark<\/p>\n\n\n\n<p>Arte y Dise\u00f1o de Gr\u00e1fico: Mariano Cortary<\/p>\n\n\n\n<p>Lyric Video: Sof\u00eda Ferraro<\/p>\n\n\n\n<p class=\"has-text-align-left\">Producci\u00f3n ejecutiva: Esteban Costa, Roberto Costa, Alberto Moles<\/p>\n\n\n<div class=\"wp-block-image\">\n<figure class=\"aligncenter size-full is-resized\"><img loading=\"lazy\" decoding=\"async\" width=\"1200\" height=\"1200\" src=\"https:\/\/entrenotasyacordes.com\/wp-content\/uploads\/2024\/11\/richard-coleman-niceto.jpg\" alt=\"\" class=\"wp-image-12996\" style=\"width:599px;height:auto\" srcset=\"https:\/\/entrenotasyacordes.com\/wp-content\/uploads\/2024\/11\/richard-coleman-niceto.jpg 1200w, https:\/\/entrenotasyacordes.com\/wp-content\/uploads\/2024\/11\/richard-coleman-niceto-300x300.jpg 300w, https:\/\/entrenotasyacordes.com\/wp-content\/uploads\/2024\/11\/richard-coleman-niceto-1024x1024.jpg 1024w, https:\/\/entrenotasyacordes.com\/wp-content\/uploads\/2024\/11\/richard-coleman-niceto-150x150.jpg 150w, https:\/\/entrenotasyacordes.com\/wp-content\/uploads\/2024\/11\/richard-coleman-niceto-768x768.jpg 768w, https:\/\/entrenotasyacordes.com\/wp-content\/uploads\/2024\/11\/richard-coleman-niceto-50x50.jpg 50w\" sizes=\"auto, (max-width: 1200px) 100vw, 1200px\" \/><\/figure>\n<\/div>\n\n\n<p class=\"has-text-align-left\">\u201cComo antes\u201d se estrena mientras el artista se prepara para cerrar el a\u00f1o con un show \u00fanico en una popular sala del barrio de Palermo, Niceto Club.<\/p>\n\n\n\n<p class=\"has-text-align-left\">Por otra parte, la banda RICHARD COLEMAN &amp; EL TRANS \u2013 SIBERIAN EXPRESS, anunci\u00f3 recientemente su participaci\u00f3n en la pr\u00f3xima edici\u00f3n del emblem\u00e1tico festival de rock argentino, Quilmes Rock 2025.<\/p>\n\n\n\n<p class=\"has-text-align-center\"><strong>RICHARD COLEMAN &amp; EL TRANS \u2013 SIBERIAN EXPRESS<\/strong><br><strong>28 DE DICIEMBRE<\/strong><br><strong>NICETO CLUB<\/strong><\/p>\n\n\n\n<p class=\"has-text-align-center\"><strong>ENTRADAS DISPONIBLES A TRAV\u00c9S DE PASSLINE<\/strong><\/p>\n\n\n\n<p><\/p>\n","protected":false},"excerpt":{"rendered":"","protected":false},"author":5,"featured_media":12995,"comment_status":"open","ping_status":"open","sticky":false,"template":"","format":"standard","meta":{"om_disable_all_campaigns":false,"_uf_show_specific_survey":0,"_uf_disable_surveys":false,"footnotes":""},"categories":[4],"tags":[],"class_list":["post-12994","post","type-post","status-publish","format-standard","has-post-thumbnail","hentry","category-musica"],"_links":{"self":[{"href":"https:\/\/entrenotasyacordes.com\/index.php?rest_route=\/wp\/v2\/posts\/12994","targetHints":{"allow":["GET"]}}],"collection":[{"href":"https:\/\/entrenotasyacordes.com\/index.php?rest_route=\/wp\/v2\/posts"}],"about":[{"href":"https:\/\/entrenotasyacordes.com\/index.php?rest_route=\/wp\/v2\/types\/post"}],"author":[{"embeddable":true,"href":"https:\/\/entrenotasyacordes.com\/index.php?rest_route=\/wp\/v2\/users\/5"}],"replies":[{"embeddable":true,"href":"https:\/\/entrenotasyacordes.com\/index.php?rest_route=%2Fwp%2Fv2%2Fcomments&post=12994"}],"version-history":[{"count":1,"href":"https:\/\/entrenotasyacordes.com\/index.php?rest_route=\/wp\/v2\/posts\/12994\/revisions"}],"predecessor-version":[{"id":12997,"href":"https:\/\/entrenotasyacordes.com\/index.php?rest_route=\/wp\/v2\/posts\/12994\/revisions\/12997"}],"wp:featuredmedia":[{"embeddable":true,"href":"https:\/\/entrenotasyacordes.com\/index.php?rest_route=\/wp\/v2\/media\/12995"}],"wp:attachment":[{"href":"https:\/\/entrenotasyacordes.com\/index.php?rest_route=%2Fwp%2Fv2%2Fmedia&parent=12994"}],"wp:term":[{"taxonomy":"category","embeddable":true,"href":"https:\/\/entrenotasyacordes.com\/index.php?rest_route=%2Fwp%2Fv2%2Fcategories&post=12994"},{"taxonomy":"post_tag","embeddable":true,"href":"https:\/\/entrenotasyacordes.com\/index.php?rest_route=%2Fwp%2Fv2%2Ftags&post=12994"}],"curies":[{"name":"wp","href":"https:\/\/api.w.org\/{rel}","templated":true}]}}