{"id":13005,"date":"2024-11-23T01:05:48","date_gmt":"2024-11-23T01:05:48","guid":{"rendered":"https:\/\/entrenotasyacordes.com\/?p=13005"},"modified":"2024-11-23T01:05:50","modified_gmt":"2024-11-23T01:05:50","slug":"omar-apollo-lanza-nuevo-sencillo-te-maldigo-inspirado-en-la-pelicula-queer-a24","status":"publish","type":"post","link":"https:\/\/entrenotasyacordes.com\/?p=13005","title":{"rendered":"OMAR APOLLO LANZA NUEVO SENCILLO \u201cTE MALDIGO\u201d INSPIRADO EN LA PEL\u00cdCULA QUEER (A24)"},"content":{"rendered":"\n<!--more-->\n\n\n<div class=\"wp-block-image\">\n<figure class=\"aligncenter size-full is-resized\"><img loading=\"lazy\" decoding=\"async\" width=\"2032\" height=\"1116\" src=\"https:\/\/entrenotasyacordes.com\/wp-content\/uploads\/2024\/11\/7b.jpg\" alt=\"\" class=\"wp-image-13006\" style=\"width:599px;height:auto\" srcset=\"https:\/\/entrenotasyacordes.com\/wp-content\/uploads\/2024\/11\/7b.jpg 2032w, https:\/\/entrenotasyacordes.com\/wp-content\/uploads\/2024\/11\/7b-300x165.jpg 300w, https:\/\/entrenotasyacordes.com\/wp-content\/uploads\/2024\/11\/7b-1024x562.jpg 1024w, https:\/\/entrenotasyacordes.com\/wp-content\/uploads\/2024\/11\/7b-768x422.jpg 768w, https:\/\/entrenotasyacordes.com\/wp-content\/uploads\/2024\/11\/7b-1536x844.jpg 1536w\" sizes=\"auto, (max-width: 2032px) 100vw, 2032px\" \/><\/figure>\n<\/div>\n\n\n<p class=\"has-text-align-left\">Tras el estreno en la alfombra roja de <strong><em>Queer <\/em>(A24) <\/strong>de Luca Guadagnino el mi\u00e9rcoles pasado en Los \u00c1ngeles y antes de su estreno en cines el 27 de noviembre, <strong>Omar Apollo <\/strong>lanza <strong>\u201cTe Maldigo.\u201d <\/strong>La canci\u00f3n fue escrita para la pel\u00edcula y viene acompa\u00f1ada con un video musical dirigido por Guadagnino, donde vemos a Omar como el personaje que interpreta en la pel\u00edcula cantando el tema.<\/p>\n\n\n\n<p class=\"has-text-align-left\">Producida por <strong>Trent Reznor <\/strong>y <strong>Atticus Ross<\/strong>, quienes compusieron la m\u00fasica de la pel\u00edcula, <strong>\u201cTe Maldigo\u201d <\/strong>es la primera canci\u00f3n de Omar completamente en espa\u00f1ol desde \u201cEn El Olvido\u201d en el 2022. Vestido con un impresionante traje personalizado y creado por Jonathan Anderson, el director creativo de LOEWE y dise\u00f1ador de vestuario de <strong><em>Queer<\/em>, <\/strong>Omar interpreta esta tierna balada a un micr\u00f3fono retro, adaptado al escenario de la pel\u00edcula que toma lugar en la Ciudad de M\u00e9xico en los a\u00f1os cincuenta. Basada en la novela de William S. Burrough con el mismo t\u00edtulo de la pel\u00edcula, <em>Queer <\/em>est\u00e1 protagonizada por Daniel Craig, Drew Starkey, Jason Schwartzman, y Omar Apollo. Despu\u00e9s de debutar en la Bienal de Venecia, donde recibi\u00f3 una ovaci\u00f3n de nueve minutos, A24 adquiri\u00f3 la pel\u00edcula y es uno de los estrenos m\u00e1s esperados de la temporada.<\/p>\n\n\n\n<p class=\"has-text-align-left\"><strong>\u201cTe Maldigo\u201d <\/strong>es el primer sencillo de Omar tras el lanzamiento de su segundo \u00e1lbum de estudio aclamado por la cr\u00edtica, <em>God Said No<\/em>, que lanz\u00f3 este mayo pasado. El \u00e1lbum fue concebido despu\u00e9s del torbellino de su \u00e9xito comercial y los elogios de su \u00e1lbum debut nominado al Grammy, <em>Ivory, <\/em>y su exitosa gira que lo trajo a Sudam\u00e9rica para el Lollapalooza 2024.<\/p>\n\n\n\n<p>Antes del lanzamiento del \u00e1lbum, Omar brill\u00f3 con su debut en el Met Gala con un traje personalizado de LOEWE el cual le concedi\u00f3 el reconocimiento como Mejor Vestido de The Cut, Vogue y WWD, entre otros. Luego ese verano, el artista lanz\u00f3 su gira <em>God Said No<\/em>, en la cual se present\u00f3 en Australia, India y Jap\u00f3n antes de iniciar la etapa norteamericana en su estado natal de Indiana. En el \u00faltimo fin de semana, Omar regres\u00f3 a Camp Flog Gnaw en Los \u00c1ngeles para una actuaci\u00f3n \u00e9pica en el atardecer.<\/p>\n\n\n\n<figure class=\"wp-block-embed is-type-video is-provider-youtube wp-block-embed-youtube wp-embed-aspect-16-9 wp-has-aspect-ratio\"><div class=\"wp-block-embed__wrapper\">\n<div class=\"epyt-video-wrapper\"><iframe loading=\"lazy\"  id=\"_ytid_48916\"  width=\"640\" height=\"360\"  data-origwidth=\"640\" data-origheight=\"360\" src=\"https:\/\/www.youtube.com\/embed\/vpVlXGbUZVo?enablejsapi=1&#038;autoplay=0&#038;cc_load_policy=0&#038;cc_lang_pref=&#038;iv_load_policy=1&#038;loop=0&#038;rel=1&#038;fs=1&#038;playsinline=0&#038;autohide=2&#038;theme=dark&#038;color=white&#038;controls=1&#038;\" class=\"__youtube_prefs__  epyt-is-override  no-lazyload\" data-vol=\"50\"  title=\"YouTube player\"  allow=\"fullscreen; accelerometer; autoplay; clipboard-write; encrypted-media; gyroscope; picture-in-picture; web-share\" referrerpolicy=\"strict-origin-when-cross-origin\" allowfullscreen data-no-lazy=\"1\" data-skipgform_ajax_framebjll=\"\"><\/iframe><\/div>\n<\/div><\/figure>\n\n\n\n<p class=\"has-text-align-center\"><strong>Lo que dice la prensa sobre Omar Apollo<\/strong><\/p>\n\n\n\n<p><em>\u00abInconfundiblemente vulnerable\u201d <\/em>&#8211; <strong>Complex<\/strong><strong><\/strong><\/p>\n\n\n\n<p><em>\u201cOmar Apollo es el erudito pop dulce y temperamental que necesitamos\u201d &#8211; <\/em><strong>Rolling Stone (4 estrellas)<\/strong><strong><\/strong><\/p>\n\n\n\n<p>\u201cExquisito\u201d &#8211; <strong>NYT (Critic\u2019s Pick)<\/strong><\/p>\n\n\n\n<p><em>\u00abPoderosamente interpretado, cantado expertamente\u201d<\/em>&#8211; <strong>Billboard<\/strong><\/p>\n\n\n\n<p><em>\u201cApollo ha creado una colecci\u00f3n silenciosa y discreta de canciones llenas de vibra.\u201d &#8211; <\/em><strong>Wall Street Journal<\/strong><\/p>\n","protected":false},"excerpt":{"rendered":"","protected":false},"author":5,"featured_media":13006,"comment_status":"open","ping_status":"open","sticky":false,"template":"","format":"standard","meta":{"om_disable_all_campaigns":false,"_uf_show_specific_survey":0,"_uf_disable_surveys":false,"footnotes":""},"categories":[4],"tags":[],"class_list":["post-13005","post","type-post","status-publish","format-standard","has-post-thumbnail","hentry","category-musica"],"_links":{"self":[{"href":"https:\/\/entrenotasyacordes.com\/index.php?rest_route=\/wp\/v2\/posts\/13005","targetHints":{"allow":["GET"]}}],"collection":[{"href":"https:\/\/entrenotasyacordes.com\/index.php?rest_route=\/wp\/v2\/posts"}],"about":[{"href":"https:\/\/entrenotasyacordes.com\/index.php?rest_route=\/wp\/v2\/types\/post"}],"author":[{"embeddable":true,"href":"https:\/\/entrenotasyacordes.com\/index.php?rest_route=\/wp\/v2\/users\/5"}],"replies":[{"embeddable":true,"href":"https:\/\/entrenotasyacordes.com\/index.php?rest_route=%2Fwp%2Fv2%2Fcomments&post=13005"}],"version-history":[{"count":1,"href":"https:\/\/entrenotasyacordes.com\/index.php?rest_route=\/wp\/v2\/posts\/13005\/revisions"}],"predecessor-version":[{"id":13007,"href":"https:\/\/entrenotasyacordes.com\/index.php?rest_route=\/wp\/v2\/posts\/13005\/revisions\/13007"}],"wp:featuredmedia":[{"embeddable":true,"href":"https:\/\/entrenotasyacordes.com\/index.php?rest_route=\/wp\/v2\/media\/13006"}],"wp:attachment":[{"href":"https:\/\/entrenotasyacordes.com\/index.php?rest_route=%2Fwp%2Fv2%2Fmedia&parent=13005"}],"wp:term":[{"taxonomy":"category","embeddable":true,"href":"https:\/\/entrenotasyacordes.com\/index.php?rest_route=%2Fwp%2Fv2%2Fcategories&post=13005"},{"taxonomy":"post_tag","embeddable":true,"href":"https:\/\/entrenotasyacordes.com\/index.php?rest_route=%2Fwp%2Fv2%2Ftags&post=13005"}],"curies":[{"name":"wp","href":"https:\/\/api.w.org\/{rel}","templated":true}]}}