{"id":13008,"date":"2024-11-23T01:23:31","date_gmt":"2024-11-23T01:23:31","guid":{"rendered":"https:\/\/entrenotasyacordes.com\/?p=13008"},"modified":"2024-11-23T01:23:31","modified_gmt":"2024-11-23T01:23:31","slug":"jack-harlow-presenta-su-nuevo-single-hello-miss-johnson","status":"publish","type":"post","link":"https:\/\/entrenotasyacordes.com\/?p=13008","title":{"rendered":"JACK HARLOW PRESENTA SU NUEVO SINGLE \u201cHELLO MISS JOHNSON\u201d"},"content":{"rendered":"\n<!--more-->\n\n\n\n<p class=\"has-text-align-center\"><strong>El video musical cont\u00f3 con la direcci\u00f3n de Shadrinsky<\/strong><\/p>\n\n\n<div class=\"wp-block-image\">\n<figure class=\"aligncenter size-full is-resized\"><img loading=\"lazy\" decoding=\"async\" width=\"1280\" height=\"720\" src=\"https:\/\/entrenotasyacordes.com\/wp-content\/uploads\/2024\/11\/7c.jpg\" alt=\"\" class=\"wp-image-13009\" style=\"width:599px;height:auto\" srcset=\"https:\/\/entrenotasyacordes.com\/wp-content\/uploads\/2024\/11\/7c.jpg 1280w, https:\/\/entrenotasyacordes.com\/wp-content\/uploads\/2024\/11\/7c-300x169.jpg 300w, https:\/\/entrenotasyacordes.com\/wp-content\/uploads\/2024\/11\/7c-1024x576.jpg 1024w, https:\/\/entrenotasyacordes.com\/wp-content\/uploads\/2024\/11\/7c-768x432.jpg 768w\" sizes=\"auto, (max-width: 1280px) 100vw, 1280px\" \/><\/figure>\n<\/div>\n\n\n<p class=\"has-text-align-left\">\u201cHello Miss Johnson\u201d es la nueva canci\u00f3n de Jack Harlow, producida por su hermano Clay Harlow y aksel arvid, y que ya est\u00e1 disponible a trav\u00e9s de Generation Now\/Atlantic Records.<\/p>\n\n\n\n<p class=\"has-text-align-left\">El video de \u201cHello Miss Johnson\u201d fue filmado por Yulya Shadrinsky y Marita Gurcciani, quienes conforman Shadrinsky, conocido por su singular estilo lo-fi y voyerista en el mundo de la moda, para dise\u00f1adores como Marc Jacobs y Jean Paul Gaultier. El video se film\u00f3 con c\u00e1maras de circuito cerrado de televisi\u00f3n y documenta el cortejo entre Jack y la hija de Srta. Johnson.<\/p>\n\n\n\n<figure class=\"wp-block-embed is-type-video is-provider-youtube wp-block-embed-youtube wp-embed-aspect-4-3 wp-has-aspect-ratio\"><div class=\"wp-block-embed__wrapper\">\n<div class=\"epyt-video-wrapper\"><iframe loading=\"lazy\"  id=\"_ytid_73879\"  width=\"640\" height=\"360\"  data-origwidth=\"640\" data-origheight=\"360\" src=\"https:\/\/www.youtube.com\/embed\/Q86_nlRoIGw?enablejsapi=1&#038;autoplay=0&#038;cc_load_policy=0&#038;cc_lang_pref=&#038;iv_load_policy=1&#038;loop=0&#038;rel=1&#038;fs=1&#038;playsinline=0&#038;autohide=2&#038;theme=dark&#038;color=white&#038;controls=1&#038;\" class=\"__youtube_prefs__  epyt-is-override  no-lazyload\" data-vol=\"50\"  title=\"YouTube player\"  allow=\"fullscreen; accelerometer; autoplay; clipboard-write; encrypted-media; gyroscope; picture-in-picture; web-share\" referrerpolicy=\"strict-origin-when-cross-origin\" allowfullscreen data-no-lazy=\"1\" data-skipgform_ajax_framebjll=\"\"><\/iframe><\/div>\n<\/div><\/figure>\n\n\n\n<p class=\"has-text-align-left\">Jack realizar\u00e1 dos shows especiales con Teddy Abrams y la Louisville Orchestra para su cuarta serie anual \u2018No Place Like Home\u2019, en el Whitney Hall en Kentucky, el 29 y 30 de noviembre.<\/p>\n\n\n\n<p class=\"has-text-align-left\">Jack est\u00e1 en estos momentos trabajando en un nuevo proyecto. Pronto habr\u00e1 m\u00e1s novedades sobre esto\u2026<\/p>\n\n\n<div class=\"wp-block-image\">\n<figure class=\"aligncenter size-full is-resized\"><img loading=\"lazy\" decoding=\"async\" width=\"1358\" height=\"2048\" src=\"https:\/\/entrenotasyacordes.com\/wp-content\/uploads\/2024\/11\/7cc.jpg\" alt=\"\" class=\"wp-image-13011\" style=\"width:599px;height:auto\" srcset=\"https:\/\/entrenotasyacordes.com\/wp-content\/uploads\/2024\/11\/7cc.jpg 1358w, https:\/\/entrenotasyacordes.com\/wp-content\/uploads\/2024\/11\/7cc-199x300.jpg 199w, https:\/\/entrenotasyacordes.com\/wp-content\/uploads\/2024\/11\/7cc-679x1024.jpg 679w, https:\/\/entrenotasyacordes.com\/wp-content\/uploads\/2024\/11\/7cc-768x1158.jpg 768w, https:\/\/entrenotasyacordes.com\/wp-content\/uploads\/2024\/11\/7cc-1019x1536.jpg 1019w, https:\/\/entrenotasyacordes.com\/wp-content\/uploads\/2024\/11\/7cc-1024x1544.jpg 1024w\" sizes=\"auto, (max-width: 1358px) 100vw, 1358px\" \/><figcaption class=\"wp-element-caption\">Photo Credit: Louisa Meng<\/figcaption><\/figure>\n<\/div>\n\n\n<p class=\"has-text-align-center\"><strong>Acerca de Jack Harlow:<\/strong><\/p>\n\n\n\n<p>Desde sus primeras grabaciones, Jack Harlow fue reconocido como l\u00edder de una nueva generaci\u00f3n en la m\u00fasica, con sus mixtapes, \u00e1lbumes y shows en vivo, que obtuvieron el aplauso de la cr\u00edtica. El artista acumula m\u00e1s de 11.000 millones de reproducciones, m\u00faltiples nominaciones al premio GRAMMY y varios singles que llegaron a ser N\u00b01.<\/p>\n\n\n\n<p>Jack es el fundador del festival anual Gazebo Festival en su Estado natal, adem\u00e1s de crear The Jack Harlow Foundation en 2023 para reinvertir, mejorar y apoyar organizaciones ben\u00e9ficas, distribuyendo m\u00e1s que donaciones de dinero y productos en todo el Estado. Este a\u00f1o colabor\u00f3 con importantes artistas de la moda, junto a marcas como Jil Sander y Marni, adem\u00e1s de su trabajo en pel\u00edculas, actuando junto a Matt Damon y Casey Affleck.<\/p>\n\n\n\n<p class=\"has-text-align-left\">Considerado como uno de los artistas m\u00e1s cautivantes de la m\u00fasica de nuestro tiempo, Jack est\u00e1 trabajando ahora en un nuevo proyecto.<\/p>\n","protected":false},"excerpt":{"rendered":"","protected":false},"author":5,"featured_media":13010,"comment_status":"open","ping_status":"open","sticky":false,"template":"","format":"standard","meta":{"om_disable_all_campaigns":false,"_uf_show_specific_survey":0,"_uf_disable_surveys":false,"footnotes":""},"categories":[4],"tags":[],"class_list":["post-13008","post","type-post","status-publish","format-standard","has-post-thumbnail","hentry","category-musica"],"_links":{"self":[{"href":"https:\/\/entrenotasyacordes.com\/index.php?rest_route=\/wp\/v2\/posts\/13008","targetHints":{"allow":["GET"]}}],"collection":[{"href":"https:\/\/entrenotasyacordes.com\/index.php?rest_route=\/wp\/v2\/posts"}],"about":[{"href":"https:\/\/entrenotasyacordes.com\/index.php?rest_route=\/wp\/v2\/types\/post"}],"author":[{"embeddable":true,"href":"https:\/\/entrenotasyacordes.com\/index.php?rest_route=\/wp\/v2\/users\/5"}],"replies":[{"embeddable":true,"href":"https:\/\/entrenotasyacordes.com\/index.php?rest_route=%2Fwp%2Fv2%2Fcomments&post=13008"}],"version-history":[{"count":1,"href":"https:\/\/entrenotasyacordes.com\/index.php?rest_route=\/wp\/v2\/posts\/13008\/revisions"}],"predecessor-version":[{"id":13012,"href":"https:\/\/entrenotasyacordes.com\/index.php?rest_route=\/wp\/v2\/posts\/13008\/revisions\/13012"}],"wp:featuredmedia":[{"embeddable":true,"href":"https:\/\/entrenotasyacordes.com\/index.php?rest_route=\/wp\/v2\/media\/13010"}],"wp:attachment":[{"href":"https:\/\/entrenotasyacordes.com\/index.php?rest_route=%2Fwp%2Fv2%2Fmedia&parent=13008"}],"wp:term":[{"taxonomy":"category","embeddable":true,"href":"https:\/\/entrenotasyacordes.com\/index.php?rest_route=%2Fwp%2Fv2%2Fcategories&post=13008"},{"taxonomy":"post_tag","embeddable":true,"href":"https:\/\/entrenotasyacordes.com\/index.php?rest_route=%2Fwp%2Fv2%2Ftags&post=13008"}],"curies":[{"name":"wp","href":"https:\/\/api.w.org\/{rel}","templated":true}]}}