{"id":13013,"date":"2024-11-23T01:26:08","date_gmt":"2024-11-23T01:26:08","guid":{"rendered":"https:\/\/entrenotasyacordes.com\/?p=13013"},"modified":"2024-11-23T01:26:10","modified_gmt":"2024-11-23T01:26:10","slug":"leo-rizzi-y-lasso-exploran-las-heridas-del-alma-en-su-esperada-colaboracion-quebranto","status":"publish","type":"post","link":"https:\/\/entrenotasyacordes.com\/?p=13013","title":{"rendered":"LEO RIZZI Y LASSO EXPLORAN LAS HERIDAS DEL ALMA EN SU ESPERADA COLABORACI\u00d3N \u201cQUEBRANTO\u201d"},"content":{"rendered":"\n<!--more-->\n\n\n\n<p>Una canci\u00f3n que conecta el dolor y la superaci\u00f3n a trav\u00e9s de dos voces inolvidables<\/p>\n\n\n<div class=\"wp-block-image\">\n<figure class=\"aligncenter size-full is-resized\"><img loading=\"lazy\" decoding=\"async\" width=\"1254\" height=\"1254\" src=\"https:\/\/entrenotasyacordes.com\/wp-content\/uploads\/2024\/11\/7d.jpg\" alt=\"\" class=\"wp-image-13014\" style=\"width:599px;height:auto\" srcset=\"https:\/\/entrenotasyacordes.com\/wp-content\/uploads\/2024\/11\/7d.jpg 1254w, https:\/\/entrenotasyacordes.com\/wp-content\/uploads\/2024\/11\/7d-300x300.jpg 300w, https:\/\/entrenotasyacordes.com\/wp-content\/uploads\/2024\/11\/7d-1024x1024.jpg 1024w, https:\/\/entrenotasyacordes.com\/wp-content\/uploads\/2024\/11\/7d-150x150.jpg 150w, https:\/\/entrenotasyacordes.com\/wp-content\/uploads\/2024\/11\/7d-768x768.jpg 768w, https:\/\/entrenotasyacordes.com\/wp-content\/uploads\/2024\/11\/7d-50x50.jpg 50w\" sizes=\"auto, (max-width: 1254px) 100vw, 1254px\" \/><\/figure>\n<\/div>\n\n\n<p class=\"has-text-align-left\"><a href=\"https:\/\/click.mailchimp.com\/track\/click\/30010842\/open.spotify.com?p=eyJzIjoiZjRXQTZVSnBtVUJRNHBrXzVySzNTSzE0Q1VJIiwidiI6MSwicCI6IntcInVcIjozMDAxMDg0MixcInZcIjoxLFwidXJsXCI6XCJodHRwczpcXFwvXFxcL29wZW4uc3BvdGlmeS5jb21cXFwvaW50bC1lc1xcXC9hcnRpc3RcXFwvMjI4MVJTbWIyY042a25udDBJYXJiMj9zaT1RejAzQ1hobFFtU0l3UEstLVVyOVFnXCIsXCJpZFwiOlwiODg1N2RkOGY3ODQ1NDUxNGFkYmI1MDJmZGVjNGRhZDVcIixcInVybF9pZHNcIjpbXCIwOTdjZWIwZjZjM2Q5MjM2OTYyNDdiZTdkMGEzOTMwYTMyNDk2ZmI0XCJdfSJ9\"><strong><u>Leo Rizzi<\/u><\/strong><strong> <\/strong><\/a><strong>y <\/strong><a href=\"https:\/\/click.mailchimp.com\/track\/click\/30010842\/open.spotify.com?p=eyJzIjoiVE52N2Y0bGFLQU9sWWlDenhQY0szd090eWdnIiwidiI6MSwicCI6IntcInVcIjozMDAxMDg0MixcInZcIjoxLFwidXJsXCI6XCJodHRwczpcXFwvXFxcL29wZW4uc3BvdGlmeS5jb21cXFwvaW50bC1lc1xcXC9hcnRpc3RcXFwvM1NDT3VBeG5nVEMxeUdqS01jSVBFZD9zaT1jdUZubU5IV1F6bXZ4bTRzZjJ4V0FnXCIsXCJpZFwiOlwiODg1N2RkOGY3ODQ1NDUxNGFkYmI1MDJmZGVjNGRhZDVcIixcInVybF9pZHNcIjpbXCIyYTk4ZWY4ZmJjNzU0MmUzOTVhYjVjYWI5YjQyZjk4Yjc1OGM2NjMxXCJdfSJ9\"><strong><u>Lasso<\/u><\/strong><strong> <\/strong><\/a>se unen en su tan esperada colaboraci\u00f3n \u201c<strong>QUEBRANTO<\/strong>\u201d, un single de pop nost\u00e1lgico cargado de emoci\u00f3n que explora la fragilidad emocional y el camino hacia la sanaci\u00f3n. Con un enfoque resiliente, la canci\u00f3n aborda el dolor de un coraz\u00f3n roto y la lucha por reconstruirse, llevando a los oyentes a un viaje emocional que celebra la superaci\u00f3n personal.<\/p>\n\n\n\n<p class=\"has-text-align-left\">\u00ab<strong>QUEBRANTO<\/strong>\u00bb combina las <strong>ra\u00edces del pop latino <\/strong>con un sonido distintivo inspirado en el <strong>pop-rock de los a\u00f1os 80<\/strong>, donde riffs de guitarra nost\u00e1lgicos se mezclan con ritmos latinos contempor\u00e1neos. Este h\u00edbrido sonoro crea una experiencia \u00fanica: refrescante en su modernidad, pero profundamente evocadora de cl\u00e1sicos emocionales. La canci\u00f3n ha sido producida por Oliver Garc\u00eda de 3KMKZ recientemente nominados a los Latin Grammy y el videoclip ha sido rodado en las fren\u00e9ticas calles del centro hist\u00f3rico de Ciudad de M\u00e9xico, lugar donde Leo estar\u00e1 residiendo hasta finales de a\u00f1o.<\/p>\n\n\n\n<p class=\"has-text-align-left\">Las interpretaciones vocales de Leo Rizzi y Lasso se entrelazan de manera impecable, elevando el plano l\u00edrico una entrega poderosa que resuena en aquellos que encuentran fuerza en su vulnerabilidad. Esta colaboraci\u00f3n llega como una gran alianza entre dos revelaciones del pop latino como Leo y Lasso y <strong>formar\u00e1 parte del pr\u00f3ximo proyecto relacionado con el exitoso \u00e1lbum debut del artista uruguayo- espa\u00f1ol \u201c<\/strong><a href=\"https:\/\/click.mailchimp.com\/track\/click\/30010842\/open.spotify.com?p=eyJzIjoicWFGRGtFMGZucEoxTnFuUlU5R1dyRW11YmVRIiwidiI6MSwicCI6IntcInVcIjozMDAxMDg0MixcInZcIjoxLFwidXJsXCI6XCJodHRwczpcXFwvXFxcL29wZW4uc3BvdGlmeS5jb21cXFwvaW50bC1lc1xcXC9hbGJ1bVxcXC83bFVsbFpWSWhOUDhtQ245aDNIbXhPP3NpPXVBOFZ3cWVMUzgyWXhoelRvRXNRQmdcIixcImlkXCI6XCI4ODU3ZGQ4Zjc4NDU0NTE0YWRiYjUwMmZkZWM0ZGFkNVwiLFwidXJsX2lkc1wiOltcIjJmNDVjMmI0MWNjNGFlNTdmZWJiYjY3MjQ3NzY0MTVkOWNiMjIzOTNcIl19In0\"><strong><u>P\u00c1JARO AZUL<\/u><\/strong><\/a><strong>\u201d <\/strong>publicado en septiembre de este a\u00f1o<\/p>\n\n\n\n<p><\/p>\n","protected":false},"excerpt":{"rendered":"","protected":false},"author":5,"featured_media":13014,"comment_status":"open","ping_status":"open","sticky":false,"template":"","format":"standard","meta":{"om_disable_all_campaigns":false,"_uf_show_specific_survey":0,"_uf_disable_surveys":false,"footnotes":""},"categories":[4],"tags":[],"class_list":["post-13013","post","type-post","status-publish","format-standard","has-post-thumbnail","hentry","category-musica"],"_links":{"self":[{"href":"https:\/\/entrenotasyacordes.com\/index.php?rest_route=\/wp\/v2\/posts\/13013","targetHints":{"allow":["GET"]}}],"collection":[{"href":"https:\/\/entrenotasyacordes.com\/index.php?rest_route=\/wp\/v2\/posts"}],"about":[{"href":"https:\/\/entrenotasyacordes.com\/index.php?rest_route=\/wp\/v2\/types\/post"}],"author":[{"embeddable":true,"href":"https:\/\/entrenotasyacordes.com\/index.php?rest_route=\/wp\/v2\/users\/5"}],"replies":[{"embeddable":true,"href":"https:\/\/entrenotasyacordes.com\/index.php?rest_route=%2Fwp%2Fv2%2Fcomments&post=13013"}],"version-history":[{"count":1,"href":"https:\/\/entrenotasyacordes.com\/index.php?rest_route=\/wp\/v2\/posts\/13013\/revisions"}],"predecessor-version":[{"id":13015,"href":"https:\/\/entrenotasyacordes.com\/index.php?rest_route=\/wp\/v2\/posts\/13013\/revisions\/13015"}],"wp:featuredmedia":[{"embeddable":true,"href":"https:\/\/entrenotasyacordes.com\/index.php?rest_route=\/wp\/v2\/media\/13014"}],"wp:attachment":[{"href":"https:\/\/entrenotasyacordes.com\/index.php?rest_route=%2Fwp%2Fv2%2Fmedia&parent=13013"}],"wp:term":[{"taxonomy":"category","embeddable":true,"href":"https:\/\/entrenotasyacordes.com\/index.php?rest_route=%2Fwp%2Fv2%2Fcategories&post=13013"},{"taxonomy":"post_tag","embeddable":true,"href":"https:\/\/entrenotasyacordes.com\/index.php?rest_route=%2Fwp%2Fv2%2Ftags&post=13013"}],"curies":[{"name":"wp","href":"https:\/\/api.w.org\/{rel}","templated":true}]}}