{"id":13016,"date":"2024-11-23T01:31:27","date_gmt":"2024-11-23T01:31:27","guid":{"rendered":"https:\/\/entrenotasyacordes.com\/?p=13016"},"modified":"2024-11-23T01:31:28","modified_gmt":"2024-11-23T01:31:28","slug":"juan-fuentes-se-une-a-leon-gieco-para-su-version-como-un-tren","status":"publish","type":"post","link":"https:\/\/entrenotasyacordes.com\/?p=13016","title":{"rendered":"Juan Fuentes se une a Le\u00f3n Gieco para su versi\u00f3n \u201cComo Un Tren\u201d"},"content":{"rendered":"\n<!--more-->\n\n\n<div class=\"wp-block-image\">\n<figure class=\"aligncenter size-full is-resized\"><img loading=\"lazy\" decoding=\"async\" width=\"2048\" height=\"2045\" src=\"https:\/\/entrenotasyacordes.com\/wp-content\/uploads\/2024\/11\/7e.jpg\" alt=\"\" class=\"wp-image-13017\" style=\"width:599px;height:auto\" srcset=\"https:\/\/entrenotasyacordes.com\/wp-content\/uploads\/2024\/11\/7e.jpg 2048w, https:\/\/entrenotasyacordes.com\/wp-content\/uploads\/2024\/11\/7e-300x300.jpg 300w, https:\/\/entrenotasyacordes.com\/wp-content\/uploads\/2024\/11\/7e-1024x1023.jpg 1024w, https:\/\/entrenotasyacordes.com\/wp-content\/uploads\/2024\/11\/7e-150x150.jpg 150w, https:\/\/entrenotasyacordes.com\/wp-content\/uploads\/2024\/11\/7e-768x767.jpg 768w, https:\/\/entrenotasyacordes.com\/wp-content\/uploads\/2024\/11\/7e-1536x1534.jpg 1536w, https:\/\/entrenotasyacordes.com\/wp-content\/uploads\/2024\/11\/7e-50x50.jpg 50w\" sizes=\"auto, (max-width: 2048px) 100vw, 2048px\" \/><\/figure>\n<\/div>\n\n\n<p class=\"has-text-align-left\"><strong>Juan Fuentes<\/strong>, gran referente de la m\u00fasica folcl\u00f3rica argentina, lanza una esperada colaboraci\u00f3n con el legendario <strong>Le\u00f3n Gieco<\/strong>. Juntos interpretan un cl\u00e1sico del folclore argentino, \u00ab<strong>Como Un Tren<\/strong>\u00ab, una de las canciones m\u00e1s emblem\u00e1ticas de Gieco que ha marcado generaciones. Disponible en todas las plataformas digitales a partir del <strong>jueves 21 de noviembre a las 20.00hs.<\/strong><strong><\/strong><\/p>\n\n\n\n<p>Fusionando estos dos mundos sonoros del rock y el folclore se llega a un resultado cargado de tradici\u00f3n y pasi\u00f3n. Lanzada originalmente en 1981, \u00ab<strong>Como Un Tren<\/strong>\u00bb se ha convertido en una de las canciones m\u00e1s queridas de <strong>Le\u00f3n Gieco<\/strong>, con su letra llena de nostalgia, esperanza y reflexi\u00f3n sobre el paso del tiempo y el desarraigo. Siendo fiel a s\u00ed mismo, <strong>Juan Fuentes <\/strong>retoma este cl\u00e1sico y vuelve a darle vida con su imponente e ic\u00f3nica voz.<\/p>\n\n\n\n<p>\u201cLa participaci\u00f3n de Le\u00f3n es darle un valor agregado en todos los sentidos, no solo lo art\u00edstico en el emocional, espiritual y en lo que vale la palabra de una persona con tanta experiencia como \u00e9l. Una persona que siempre estuvo de la mano de la m\u00fasica sin importar el g\u00e9nero, Le\u00f3n siempre le puso un color y una magia a las canciones que hacen que sean especiales. \u201cComo Un Tren\u201d fue una canci\u00f3n que L\u00e9on eligi\u00f3 para m\u00ed y que me la mostr\u00f3 con mucho cari\u00f1o que era seguro que la ten\u00eda que grabar y que ten\u00eda que ser la primera canci\u00f3n antes del lanzamiento de mi \u00e1lbum\u201d comenta <strong>Juan Fuentes<\/strong>.<\/p>\n\n\n\n<p>El resultado de esta uni\u00f3n art\u00edstica es una interpretaci\u00f3n conmovedora, que refleja el hermoso v\u00ednculo entre ambos artistas. Una canci\u00f3n que resurge con un car\u00e1cter renovador con la voz de Juan y de Le\u00f3n juntas.<\/p>\n\n\n\n<p class=\"has-text-align-left\">Juan Fuentes est\u00e1 por lanzar su nuevo \u00e1lbum titulado: <strong>Mil Noches. <\/strong>El mismo llega el pr\u00f3ximo 27 de noviembre e incluir\u00e1 colaboraciones muy especiales para este nuevo proyecto pensado y creado desde el coraz\u00f3n.<\/p>\n\n\n<div class=\"wp-block-image\">\n<figure class=\"aligncenter size-full is-resized\"><img loading=\"lazy\" decoding=\"async\" width=\"2048\" height=\"1366\" src=\"https:\/\/entrenotasyacordes.com\/wp-content\/uploads\/2024\/11\/7ee.jpg\" alt=\"\" class=\"wp-image-13018\" style=\"width:599px;height:auto\" srcset=\"https:\/\/entrenotasyacordes.com\/wp-content\/uploads\/2024\/11\/7ee.jpg 2048w, https:\/\/entrenotasyacordes.com\/wp-content\/uploads\/2024\/11\/7ee-300x200.jpg 300w, https:\/\/entrenotasyacordes.com\/wp-content\/uploads\/2024\/11\/7ee-1024x683.jpg 1024w, https:\/\/entrenotasyacordes.com\/wp-content\/uploads\/2024\/11\/7ee-768x512.jpg 768w, https:\/\/entrenotasyacordes.com\/wp-content\/uploads\/2024\/11\/7ee-1536x1025.jpg 1536w\" sizes=\"auto, (max-width: 2048px) 100vw, 2048px\" \/><\/figure>\n<\/div>\n\n\n<p class=\"has-text-align-center\"><\/p>\n","protected":false},"excerpt":{"rendered":"","protected":false},"author":5,"featured_media":13017,"comment_status":"open","ping_status":"open","sticky":false,"template":"","format":"standard","meta":{"om_disable_all_campaigns":false,"_uf_show_specific_survey":0,"_uf_disable_surveys":false,"footnotes":""},"categories":[4],"tags":[],"class_list":["post-13016","post","type-post","status-publish","format-standard","has-post-thumbnail","hentry","category-musica"],"_links":{"self":[{"href":"https:\/\/entrenotasyacordes.com\/index.php?rest_route=\/wp\/v2\/posts\/13016","targetHints":{"allow":["GET"]}}],"collection":[{"href":"https:\/\/entrenotasyacordes.com\/index.php?rest_route=\/wp\/v2\/posts"}],"about":[{"href":"https:\/\/entrenotasyacordes.com\/index.php?rest_route=\/wp\/v2\/types\/post"}],"author":[{"embeddable":true,"href":"https:\/\/entrenotasyacordes.com\/index.php?rest_route=\/wp\/v2\/users\/5"}],"replies":[{"embeddable":true,"href":"https:\/\/entrenotasyacordes.com\/index.php?rest_route=%2Fwp%2Fv2%2Fcomments&post=13016"}],"version-history":[{"count":1,"href":"https:\/\/entrenotasyacordes.com\/index.php?rest_route=\/wp\/v2\/posts\/13016\/revisions"}],"predecessor-version":[{"id":13019,"href":"https:\/\/entrenotasyacordes.com\/index.php?rest_route=\/wp\/v2\/posts\/13016\/revisions\/13019"}],"wp:featuredmedia":[{"embeddable":true,"href":"https:\/\/entrenotasyacordes.com\/index.php?rest_route=\/wp\/v2\/media\/13017"}],"wp:attachment":[{"href":"https:\/\/entrenotasyacordes.com\/index.php?rest_route=%2Fwp%2Fv2%2Fmedia&parent=13016"}],"wp:term":[{"taxonomy":"category","embeddable":true,"href":"https:\/\/entrenotasyacordes.com\/index.php?rest_route=%2Fwp%2Fv2%2Fcategories&post=13016"},{"taxonomy":"post_tag","embeddable":true,"href":"https:\/\/entrenotasyacordes.com\/index.php?rest_route=%2Fwp%2Fv2%2Ftags&post=13016"}],"curies":[{"name":"wp","href":"https:\/\/api.w.org\/{rel}","templated":true}]}}