{"id":13020,"date":"2024-11-23T01:34:54","date_gmt":"2024-11-23T01:34:54","guid":{"rendered":"https:\/\/entrenotasyacordes.com\/?p=13020"},"modified":"2024-11-23T01:34:55","modified_gmt":"2024-11-23T01:34:55","slug":"jairo-vera-y-gino-mella-presentan-mienteme-el-primer-adelanto-de-su-esperado-disco-conjunto","status":"publish","type":"post","link":"https:\/\/entrenotasyacordes.com\/?p=13020","title":{"rendered":"Jairo Vera y Gino Mella presentan \u201cMi\u00e9nteme\u201d, el primer adelanto de su esperado disco conjunto"},"content":{"rendered":"\n<!--more-->\n\n\n\n<p class=\"has-text-align-center\"><strong>La canci\u00f3n cuenta con la participaci\u00f3n del cantante argentino<\/strong> <strong>Salastkbron<\/strong><\/p>\n\n\n<div class=\"wp-block-image\">\n<figure class=\"aligncenter size-full is-resized\"><img loading=\"lazy\" decoding=\"async\" width=\"2048\" height=\"2048\" src=\"https:\/\/entrenotasyacordes.com\/wp-content\/uploads\/2024\/11\/7f.jpg\" alt=\"\" class=\"wp-image-13022\" style=\"width:599px;height:auto\" srcset=\"https:\/\/entrenotasyacordes.com\/wp-content\/uploads\/2024\/11\/7f.jpg 2048w, https:\/\/entrenotasyacordes.com\/wp-content\/uploads\/2024\/11\/7f-300x300.jpg 300w, https:\/\/entrenotasyacordes.com\/wp-content\/uploads\/2024\/11\/7f-1024x1024.jpg 1024w, https:\/\/entrenotasyacordes.com\/wp-content\/uploads\/2024\/11\/7f-150x150.jpg 150w, https:\/\/entrenotasyacordes.com\/wp-content\/uploads\/2024\/11\/7f-768x768.jpg 768w, https:\/\/entrenotasyacordes.com\/wp-content\/uploads\/2024\/11\/7f-1536x1536.jpg 1536w, https:\/\/entrenotasyacordes.com\/wp-content\/uploads\/2024\/11\/7f-50x50.jpg 50w\" sizes=\"auto, (max-width: 2048px) 100vw, 2048px\" \/><\/figure>\n<\/div>\n\n\n<p class=\"has-text-align-left\">Los destacados artistas urbanos chilenos Jairo Vera y Gino Mella unen sus talentos en \u201cMi\u00e9nteme\u201d junto al trasandino Salastkbron, el primer single de su primer \u00e1lbum colaborativo. Este tema, cargado de emoci\u00f3n y ritmos envolventes, marca el inicio de una nueva etapa creativa para ambos, consolidando una alianza musical que promete sorprender a sus seguidores.<\/p>\n\n\n\n<p>Jairo Vera, conocido por su capacidad para conectar con el p\u00fablico con un estilo aut\u00e9ntico, ha destacado en la escena urbana chilena desde temprana edad. Con solo 19 a\u00f1os se ha consolidado como una de las figuras emergentes m\u00e1s destacadas del g\u00e9nero. \ufffc<\/p>\n\n\n\n<p>Por su parte, Gino Mella, cantante, productor y compositor de 23 a\u00f1os, ha conquistado audiencias con su versatilidad y un cat\u00e1logo de \u00e9xitos que han dejado huella tanto a nivel local como internacional. Entre sus canciones m\u00e1s destacadas se encuentran \u201cEl Amor de tu Vida\u201d en colaboraci\u00f3n con Jairo Vera y Best, y la recientemente estrenada \u201cTu Flaite\u201d, junto a Marka Akme, entre muchos otros.<\/p>\n\n\n\n<p>Ambos artistas ya han compartido escenario y colaborado en canciones anteriores, demostrando una qu\u00edmica innegable. En mayo de 2024, protagonizaron \u201cLa Pelea del Siglo\u201d, un espect\u00e1culo a tablero vuelto en el Movistar Arena que cont\u00f3 con cinco rounds de m\u00fasica y una puesta en escena innovadora. \ufffc<\/p>\n\n\n\n<p>\u201cMi\u00e9nteme\u201d es el primer vistazo a un proyecto m\u00e1s ambicioso: un disco conjunto que promete fusionar lo mejor de sus estilos y explorar nuevos territorios musicales. Esta canci\u00f3n refleja el crecimiento art\u00edstico de Jairo Vera y Gino Mella, y es testimonio de su compromiso con la evoluci\u00f3n del g\u00e9nero urbano en Chile.<\/p>\n\n\n\n<p class=\"has-text-align-left\">Salastkbron, es un popular cantante del g\u00e9nero urbano argentino, que cuenta con cerca de cinco millones de escuchas en Spotify, Dentro de sus canciones m\u00e1s exitosas, se encuentran \u201cUH LA LA LA\u201d, \u201cUn Besito M\u00e1s\u201d y \u201cTal Para Cual\u201d.<\/p>\n\n\n\n<p>El single ya est\u00e1 disponible en todas las plataformas digitales, invitando a los fan\u00e1ticos a ser parte del comienzo de esta emocionante colaboraci\u00f3n.<\/p>\n","protected":false},"excerpt":{"rendered":"","protected":false},"author":5,"featured_media":13022,"comment_status":"open","ping_status":"open","sticky":false,"template":"","format":"standard","meta":{"om_disable_all_campaigns":false,"_uf_show_specific_survey":0,"_uf_disable_surveys":false,"footnotes":""},"categories":[4],"tags":[],"class_list":["post-13020","post","type-post","status-publish","format-standard","has-post-thumbnail","hentry","category-musica"],"_links":{"self":[{"href":"https:\/\/entrenotasyacordes.com\/index.php?rest_route=\/wp\/v2\/posts\/13020","targetHints":{"allow":["GET"]}}],"collection":[{"href":"https:\/\/entrenotasyacordes.com\/index.php?rest_route=\/wp\/v2\/posts"}],"about":[{"href":"https:\/\/entrenotasyacordes.com\/index.php?rest_route=\/wp\/v2\/types\/post"}],"author":[{"embeddable":true,"href":"https:\/\/entrenotasyacordes.com\/index.php?rest_route=\/wp\/v2\/users\/5"}],"replies":[{"embeddable":true,"href":"https:\/\/entrenotasyacordes.com\/index.php?rest_route=%2Fwp%2Fv2%2Fcomments&post=13020"}],"version-history":[{"count":2,"href":"https:\/\/entrenotasyacordes.com\/index.php?rest_route=\/wp\/v2\/posts\/13020\/revisions"}],"predecessor-version":[{"id":13023,"href":"https:\/\/entrenotasyacordes.com\/index.php?rest_route=\/wp\/v2\/posts\/13020\/revisions\/13023"}],"wp:featuredmedia":[{"embeddable":true,"href":"https:\/\/entrenotasyacordes.com\/index.php?rest_route=\/wp\/v2\/media\/13022"}],"wp:attachment":[{"href":"https:\/\/entrenotasyacordes.com\/index.php?rest_route=%2Fwp%2Fv2%2Fmedia&parent=13020"}],"wp:term":[{"taxonomy":"category","embeddable":true,"href":"https:\/\/entrenotasyacordes.com\/index.php?rest_route=%2Fwp%2Fv2%2Fcategories&post=13020"},{"taxonomy":"post_tag","embeddable":true,"href":"https:\/\/entrenotasyacordes.com\/index.php?rest_route=%2Fwp%2Fv2%2Ftags&post=13020"}],"curies":[{"name":"wp","href":"https:\/\/api.w.org\/{rel}","templated":true}]}}