{"id":13073,"date":"2024-11-27T20:52:46","date_gmt":"2024-11-27T20:52:46","guid":{"rendered":"https:\/\/entrenotasyacordes.com\/?p=13073"},"modified":"2024-11-27T20:52:48","modified_gmt":"2024-11-27T20:52:48","slug":"el-evento-musical-del-ano-wicked-the-soundtrack-ya-esta-disponible","status":"publish","type":"post","link":"https:\/\/entrenotasyacordes.com\/?p=13073","title":{"rendered":"EL EVENTO MUSICAL DEL A\u00d1O WICKED: THE SOUNDTRACK YA EST\u00c1 DISPONIBLE.\u00a0"},"content":{"rendered":"\n<!--more-->\n\n\n\n<p class=\"has-text-align-center\">CON LA PARTICIPACI\u00d3N DEL CAST DE &#8216;WICKED&#8217; INCLUYENDO A CYNTHIA ERIVO COMO ELPHABA Y ARIANA GRANDE COMO GLINDA<\/p>\n\n\n<div class=\"wp-block-image\">\n<figure class=\"aligncenter size-full is-resized\"><img loading=\"lazy\" decoding=\"async\" width=\"660\" height=\"660\" src=\"https:\/\/entrenotasyacordes.com\/wp-content\/uploads\/2024\/11\/8b.jpg\" alt=\"\" class=\"wp-image-13074\" style=\"width:599px;height:auto\" srcset=\"https:\/\/entrenotasyacordes.com\/wp-content\/uploads\/2024\/11\/8b.jpg 660w, https:\/\/entrenotasyacordes.com\/wp-content\/uploads\/2024\/11\/8b-300x300.jpg 300w, https:\/\/entrenotasyacordes.com\/wp-content\/uploads\/2024\/11\/8b-150x150.jpg 150w, https:\/\/entrenotasyacordes.com\/wp-content\/uploads\/2024\/11\/8b-50x50.jpg 50w\" sizes=\"auto, (max-width: 660px) 100vw, 660px\" \/><\/figure>\n<\/div>\n\n\n<p class=\"has-text-align-left\">Hoy, en asociaci\u00f3n con el estreno global del nuevo evento cinematogr\u00e1fico de Universal Pictures,&nbsp;<em>Wicked<\/em>, Universal Studios \/ Republic Records \/ Verve Records lanzan la banda sonora m\u00e1s esperada del a\u00f1o,&nbsp;<em>Wicked: The Soundtrack<\/em>, para coincidir con la llegada de la pel\u00edcula a los cines.&nbsp;<em>Wicked: The Soundtrack<\/em>&nbsp;incluir\u00e1 las ic\u00f3nicas canciones \u201cDefying Gravity,\u201d \u201cPopular,\u201d \u201cDancing Through Life,\u201d \u201cThe Wizard And I\u201d y m\u00e1s, \u00a1como nunca las has escuchado antes!<\/p>\n\n\n\n<p class=\"has-text-align-left\">Con m\u00fasica y letras del legendario compositor y letrista ganador de Grammy y Oscar\u00ae,\u00a0<strong>Stephen Schwartz<\/strong>,\u00a0<em>Wicked: The Soundtrack<\/em>\u00a0incluye canciones interpretadas por la poderosa ganadora de Emmy, Grammy y Tony y nominada al Oscar\u00ae,\u00a0<strong>Cynthia Erivo<\/strong>\u00a0(Harriet,\u00a0<em>The Color Purple<\/em>\u00a0en Broadway) como Elphaba, y la artista multi-platino y ganadora de Grammy, la superestrella global\u00a0<strong>Ariana Grande<\/strong>\u00a0como Glinda.<\/p>\n\n\n\n<p class=\"has-text-align-left\"><strong>Stephen Schwartz<\/strong>&nbsp;coment\u00f3 sobre el lanzamiento de la banda sonora: \u00abEstoy muy orgulloso de nuestra banda sonora de&nbsp;<em>Wicked<\/em>. Estos cantantes de renombre mundial y esta maravillosa orquesta completa me han dado a m\u00ed y a mi equipo musical la oportunidad de hacer una grabaci\u00f3n que creo que emocionar\u00e1 tanto a los fans de la grabaci\u00f3n original de Broadway como a las audiencias que escuchar\u00e1n estas canciones de&nbsp;<em>Wicked<\/em>&nbsp;por primera vez.\u00bb<\/p>\n\n\n\n<p>Adem\u00e1s, la banda sonora cuenta con los talentos musicales de la ganadora del Oscar\u00ae,&nbsp;<strong>Michelle Yeoh<\/strong>&nbsp;como la directora de la Universidad de Shiz, Madame Morrible; el ganador del Premio Olivier y nominado al Emmy,&nbsp;<strong>Jonathan Bailey<\/strong>&nbsp;(<em>Bridgerton<\/em>,&nbsp;<em>Fellow Travelers<\/em>) como Fiyero, un pr\u00edncipe travieso y despreocupado; y el \u00edcono de la cultura pop&nbsp;<strong>Jeff Goldblum<\/strong>&nbsp;como el legendario Mago de Oz.<\/p>\n\n\n\n<p class=\"has-text-align-left\">La banda sonora ya est\u00e1 disponible en varios formatos, incluidos CD, vinilo doble, disco de im\u00e1genes doble y digitalmente.\u00a0<strong>Target<\/strong>\u00a0tiene versiones exclusivas que incluyen vinilos divididos en rosa y verde y un CD con un p\u00f3ster desplegable.\u00a0<strong>Barnes &amp; Noble<\/strong>\u00a0tambi\u00e9n tiene una versi\u00f3n exclusiva del CD con una portada alternativa.<\/p>\n\n\n\n<p class=\"has-text-align-left\">Dirigida por el aclamado cineasta&nbsp;<strong>Jon M. Chu<\/strong>&nbsp;(<em>Crazy Rich Asians<\/em>,&nbsp;<em>In the Heights<\/em>),&nbsp;<em>Wicked<\/em>&nbsp;es el primer cap\u00edtulo de una celebraci\u00f3n cultural inmersiva de dos partes.&nbsp;<em>Wicked Part Two<\/em>&nbsp;est\u00e1 programada para llegar a los cines el 21 de noviembre de 2025.<\/p>\n\n\n\n<p class=\"has-text-align-center\"><strong><em>Wicked: The Soundtrack<\/em><\/strong><strong>&nbsp;Tracklisting:<\/strong><\/p>\n\n\n\n<p class=\"has-text-align-center\">1. No One Mourns the Wicked<br>2. Dear Old Shiz<br>3. The Wizard And I<br>4. What Is This Feeling?<br>5. Something Bad<br>6. Dancing Through Life<br>7. Popular<br>8. I\u2019m Not That Girl<br>9. One Short Day<br>10. A Sentimental Man<br>11. Defying Gravity<br>12. Ozdust Duet (Bonus Track) *Digital Only<\/p>\n\n\n\n<figure class=\"wp-block-embed is-type-video is-provider-youtube wp-block-embed-youtube wp-embed-aspect-16-9 wp-has-aspect-ratio\"><div class=\"wp-block-embed__wrapper\">\n<div class=\"epyt-video-wrapper\"><iframe loading=\"lazy\"  id=\"_ytid_77112\"  width=\"640\" height=\"360\"  data-origwidth=\"640\" data-origheight=\"360\" src=\"https:\/\/www.youtube.com\/embed\/qeqj5GnoFUY?enablejsapi=1&#038;autoplay=0&#038;cc_load_policy=0&#038;cc_lang_pref=&#038;iv_load_policy=1&#038;loop=0&#038;rel=1&#038;fs=1&#038;playsinline=0&#038;autohide=2&#038;theme=dark&#038;color=white&#038;controls=1&#038;\" class=\"__youtube_prefs__  epyt-is-override  no-lazyload\" data-vol=\"50\"  title=\"YouTube player\"  allow=\"fullscreen; accelerometer; autoplay; clipboard-write; encrypted-media; gyroscope; picture-in-picture; web-share\" referrerpolicy=\"strict-origin-when-cross-origin\" allowfullscreen data-no-lazy=\"1\" data-skipgform_ajax_framebjll=\"\"><\/iframe><\/div>\n<\/div><\/figure>\n","protected":false},"excerpt":{"rendered":"","protected":false},"author":5,"featured_media":13074,"comment_status":"open","ping_status":"open","sticky":false,"template":"","format":"standard","meta":{"om_disable_all_campaigns":false,"_uf_show_specific_survey":0,"_uf_disable_surveys":false,"footnotes":""},"categories":[4],"tags":[],"class_list":["post-13073","post","type-post","status-publish","format-standard","has-post-thumbnail","hentry","category-musica"],"_links":{"self":[{"href":"https:\/\/entrenotasyacordes.com\/index.php?rest_route=\/wp\/v2\/posts\/13073","targetHints":{"allow":["GET"]}}],"collection":[{"href":"https:\/\/entrenotasyacordes.com\/index.php?rest_route=\/wp\/v2\/posts"}],"about":[{"href":"https:\/\/entrenotasyacordes.com\/index.php?rest_route=\/wp\/v2\/types\/post"}],"author":[{"embeddable":true,"href":"https:\/\/entrenotasyacordes.com\/index.php?rest_route=\/wp\/v2\/users\/5"}],"replies":[{"embeddable":true,"href":"https:\/\/entrenotasyacordes.com\/index.php?rest_route=%2Fwp%2Fv2%2Fcomments&post=13073"}],"version-history":[{"count":1,"href":"https:\/\/entrenotasyacordes.com\/index.php?rest_route=\/wp\/v2\/posts\/13073\/revisions"}],"predecessor-version":[{"id":13075,"href":"https:\/\/entrenotasyacordes.com\/index.php?rest_route=\/wp\/v2\/posts\/13073\/revisions\/13075"}],"wp:featuredmedia":[{"embeddable":true,"href":"https:\/\/entrenotasyacordes.com\/index.php?rest_route=\/wp\/v2\/media\/13074"}],"wp:attachment":[{"href":"https:\/\/entrenotasyacordes.com\/index.php?rest_route=%2Fwp%2Fv2%2Fmedia&parent=13073"}],"wp:term":[{"taxonomy":"category","embeddable":true,"href":"https:\/\/entrenotasyacordes.com\/index.php?rest_route=%2Fwp%2Fv2%2Fcategories&post=13073"},{"taxonomy":"post_tag","embeddable":true,"href":"https:\/\/entrenotasyacordes.com\/index.php?rest_route=%2Fwp%2Fv2%2Ftags&post=13073"}],"curies":[{"name":"wp","href":"https:\/\/api.w.org\/{rel}","templated":true}]}}