{"id":13076,"date":"2024-11-27T20:56:20","date_gmt":"2024-11-27T20:56:20","guid":{"rendered":"https:\/\/entrenotasyacordes.com\/?p=13076"},"modified":"2024-11-27T20:56:21","modified_gmt":"2024-11-27T20:56:21","slug":"juan-baro-lanza-su-nuevo-single-%c2%a8snobs%c2%a8","status":"publish","type":"post","link":"https:\/\/entrenotasyacordes.com\/?p=13076","title":{"rendered":"JUAN BARO LANZA SU NUEVO SINGLE \u00a8SNOBS\u00a8"},"content":{"rendered":"\n<!--more-->\n\n\n<div class=\"wp-block-image\">\n<figure class=\"aligncenter size-full is-resized\"><img loading=\"lazy\" decoding=\"async\" width=\"2553\" height=\"2560\" src=\"https:\/\/entrenotasyacordes.com\/wp-content\/uploads\/2024\/11\/8c-scaled.jpeg\" alt=\"\" class=\"wp-image-13077\" style=\"width:599px;height:auto\" srcset=\"https:\/\/entrenotasyacordes.com\/wp-content\/uploads\/2024\/11\/8c-scaled.jpeg 2553w, https:\/\/entrenotasyacordes.com\/wp-content\/uploads\/2024\/11\/8c-300x300.jpeg 300w, https:\/\/entrenotasyacordes.com\/wp-content\/uploads\/2024\/11\/8c-1021x1024.jpeg 1021w, https:\/\/entrenotasyacordes.com\/wp-content\/uploads\/2024\/11\/8c-150x150.jpeg 150w, https:\/\/entrenotasyacordes.com\/wp-content\/uploads\/2024\/11\/8c-768x770.jpeg 768w, https:\/\/entrenotasyacordes.com\/wp-content\/uploads\/2024\/11\/8c-1532x1536.jpeg 1532w, https:\/\/entrenotasyacordes.com\/wp-content\/uploads\/2024\/11\/8c-2043x2048.jpeg 2043w, https:\/\/entrenotasyacordes.com\/wp-content\/uploads\/2024\/11\/8c-1024x1027.jpeg 1024w, https:\/\/entrenotasyacordes.com\/wp-content\/uploads\/2024\/11\/8c-50x50.jpeg 50w\" sizes=\"auto, (max-width: 2553px) 100vw, 2553px\" \/><\/figure>\n<\/div>\n\n\n<p class=\"has-text-align-left\"><strong>SNOBS&nbsp;<\/strong>es&nbsp;<strong>el primer adelanto de su nuevo \u00e1lbum de Juan Baro<\/strong>&nbsp;previsto para el 2025. Una canci\u00f3n que dentro de su bailable esconde un juego mordaz entre la ruptura y la tradici\u00f3n.<\/p>\n\n\n\n<p>Snobs es el single que inicia el camino hacia su pr\u00f3ximo disco, sucesor de D\u00eda de Noche. Baro se despierta del trance introspectivo de su primera etapa y avanza en la escena musical con la met\u00e1fora como bandera.<\/p>\n\n\n\n<p class=\"has-text-align-left\">Con Snobs, el artista platense profundiza en la tensi\u00f3n entre los sonidos del rock y de la electr\u00f3nica, encontrando un tono m\u00e1s ir\u00f3nico e irreverente en la l\u00edrica.<\/p>\n\n\n\n<p class=\"has-text-align-center\"><strong>Pr\u00f3ximo Show<\/strong><\/p>\n\n\n\n<p class=\"has-text-align-center\">S\u00e1bado 23 de noviembre &#8211; 23:45hs<br>Pura Vida &#8211; La Plata<\/p>\n\n\n<div class=\"wp-block-image\">\n<figure class=\"aligncenter size-full is-resized\"><img loading=\"lazy\" decoding=\"async\" width=\"2160\" height=\"1440\" src=\"https:\/\/entrenotasyacordes.com\/wp-content\/uploads\/2024\/11\/8cc.jpeg\" alt=\"\" class=\"wp-image-13078\" style=\"width:599px;height:auto\" srcset=\"https:\/\/entrenotasyacordes.com\/wp-content\/uploads\/2024\/11\/8cc.jpeg 2160w, https:\/\/entrenotasyacordes.com\/wp-content\/uploads\/2024\/11\/8cc-300x200.jpeg 300w, https:\/\/entrenotasyacordes.com\/wp-content\/uploads\/2024\/11\/8cc-1024x683.jpeg 1024w, https:\/\/entrenotasyacordes.com\/wp-content\/uploads\/2024\/11\/8cc-768x512.jpeg 768w, https:\/\/entrenotasyacordes.com\/wp-content\/uploads\/2024\/11\/8cc-1536x1024.jpeg 1536w, https:\/\/entrenotasyacordes.com\/wp-content\/uploads\/2024\/11\/8cc-2048x1365.jpeg 2048w\" sizes=\"auto, (max-width: 2160px) 100vw, 2160px\" \/><\/figure>\n<\/div>\n\n\n<p>Juan BARO es un m\u00fasico del nuevo milenio que trae a la electr\u00f3nica las resonancias del rock, el tango y la m\u00fasica cl\u00e1sica. Nacido en La Plata, Argentina, el joven artista lanz\u00f3 en el 2022 su primer \u00e1lbum \u201cD\u00eda de Noche\u201d y en 2023 un disco de remixes de estos temas. Este 2024 lo encuentra produciendo su segundo material de estudio que promete interacciones m\u00e1s marcadas entre la tradici\u00f3n y el sonido actual.<\/p>\n","protected":false},"excerpt":{"rendered":"","protected":false},"author":5,"featured_media":13077,"comment_status":"open","ping_status":"open","sticky":false,"template":"","format":"standard","meta":{"om_disable_all_campaigns":false,"_uf_show_specific_survey":0,"_uf_disable_surveys":false,"footnotes":""},"categories":[4],"tags":[],"class_list":["post-13076","post","type-post","status-publish","format-standard","has-post-thumbnail","hentry","category-musica"],"_links":{"self":[{"href":"https:\/\/entrenotasyacordes.com\/index.php?rest_route=\/wp\/v2\/posts\/13076","targetHints":{"allow":["GET"]}}],"collection":[{"href":"https:\/\/entrenotasyacordes.com\/index.php?rest_route=\/wp\/v2\/posts"}],"about":[{"href":"https:\/\/entrenotasyacordes.com\/index.php?rest_route=\/wp\/v2\/types\/post"}],"author":[{"embeddable":true,"href":"https:\/\/entrenotasyacordes.com\/index.php?rest_route=\/wp\/v2\/users\/5"}],"replies":[{"embeddable":true,"href":"https:\/\/entrenotasyacordes.com\/index.php?rest_route=%2Fwp%2Fv2%2Fcomments&post=13076"}],"version-history":[{"count":1,"href":"https:\/\/entrenotasyacordes.com\/index.php?rest_route=\/wp\/v2\/posts\/13076\/revisions"}],"predecessor-version":[{"id":13079,"href":"https:\/\/entrenotasyacordes.com\/index.php?rest_route=\/wp\/v2\/posts\/13076\/revisions\/13079"}],"wp:featuredmedia":[{"embeddable":true,"href":"https:\/\/entrenotasyacordes.com\/index.php?rest_route=\/wp\/v2\/media\/13077"}],"wp:attachment":[{"href":"https:\/\/entrenotasyacordes.com\/index.php?rest_route=%2Fwp%2Fv2%2Fmedia&parent=13076"}],"wp:term":[{"taxonomy":"category","embeddable":true,"href":"https:\/\/entrenotasyacordes.com\/index.php?rest_route=%2Fwp%2Fv2%2Fcategories&post=13076"},{"taxonomy":"post_tag","embeddable":true,"href":"https:\/\/entrenotasyacordes.com\/index.php?rest_route=%2Fwp%2Fv2%2Ftags&post=13076"}],"curies":[{"name":"wp","href":"https:\/\/api.w.org\/{rel}","templated":true}]}}