{"id":13108,"date":"2024-12-04T20:04:00","date_gmt":"2024-12-04T20:04:00","guid":{"rendered":"https:\/\/entrenotasyacordes.com\/?p=13108"},"modified":"2024-12-04T20:04:01","modified_gmt":"2024-12-04T20:04:01","slug":"nacion-ekeko-llega-a-niceto-club-el-11-de-abril-para-presentar-su-nuevo-album-gran-espiritu","status":"publish","type":"post","link":"https:\/\/entrenotasyacordes.com\/?p=13108","title":{"rendered":"NACI\u00d3N EKEKO llega a NICETO CLUB el 11 de ABRIL para presentar su nuevo \u00e1lbum GRAN ESP\u00cdRITU"},"content":{"rendered":"\n<!--more-->\n\n\n<div class=\"wp-block-image\">\n<figure class=\"aligncenter size-full is-resized\"><img loading=\"lazy\" decoding=\"async\" width=\"800\" height=\"801\" src=\"https:\/\/entrenotasyacordes.com\/wp-content\/uploads\/2024\/12\/1c.jpg\" alt=\"\" class=\"wp-image-13109\" style=\"width:599px;height:auto\" srcset=\"https:\/\/entrenotasyacordes.com\/wp-content\/uploads\/2024\/12\/1c.jpg 800w, https:\/\/entrenotasyacordes.com\/wp-content\/uploads\/2024\/12\/1c-300x300.jpg 300w, https:\/\/entrenotasyacordes.com\/wp-content\/uploads\/2024\/12\/1c-150x150.jpg 150w, https:\/\/entrenotasyacordes.com\/wp-content\/uploads\/2024\/12\/1c-768x769.jpg 768w, https:\/\/entrenotasyacordes.com\/wp-content\/uploads\/2024\/12\/1c-50x50.jpg 50w\" sizes=\"auto, (max-width: 800px) 100vw, 800px\" \/><\/figure>\n<\/div>\n\n\n<p class=\"has-text-align-left\"><strong>Naci\u00f3n Ekeko<\/strong>&nbsp;presenta su nuevo \u00e1lbum&nbsp;<strong>\u201cGran Esp\u00edritu\u201d<\/strong>&nbsp;en Niceto Club el viernes 11\/04\/2025. Una exploraci\u00f3n sonora que emerge del latido colectivo, una conexi\u00f3n profunda que unifica a todos los seres y elementos naturales en un solo territorio viviente. Nos invita a redescubrir nuestra esencia compartida y celebrar lo sagrado en cada respiraci\u00f3n.<\/p>\n\n\n\n<p class=\"has-text-align-left\"><strong>\u201c<\/strong><strong>Gran Esp\u00edritu\u201d<\/strong>&nbsp;(2024) es la quinta producci\u00f3n en estudio de Naci\u00f3n Ekeko. Cuenta con un tracklist de 7 temas con colaboraciones de Kevin Johansen, Andrea Echeverri (Aterciopelados), Elkin Robinson, Ayawasca Icaros, Antonella Rocucci y Loli C\u00f3smica. Son temas propios junto a una original reversi\u00f3n de \u201cHablando a tu coraz\u00f3n\u201d, de Charly Garc\u00eda.<\/p>\n\n\n<div class=\"wp-block-image\">\n<figure class=\"aligncenter size-full is-resized\"><img loading=\"lazy\" decoding=\"async\" width=\"1024\" height=\"1019\" src=\"https:\/\/entrenotasyacordes.com\/wp-content\/uploads\/2024\/12\/1cc.jpg\" alt=\"\" class=\"wp-image-13110\" style=\"width:599px;height:auto\" srcset=\"https:\/\/entrenotasyacordes.com\/wp-content\/uploads\/2024\/12\/1cc.jpg 1024w, https:\/\/entrenotasyacordes.com\/wp-content\/uploads\/2024\/12\/1cc-300x300.jpg 300w, https:\/\/entrenotasyacordes.com\/wp-content\/uploads\/2024\/12\/1cc-150x150.jpg 150w, https:\/\/entrenotasyacordes.com\/wp-content\/uploads\/2024\/12\/1cc-768x764.jpg 768w, https:\/\/entrenotasyacordes.com\/wp-content\/uploads\/2024\/12\/1cc-50x50.jpg 50w\" sizes=\"auto, (max-width: 1024px) 100vw, 1024px\" \/><\/figure>\n<\/div>\n\n\n<p class=\"has-text-align-center\"><strong>SOBRE NACI\u00d3N EKEKO:<\/strong><\/p>\n\n\n\n<p><strong>Naci\u00f3n Ekeko<\/strong>&nbsp;naci\u00f3 en el a\u00f1o 2012. Surgi\u00f3 de la inquietud del argentino Diego P\u00e9rez por describir paisajes latinoamericanos, evocar encuentros entre pueblos y culturas y citar personajes y voces. Se trata de un gran recorrido musical que atraviesa sonidos que son presencias de Am\u00e9rica Latina, las gargantas de mujeres y hombres que han dejado sus mensajes ancestrales. En Ekeko la improvisaci\u00f3n y las nuevas tecnolog\u00edas se fusionan de manera integrada. La electr\u00f3nica se utiliza como un medio creativo, en este sentido Diego explora diferentes universos sonoros y nutre su m\u00fasica de texturas y timbres diversos para conectarse y conectar al p\u00fablico con la percepci\u00f3n y lo sensorial.<\/p>\n\n\n\n<p>El proyecto se personifica en Diego&nbsp;quien naci\u00f3 en la Provincia del Chaco, al noreste de Argentina, una regi\u00f3n pluricultural donde conviven varios pueblos ind\u00edgenas: Qom, Wich\u00ed y Moqoit. Desde el a\u00f1o 2001 comenz\u00f3 sus viajes de aprendizaje y profundizaci\u00f3n de la cultura y la m\u00fasica de ra\u00edz originaria para luego continuar experimentando en la integraci\u00f3n de dicha m\u00fasica con elementos contempor\u00e1neos y nuevas tecnolog\u00edas.&nbsp;<\/p>\n\n\n\n<p class=\"has-text-align-left\">A lo largo de su carrera, Diego trabaj\u00f3 la composici\u00f3n y producci\u00f3n de numerosas discograf\u00edas. Es creador e integrante tambi\u00e9n de los proyectos Tonolec y Les Yacar\u00e9 y fue seleccionado para participar en festivales y mercados culturales, como SIM S\u00e3o Paulo, BAFIM, MICA y EXIB Portugal. Ha realizado shows en toda Argentina y giras internacionales por Alemania, B\u00e9lgica, Bolivia, Brasil, Canad\u00e1, Chile, China, Colombia, Espa\u00f1a, Estados Unidos, Grecia, Italia, Londres, M\u00e9xico, Paraguay, Portugal, y Turqu\u00eda. Su \u00e1lbum \u201cQomunidad\u201d cuenta con la participaci\u00f3n de Paula Neder, Muerdo, Arbolito y Julieta Venegas, entre otros destacados artistas.<\/p>\n\n\n<div class=\"wp-block-image\">\n<figure class=\"aligncenter size-full is-resized\"><img loading=\"lazy\" decoding=\"async\" width=\"1024\" height=\"697\" src=\"https:\/\/entrenotasyacordes.com\/wp-content\/uploads\/2024\/12\/1ccc.jpg\" alt=\"\" class=\"wp-image-13111\" style=\"width:599px;height:auto\" srcset=\"https:\/\/entrenotasyacordes.com\/wp-content\/uploads\/2024\/12\/1ccc.jpg 1024w, https:\/\/entrenotasyacordes.com\/wp-content\/uploads\/2024\/12\/1ccc-300x204.jpg 300w, https:\/\/entrenotasyacordes.com\/wp-content\/uploads\/2024\/12\/1ccc-768x523.jpg 768w\" sizes=\"auto, (max-width: 1024px) 100vw, 1024px\" \/><\/figure>\n<\/div>","protected":false},"excerpt":{"rendered":"","protected":false},"author":5,"featured_media":13109,"comment_status":"open","ping_status":"open","sticky":false,"template":"","format":"standard","meta":{"om_disable_all_campaigns":false,"_uf_show_specific_survey":0,"_uf_disable_surveys":false,"footnotes":""},"categories":[36],"tags":[],"class_list":["post-13108","post","type-post","status-publish","format-standard","has-post-thumbnail","hentry","category-conciertos"],"_links":{"self":[{"href":"https:\/\/entrenotasyacordes.com\/index.php?rest_route=\/wp\/v2\/posts\/13108","targetHints":{"allow":["GET"]}}],"collection":[{"href":"https:\/\/entrenotasyacordes.com\/index.php?rest_route=\/wp\/v2\/posts"}],"about":[{"href":"https:\/\/entrenotasyacordes.com\/index.php?rest_route=\/wp\/v2\/types\/post"}],"author":[{"embeddable":true,"href":"https:\/\/entrenotasyacordes.com\/index.php?rest_route=\/wp\/v2\/users\/5"}],"replies":[{"embeddable":true,"href":"https:\/\/entrenotasyacordes.com\/index.php?rest_route=%2Fwp%2Fv2%2Fcomments&post=13108"}],"version-history":[{"count":1,"href":"https:\/\/entrenotasyacordes.com\/index.php?rest_route=\/wp\/v2\/posts\/13108\/revisions"}],"predecessor-version":[{"id":13112,"href":"https:\/\/entrenotasyacordes.com\/index.php?rest_route=\/wp\/v2\/posts\/13108\/revisions\/13112"}],"wp:featuredmedia":[{"embeddable":true,"href":"https:\/\/entrenotasyacordes.com\/index.php?rest_route=\/wp\/v2\/media\/13109"}],"wp:attachment":[{"href":"https:\/\/entrenotasyacordes.com\/index.php?rest_route=%2Fwp%2Fv2%2Fmedia&parent=13108"}],"wp:term":[{"taxonomy":"category","embeddable":true,"href":"https:\/\/entrenotasyacordes.com\/index.php?rest_route=%2Fwp%2Fv2%2Fcategories&post=13108"},{"taxonomy":"post_tag","embeddable":true,"href":"https:\/\/entrenotasyacordes.com\/index.php?rest_route=%2Fwp%2Fv2%2Ftags&post=13108"}],"curies":[{"name":"wp","href":"https:\/\/api.w.org\/{rel}","templated":true}]}}