{"id":13122,"date":"2024-12-04T20:19:19","date_gmt":"2024-12-04T20:19:19","guid":{"rendered":"https:\/\/entrenotasyacordes.com\/?p=13122"},"modified":"2024-12-04T20:19:20","modified_gmt":"2024-12-04T20:19:20","slug":"lanzamiento-de-make-up-nuevo-disco-de-amadeo-pasa","status":"publish","type":"post","link":"https:\/\/entrenotasyacordes.com\/?p=13122","title":{"rendered":"LANZAMIENTO de MAKE UP nuevo disco de AMADEO PASA"},"content":{"rendered":"\n<!--more-->\n\n\n<div class=\"wp-block-image\">\n<figure class=\"aligncenter size-full is-resized\"><img loading=\"lazy\" decoding=\"async\" width=\"1920\" height=\"1920\" src=\"https:\/\/entrenotasyacordes.com\/wp-content\/uploads\/2024\/12\/1f.jpg\" alt=\"\" class=\"wp-image-13124\" style=\"width:566px;height:auto\" srcset=\"https:\/\/entrenotasyacordes.com\/wp-content\/uploads\/2024\/12\/1f.jpg 1920w, https:\/\/entrenotasyacordes.com\/wp-content\/uploads\/2024\/12\/1f-300x300.jpg 300w, https:\/\/entrenotasyacordes.com\/wp-content\/uploads\/2024\/12\/1f-1024x1024.jpg 1024w, https:\/\/entrenotasyacordes.com\/wp-content\/uploads\/2024\/12\/1f-150x150.jpg 150w, https:\/\/entrenotasyacordes.com\/wp-content\/uploads\/2024\/12\/1f-768x768.jpg 768w, https:\/\/entrenotasyacordes.com\/wp-content\/uploads\/2024\/12\/1f-1536x1536.jpg 1536w, https:\/\/entrenotasyacordes.com\/wp-content\/uploads\/2024\/12\/1f-50x50.jpg 50w\" sizes=\"auto, (max-width: 1920px) 100vw, 1920px\" \/><\/figure>\n<\/div>\n\n\n<p class=\"has-text-align-left\"><strong>Amadeo Pasa presenta un nuevo disco que define lo mejor de su discograf\u00eda.<\/strong><\/p>\n\n\n\n<p>Un nuevo trabajo discogr\u00e1fico de&gt;<strong>&nbsp;Amadeo Pasa<\/strong>&nbsp;(Buenos Aires, 1978) que busca potenciar el fuego hist\u00f3rico del rock argentino con canciones plenamente contempor\u00e1neas, ba\u00f1adas en la esencia de distintas \u00e9pocas y distintas latitudes musicales.<\/p>\n\n\n\n<p class=\"has-text-align-left\">Con la producci\u00f3n de><strong>\u00a0Pablo Gil\u00a0<\/strong>y el mismo ><strong>Amadeo<\/strong>,\u00a0<em>MAKE UP<\/em>\u00a0es el disco n\u00famero catorce en la trayectoria de quien fuera el cerebro detr\u00e1s del m\u00edtico Festival Buen D\u00eda, un evento que desde fines de los 90 y a lo largo de una d\u00e9cada se convirti\u00f3 en un espacio donde se congreg\u00f3 el desarrollo de la cultura independiente y las nuevas tendencias.<\/p>\n\n\n\n<p class=\"has-text-align-left\">Son nueve canciones originales, con mucha producci\u00f3n y un cuidado absoluto por cada sonido y cada textura que se aprecia en todos los temas, con el objetivo \u00fanico de resaltar la s\u00edntesis y la esencia de cada composici\u00f3n. Son canciones con estilos muy marcados y con fortaleza propia, que guardan a la vez un concepto y un criterio en com\u00fan<\/p>\n\n\n\n<p>A lo largo de todo el disco, se aprecia un tipo de rock particular, actual, vinculado a trav\u00e9s de las instrumentaciones cuidadas, los instrumentos que se usaron, y desde ya, la maestr\u00eda y la energ\u00eda de los m\u00fasicos que participaron del disco. Pasajes instrumentales, recursos electr\u00f3nicos, paletas de sonidos sorprendentes y a la vez, elementales, todo en funci\u00f3n de las voces y las letras de las canciones.<\/p>\n\n\n\n<p>Seg\u00fan&gt;<strong>&nbsp;Amadeo<\/strong>, \u201cla intenci\u00f3n con este disco fue llegar a lograr uno de esos discos sint\u00e9ticos, conceptuales y fuertemente emocionales que a m\u00ed me gustan para escuchar toda la vida, algo que le d\u00e9 a la gente algo de fuerza y esperanza, energ\u00eda, emoci\u00f3n. Los m\u00fasicos que participaron hicieron cosas bell\u00edsimas y el criterio general del disco, creo yo, est\u00e1 muy bien logrado, ojal\u00e1 les guste\u201d.<\/p>\n\n\n\n<p class=\"has-text-align-left\">Editado por el sello><strong>\u00a0El Libertador<\/strong>,\u00a0<em>MAKE UP<\/em>\u00a0fue grabado en 2023 y 2024 en distintos estudios:\u00a0<strong>La Siesta del Fauno, Bacanal, Gasc\u00f3n y Laprida; y se mezcl\u00f3 en Romaphonic<\/strong>.<\/p>\n\n\n\n<p class=\"has-text-align-left\"><strong>Pasa&nbsp;<\/strong>vuelve a agradecer contar con la colaboraci\u00f3n de artistas y m\u00fasicos sumamente talentosos, quienes participaron de este nuevo disco:&nbsp;<strong>Pablo Gil<\/strong>&nbsp; (producci\u00f3n, samples, sintes);&nbsp;<strong>Yuliano Acri<\/strong>&nbsp;(bajo);&nbsp;<strong>Joaqu\u00edn Franco<\/strong>&nbsp;(bater\u00eda),&nbsp;<strong>Ernesto Romeo&nbsp;<\/strong>(sintetizadores y modulares);<strong>&nbsp;Juli\u00e1n Horita<\/strong>&nbsp;(guitarra el\u00e9ctrica),&nbsp;<strong>Agust\u00edn Srabstein&nbsp;<\/strong>(guitarra el\u00e9ctrica y ac\u00fastica); Lucas Romeo (guitarra el\u00e9ctrica);<strong>&nbsp;Dizzy Espeche<\/strong>&nbsp;(guitarras lead),&nbsp;<strong>Haien Qiu<\/strong>&nbsp;(voces),&nbsp;<strong>Andr\u00e9s Sacc<\/strong>&nbsp;(saxo),<strong>&nbsp;Lucas Marti&nbsp;<\/strong>(guitarras el\u00e9ctricas y voces). Por su parte,&nbsp;<strong>Amadeo<\/strong>&nbsp;grab\u00f3 las voces, teclados, coros y estuvo al frente de la producci\u00f3n del disco junto con&nbsp;<strong>Pablo Gil<\/strong>. El seleccionado de m\u00fasicos participantes vuelve a ser casi exactamente el mismo que en sus \u00faltimos trabajos, manteniendo en toda esta etapa musical una coherencia conceptual y la maestr\u00eda de todos ellos. Se suman para este disco los feat indispensables de&nbsp;<strong>Lucas Marti<\/strong>&nbsp;en \u201cCorrer atr\u00e1s de ti\u201d,<strong>&nbsp;Francisco Bochat\u00f3n<\/strong>&nbsp;en \u201cSube\u201d y laparticipaci\u00f3n estelar del maestro del rock argentino<strong>&nbsp;Litto Nebbia<\/strong>&nbsp;que se suma cantando con&nbsp;<strong>Amadeo<\/strong>&nbsp;\u201cQuiz\u00e1s ma\u00f1ana\u201d y bendiciendo el disco. La mezcla estuvo a cargo de<strong>&nbsp;Pablo Gil<\/strong>&nbsp;y el m\u00e1ster a cargo de<strong>&nbsp;Jer\u00f3nimo Escajal<\/strong>. Todos los temas fueron compuestos por&nbsp;<strong>Amadeo Pasa<\/strong>.<\/p>\n\n\n\n<p class=\"has-text-align-left\">El arte de tapa le pertenece a\u00a0<strong>Guillermo Coppini<\/strong>\u00a0para Atlantes. Foto de\u00a0<strong>Natalia Eva<\/strong>. Visualizador para YouTube a cargo de Mel\u00f3n Manga, con c\u00e1mara de Melo.<\/p>\n\n\n\n<p class=\"has-text-align-left\">Durante 2024 y paralelamente a la grabaci\u00f3n de&nbsp;<em>MAKE UP<\/em>,&nbsp;<strong>Pasa<\/strong>&nbsp;estuvo registrando un disco m\u00e1s de estudio (doble) y un disco instrumental, ambos ser\u00e1n publicados en 2025. Mientras tanto&nbsp;<strong>Amadeo<\/strong>&nbsp;contin\u00faa con sus presentaciones en vivo, fundamentalmente con su banda actual, formada por&nbsp;<strong>Joaqu\u00edn Franco<\/strong>&nbsp;en bater\u00eda,<strong>&nbsp;Tom\u00e1s Justo<\/strong>&nbsp;en bajo y&nbsp;<strong>Juli\u00e1n Horita<\/strong>&nbsp;en guitarra. Tambi\u00e9n hay conciertos que son en formato ac\u00fastico, con Pasa en el piano y en la voz y&nbsp;<strong>Pablo Gil<\/strong>&nbsp;en los sintetizadores modulares. Todo el a\u00f1o habr\u00e1 shows y eventos.<\/p>\n\n\n\n<p class=\"has-text-align-left\">Este a\u00f1o Amadeo edit\u00f3 por la editorial<strong>\u00a0Caleta Olivia<\/strong>\u00a0su sexto libro, titulado\u00a0<em>LAS ESTRELLAS A MIL<\/em>. Un libro de poes\u00eda contempor\u00e1nea, que ya tuvo su presentaci\u00f3n en vivo y que se encuentra en varias librer\u00edas. A la vez Pasa trabaja actualmente la edici\u00f3n de un segundo libro este a\u00f1o, que se trata de una novela llamada\u00a0<em>HOTEL CORAL<\/em>, editada por<strong>\u00a0Milena Caserola<\/strong>, a\u00a0 presentarse el 21 de este mes de noviembre en el CCC.<\/p>\n\n\n\n<p class=\"has-text-align-left\">Los \u00e1lbumes de\u00a0<strong>Amadeo Pasa<\/strong>\u00a0se pueden escuchar en YouTube, en Spotify, o bien en su sitio web donde se encuentra su discograf\u00eda completa:\u00a0<a href=\"https:\/\/linktree.us13.list-manage.com\/track\/click?u=55ad45be45ac4dafa0fdcf1eb&amp;id=880a316c1c&amp;e=98e97b7664\"><strong>www.amadeopasa.com.ar<\/strong><\/a><\/p>\n\n\n\n<p class=\"has-text-align-center\"><strong>Discograf\u00eda:<\/strong><br><em>Disco 1001\u00a0<\/em>(1999)<br><em>Entr\u00e1bamos como nada\u00a0<\/em>(2004)<br><em>El amor en la disco\u00a0<\/em>(2008)<br><em>Piano\u00a0<\/em>(2010)<br><em>XXX\u00a0<\/em>(2014)<br><em>Jean gris\u00a0<\/em>(2015)<br><em>Colonia\u00a0<\/em>(2016)<br><em>Lobo\u00a0<\/em>(2017)<br><em>Movida\u00a0<\/em>(2018)<br><em>Solo le temo a la muerte<\/em>\u00a0con VHS (2018)<br><em>Amor Central<\/em>\u00a0(2020)<br><em>Animaci\u00f3n\u00a0<\/em>(2021)<br><em>Constituci\u00f3n<\/em>\u00a0(2023)<br><em>Make Up<\/em>\u00a0(2024)<\/p>\n\n\n<div class=\"wp-block-image\">\n<figure class=\"aligncenter size-full is-resized\"><img loading=\"lazy\" decoding=\"async\" width=\"1920\" height=\"1440\" src=\"https:\/\/entrenotasyacordes.com\/wp-content\/uploads\/2024\/12\/1ff.jpg\" alt=\"\" class=\"wp-image-13123\" style=\"width:639px;height:auto\" srcset=\"https:\/\/entrenotasyacordes.com\/wp-content\/uploads\/2024\/12\/1ff.jpg 1920w, https:\/\/entrenotasyacordes.com\/wp-content\/uploads\/2024\/12\/1ff-300x225.jpg 300w, https:\/\/entrenotasyacordes.com\/wp-content\/uploads\/2024\/12\/1ff-1024x768.jpg 1024w, https:\/\/entrenotasyacordes.com\/wp-content\/uploads\/2024\/12\/1ff-768x576.jpg 768w, https:\/\/entrenotasyacordes.com\/wp-content\/uploads\/2024\/12\/1ff-1536x1152.jpg 1536w\" sizes=\"auto, (max-width: 1920px) 100vw, 1920px\" \/><\/figure>\n<\/div>\n\n\n<p><\/p>\n","protected":false},"excerpt":{"rendered":"","protected":false},"author":5,"featured_media":13124,"comment_status":"open","ping_status":"open","sticky":false,"template":"","format":"standard","meta":{"om_disable_all_campaigns":false,"_uf_show_specific_survey":0,"_uf_disable_surveys":false,"footnotes":""},"categories":[4],"tags":[],"class_list":["post-13122","post","type-post","status-publish","format-standard","has-post-thumbnail","hentry","category-musica"],"_links":{"self":[{"href":"https:\/\/entrenotasyacordes.com\/index.php?rest_route=\/wp\/v2\/posts\/13122","targetHints":{"allow":["GET"]}}],"collection":[{"href":"https:\/\/entrenotasyacordes.com\/index.php?rest_route=\/wp\/v2\/posts"}],"about":[{"href":"https:\/\/entrenotasyacordes.com\/index.php?rest_route=\/wp\/v2\/types\/post"}],"author":[{"embeddable":true,"href":"https:\/\/entrenotasyacordes.com\/index.php?rest_route=\/wp\/v2\/users\/5"}],"replies":[{"embeddable":true,"href":"https:\/\/entrenotasyacordes.com\/index.php?rest_route=%2Fwp%2Fv2%2Fcomments&post=13122"}],"version-history":[{"count":1,"href":"https:\/\/entrenotasyacordes.com\/index.php?rest_route=\/wp\/v2\/posts\/13122\/revisions"}],"predecessor-version":[{"id":13125,"href":"https:\/\/entrenotasyacordes.com\/index.php?rest_route=\/wp\/v2\/posts\/13122\/revisions\/13125"}],"wp:featuredmedia":[{"embeddable":true,"href":"https:\/\/entrenotasyacordes.com\/index.php?rest_route=\/wp\/v2\/media\/13124"}],"wp:attachment":[{"href":"https:\/\/entrenotasyacordes.com\/index.php?rest_route=%2Fwp%2Fv2%2Fmedia&parent=13122"}],"wp:term":[{"taxonomy":"category","embeddable":true,"href":"https:\/\/entrenotasyacordes.com\/index.php?rest_route=%2Fwp%2Fv2%2Fcategories&post=13122"},{"taxonomy":"post_tag","embeddable":true,"href":"https:\/\/entrenotasyacordes.com\/index.php?rest_route=%2Fwp%2Fv2%2Ftags&post=13122"}],"curies":[{"name":"wp","href":"https:\/\/api.w.org\/{rel}","templated":true}]}}