{"id":13126,"date":"2024-12-04T20:22:26","date_gmt":"2024-12-04T20:22:26","guid":{"rendered":"https:\/\/entrenotasyacordes.com\/?p=13126"},"modified":"2024-12-04T20:22:27","modified_gmt":"2024-12-04T20:22:27","slug":"visita-de-los-reyes-del-post-hardcore-pierce-the-veil-vuelve-a-argentina","status":"publish","type":"post","link":"https:\/\/entrenotasyacordes.com\/?p=13126","title":{"rendered":"VISITA DE LOS REYES DEL POST-HARDCORE \u00a1PIERCE THE VEIL VUELVE A ARGENTINA!"},"content":{"rendered":"\n<!--more-->\n\n\n\n<p class=\"has-text-align-left\">Luego de las fechas por Europa y Norteam\u00e9rica durante 2024 en la gira de estadios m\u00e1s importante a la fecha, lleg\u00f3 el momento esperado por todos los fans locales: Pierce The Veil vuelve a Argentina con un show el 12 de diciembre de 2025 en C Art Media en el marco de su gira mundial \u201c<em>I CAN\u2019T HEAR YOU<\/em>\u201d.<\/p>\n\n\n\n<p><strong>PIERCE THE VEIL | C ART MEDIA | 12 DE DICIEMBRE DE 2025<\/strong><\/p>\n\n\n\n<p><strong>VENTA GENERAL \u00daNICAMENTE POR\u00a0<a href=\"https:\/\/instagramc.tr.pemsv30.net\/c\/eyJhIjoiaW5zdGFncmFtYyIsIm0iOiJtYWlsX2NtNDhsYW5uMTV2Z2MwODYzNnJ4NzZsdnYiLCJsIjoibGlua18xZjNiNDM3MzE2Njk4NTU5NDJjOWM0YzNmYjY2ZmE3NjhlMzM0ZGUxX2QwZmQ4YSIsImkiOltdLCJ1IjoiaHR0cHM6Ly93d3cuYWxsYWNjZXNzLmNvbS5hci8_dXRtX3NvdXJjZT1wZXJmaXQmdXRtX21lZGl1bT1lbWFpbCZ1dG1fY2FtcGFpZ249UElFUkNFJTIwVEhFJTIwVkVJTCU3QyUyMEFOVU5DSU8iLCJjIjoiIiwiaCI6IjM1NzMzZSJ9\" target=\"_blank\" rel=\"noreferrer noopener\">ALL ACCESS<\/a>\u00a0DESDE EL 6 DE DICIEMBRE A LAS 10:00 HORAS<\/strong><\/p>\n\n\n<div class=\"wp-block-image\">\n<figure class=\"aligncenter size-full is-resized\"><img loading=\"lazy\" decoding=\"async\" width=\"1080\" height=\"1350\" src=\"https:\/\/entrenotasyacordes.com\/wp-content\/uploads\/2024\/12\/1g.jpg\" alt=\"\" class=\"wp-image-13127\" style=\"width:566px;height:auto\" srcset=\"https:\/\/entrenotasyacordes.com\/wp-content\/uploads\/2024\/12\/1g.jpg 1080w, https:\/\/entrenotasyacordes.com\/wp-content\/uploads\/2024\/12\/1g-240x300.jpg 240w, https:\/\/entrenotasyacordes.com\/wp-content\/uploads\/2024\/12\/1g-819x1024.jpg 819w, https:\/\/entrenotasyacordes.com\/wp-content\/uploads\/2024\/12\/1g-768x960.jpg 768w, https:\/\/entrenotasyacordes.com\/wp-content\/uploads\/2024\/12\/1g-1024x1280.jpg 1024w\" sizes=\"auto, (max-width: 1080px) 100vw, 1080px\" \/><\/figure>\n<\/div>\n\n\n<p>\u201cAbre tu mente como en un recital de punk rock\u201d canta Vic Fuentes en \u201cPass the Nirvana\u201d, canci\u00f3n de\u00a0<em>The Jaws of Life<\/em>, el quinto \u00e1lbum de\u00a0<strong>Pierce The Veil<\/strong>. Esa energ\u00eda irradia y contagia esta banda tan importante en el panorama hardcore ante miles de fans en Lollapalooza 2024 \u2013en el marco del cual tambi\u00e9n brindaron un sideshow en Niceto Club\u2014, dejando al p\u00fablico con ganas de mucho m\u00e1s\u00a0<strong>Pierce The Veil<\/strong>\u2026 \u00a1Y lleg\u00f3 el momento! Los californianos ya tienen fecha de regreso: la cita ser\u00e1 el\u00a0<strong>12 de diciembre de 2025 en C Art Media<\/strong>,\u00a0<strong>con producci\u00f3n de DF Entertainment<\/strong>. Las entradas para ser parte de esta cumbre del rock estar\u00e1n en venta a partir del 5 de diciembre a las 10:00 horas \u00fanicamente a trav\u00e9s de\u00a0<a href=\"https:\/\/instagramc.tr.pemsv30.net\/c\/eyJhIjoiaW5zdGFncmFtYyIsIm0iOiJtYWlsX2NtNDhsYW5uMTV2Z2MwODYzNnJ4NzZsdnYiLCJsIjoibGlua18xZjNiNDM3MzE2Njk4NTU5NDJjOWM0YzNmYjY2ZmE3NjhlMzM0ZGUxX2ZhNTAzNiIsImkiOltdLCJ1IjoiaHR0cHM6Ly93d3cuYWxsYWNjZXNzLmNvbS5hci8_dXRtX3NvdXJjZT1wZXJmaXQmdXRtX21lZGl1bT1lbWFpbCZ1dG1fY2FtcGFpZ249UElFUkNFJTIwVEhFJTIwVkVJTCU3QyUyMEFOVU5DSU8iLCJjIjoiIiwiaCI6IjI0OTBkYiJ9\" target=\"_blank\" rel=\"noreferrer noopener\">allaccess.com<\/a>.<\/p>\n\n\n\n<p><strong>Conocidos por su estilo \u00fanico que combina elementos de rock alternativo, el grunge y la m\u00fasica emo<\/strong>, Pierce The Veil ha dejado una huella indeleble en la escena musical desde su formaci\u00f3n en 2006. La banda, actualmente integrada por Vic Fuentes, Mike Fuentes, Tony Perry y Jaime Preciado, ha logrado una s\u00f3lida base de seguidores gracias a su particular enfoque sonoro: hiperactivo, progresivo y siempre innovador.<\/p>\n\n\n\n<p>El show en Argentina ser\u00e1 una oportunidad \u00fanica para que los seguidores de Pierce The Veil disfruten de sus \u00e9xitos m\u00e1s emblem\u00e1ticos, una verdadera\u00a0<strong>celebraci\u00f3n de todo lo construido en sus veinte a\u00f1os de carrera juntos<\/strong>. A lo largo del \u201c<em>I CAN&#8217;T HEAR YOU TOUR<\/em>\u201d, Pierce the Veil no solo interpretar\u00e1 canciones de su m\u00e1s reciente \u00e1lbum, Jaws of Life (2023), sino tambi\u00e9n temas de sus cinco discos de estudio, llevando a sus fans de regreso a los primeros d\u00edas de\u00a0<em>A Flair for the Dramatic<\/em>,\u00a0<em>Selfish Machines de 2010<\/em>,\u00a0<em>Collide with the Sky<\/em>, y la intensidad cruda de Misadventures.\u00a0<strong>El setlist promete un viaje a trav\u00e9s de la evoluci\u00f3n de su sonido post-hardcore con shows cargados de la energ\u00eda y profundidad emocional que los han consolidado como \u00edconos del g\u00e9nero.<\/strong><\/p>\n","protected":false},"excerpt":{"rendered":"","protected":false},"author":5,"featured_media":13127,"comment_status":"open","ping_status":"open","sticky":false,"template":"","format":"standard","meta":{"om_disable_all_campaigns":false,"_uf_show_specific_survey":0,"_uf_disable_surveys":false,"footnotes":""},"categories":[4],"tags":[],"class_list":["post-13126","post","type-post","status-publish","format-standard","has-post-thumbnail","hentry","category-musica"],"_links":{"self":[{"href":"https:\/\/entrenotasyacordes.com\/index.php?rest_route=\/wp\/v2\/posts\/13126","targetHints":{"allow":["GET"]}}],"collection":[{"href":"https:\/\/entrenotasyacordes.com\/index.php?rest_route=\/wp\/v2\/posts"}],"about":[{"href":"https:\/\/entrenotasyacordes.com\/index.php?rest_route=\/wp\/v2\/types\/post"}],"author":[{"embeddable":true,"href":"https:\/\/entrenotasyacordes.com\/index.php?rest_route=\/wp\/v2\/users\/5"}],"replies":[{"embeddable":true,"href":"https:\/\/entrenotasyacordes.com\/index.php?rest_route=%2Fwp%2Fv2%2Fcomments&post=13126"}],"version-history":[{"count":1,"href":"https:\/\/entrenotasyacordes.com\/index.php?rest_route=\/wp\/v2\/posts\/13126\/revisions"}],"predecessor-version":[{"id":13128,"href":"https:\/\/entrenotasyacordes.com\/index.php?rest_route=\/wp\/v2\/posts\/13126\/revisions\/13128"}],"wp:featuredmedia":[{"embeddable":true,"href":"https:\/\/entrenotasyacordes.com\/index.php?rest_route=\/wp\/v2\/media\/13127"}],"wp:attachment":[{"href":"https:\/\/entrenotasyacordes.com\/index.php?rest_route=%2Fwp%2Fv2%2Fmedia&parent=13126"}],"wp:term":[{"taxonomy":"category","embeddable":true,"href":"https:\/\/entrenotasyacordes.com\/index.php?rest_route=%2Fwp%2Fv2%2Fcategories&post=13126"},{"taxonomy":"post_tag","embeddable":true,"href":"https:\/\/entrenotasyacordes.com\/index.php?rest_route=%2Fwp%2Fv2%2Ftags&post=13126"}],"curies":[{"name":"wp","href":"https:\/\/api.w.org\/{rel}","templated":true}]}}