{"id":13129,"date":"2024-12-04T20:46:29","date_gmt":"2024-12-04T20:46:29","guid":{"rendered":"https:\/\/entrenotasyacordes.com\/?p=13129"},"modified":"2024-12-04T20:46:30","modified_gmt":"2024-12-04T20:46:30","slug":"marki-celebra-25-anos-con-la-musica-este-jueves-5-en-espacio-alimme","status":"publish","type":"post","link":"https:\/\/entrenotasyacordes.com\/?p=13129","title":{"rendered":"\u00a1MARKI CELEBRA 25 A\u00d1OS CON LA M\u00daSICA! ESTE JUEVES 5 EN &#8216;ESPACIO ALIMME&#8217;"},"content":{"rendered":"\n<!--more-->\n\n\n\n<p class=\"has-text-align-center\">La legendaria banda de punk rock se presentar\u00e1 el 15 de marzo de 2025 en el Estadio Live Arena, como parte de su gira mundial&nbsp;<em>Supercharged Worldwide In\u00b425<\/em>. Un show cargado de energ\u00eda y nostalgia que volver\u00e1 a reunir a sus fans luego de su \u00faltima presentaci\u00f3n en el 2020.<\/p>\n\n\n\n<p class=\"has-text-align-center\"><strong>PREVENTA SANTANDER AMERICAN EXPRESS EL 4 DE DICIEMBRE A LAS 10:00 HORAS<\/strong><\/p>\n\n\n\n<p class=\"has-text-align-center\"><strong>VENTA GENERAL 5 DE DICIEMBRE A LAS 10:00 HORAS.<\/strong><br><strong>ENTRADAS A TRAV\u00c9S DE&nbsp;<a target=\"_blank\" href=\"https:\/\/instagramc.tr.pemsv30.net\/c\/eyJhIjoiaW5zdGFncmFtYyIsIm0iOiJtYWlsX2NtNDc4aWRuYmg3bmIwOTU3ZndpZDc4NTYiLCJsIjoibGlua181ODIxYTcyNzEwMDI5NDc5MGU1NjY4ZGQzNGFhYzE4MDk2NDI5NzFhXzNhZmNlMiIsImkiOltdLCJ1IjoiaHR0cHM6Ly93d3cubGl2ZWFyZW5hLmNvbS5hci8_dXRtX3NvdXJjZT1wZXJmaXQmdXRtX21lZGl1bT1lbWFpbCZ1dG1fY2FtcGFpZ249VEhFJTIwT0ZGU1BSSU5HJTIwJTdDJTIwQU5VTkNJTyIsImMiOiIiLCJoIjoiNTcxYTg3In0\" rel=\"noreferrer noopener\">LIVEARENA.COM.AR<\/a><\/strong><\/p>\n\n\n<div class=\"wp-block-image\">\n<figure class=\"aligncenter size-full is-resized\"><img loading=\"lazy\" decoding=\"async\" width=\"250\" height=\"250\" src=\"https:\/\/entrenotasyacordes.com\/wp-content\/uploads\/2024\/12\/1h.png\" alt=\"\" class=\"wp-image-13130\" style=\"width:599px;height:auto\" srcset=\"https:\/\/entrenotasyacordes.com\/wp-content\/uploads\/2024\/12\/1h.png 250w, https:\/\/entrenotasyacordes.com\/wp-content\/uploads\/2024\/12\/1h-150x150.png 150w, https:\/\/entrenotasyacordes.com\/wp-content\/uploads\/2024\/12\/1h-50x50.png 50w\" sizes=\"auto, (max-width: 250px) 100vw, 250px\" \/><\/figure>\n<\/div>\n\n\n<p class=\"has-text-align-left\"><strong>Marcos Pardo<\/strong>&nbsp;es m\u00fasico, pianista,&nbsp;cantante, compositor y productor de la ciudad de Buenos Aires. Bajo su seud\u00f3nimo art\u00edstico&nbsp;<strong><em>MARKI<\/em><\/strong>&nbsp;nos ofrece canciones mezcla de rock con el pop, pasando por folklore y candombe, con \u2018aire jazz\u00edstico\u2019.<\/p>\n\n\n\n<p class=\"has-text-align-left\">El cantautor&nbsp;<strong>cumple 25 a\u00f1os<\/strong>&nbsp;de una exitosatrayectoria musical&nbsp;y lo celebra<strong>&nbsp;ESTE JUEVES 5 DE DICIEMBRE&nbsp;<\/strong>con un show plagado de&nbsp;sorpresas y grandes invitados. La cita ser\u00e1 en el&nbsp;<strong><em>Espacio Alimme<\/em><\/strong>&nbsp;de Colegiales [Virrey Olaguer y Feil\u00fa 3117]. Anticipadas en venta por sistema&nbsp;<a href=\"https:\/\/app.flashpass.com.ar\/event\/marki-alimme-2210\" target=\"_blank\" rel=\"noreferrer noopener\"><em>flashpass<\/em><\/a><strong>\u00a0<\/strong><\/p>\n\n\n<div class=\"wp-block-image\">\n<figure class=\"aligncenter size-full is-resized\"><img loading=\"lazy\" decoding=\"async\" width=\"338\" height=\"291\" src=\"https:\/\/entrenotasyacordes.com\/wp-content\/uploads\/2024\/12\/1hh.png\" alt=\"\" class=\"wp-image-13131\" style=\"width:599px;height:auto\" srcset=\"https:\/\/entrenotasyacordes.com\/wp-content\/uploads\/2024\/12\/1hh.png 338w, https:\/\/entrenotasyacordes.com\/wp-content\/uploads\/2024\/12\/1hh-300x258.png 300w\" sizes=\"auto, (max-width: 338px) 100vw, 338px\" \/><\/figure>\n<\/div>\n\n\n<p class=\"has-text-align-left\">A lo largo de estos veinticinco a\u00f1os de carrera<strong>,&nbsp;<\/strong>comparti\u00f3 escenarios y toc\u00f3 junto al gran&nbsp;<strong>Charly Garc\u00eda&nbsp;<\/strong>y dem\u00e1s reconocidos artistas de la escena nacional como&nbsp;<em>Mery Grandados<\/em>,&nbsp;<em>Fena Della Maggiora<\/em>,&nbsp;<em>Rano Sarbach<\/em>,&nbsp;<em>Indio M\u00e1rquez<\/em>,&nbsp;<em>Abril Cantilo<\/em>,&nbsp;<em>Juan Absatz<\/em>,&nbsp;<em>Padre Cesar<\/em>&nbsp;(Cura Rockero),&nbsp;<em>Manu Pineda<\/em>,&nbsp;<em>Sol Mihanovich<\/em>&nbsp;entre otros.<\/p>\n\n\n\n<p>Sus presentaciones en vivo&nbsp;<strong>recorrieron los mejores teatros y espacios<\/strong>&nbsp;culturales del pa\u00eds como&nbsp;<strong><em>Niceto Club<\/em><\/strong>,&nbsp;<strong><em>Caf\u00e9 Berlin<\/em><\/strong>,&nbsp;<strong><em>Rondeman<\/em><\/strong>&nbsp;y&nbsp;<strong><em>Hard Rock Caf\u00e9<\/em><\/strong>; y tambi\u00e9n del exterior, realizando exitosas giras por pa\u00edses lim\u00edtrofes.<\/p>\n\n\n\n<p class=\"has-text-align-left\">Desde su primer concierto en el a\u00f1o 1999\u00a0\u00a0con su banda \u201cLa Bohemia\u201d,\u00a0<strong>Marki<\/strong>\u00a0tiene editadas varias canciones en sus formatos anal\u00f3gicos,\u00a0<em>\u201cgrabadas antes de la era digital\u201d<\/em>\u00a0(seg\u00fan lo cuenta el propio m\u00fasico). De esta \u00e9poca digital,\u00a0<strong><em>Fatal\u00a0<\/em><\/strong>es su m\u00e1s reciente trabajo, disponible en videoclip y plataformas.<\/p>\n\n\n\n<p class=\"has-text-align-left\">Sus videos de Instagram &#8211;<strong>versionando cl\u00e1sicos del rock nacional e hispano<\/strong>&#8211; forman parte de la expansi\u00f3n de su carrera, superando algunos las 20MIL visitas; creciendo notablemente en&nbsp;<em>likes<\/em>&nbsp;y seguidores.<\/p>\n\n\n\n<p>Marcos tambi\u00e9n se distingue en su faceta de&nbsp;<strong>productor<\/strong>, asesorando y acompa\u00f1ando a decenas de m\u00fasicos y m\u00fasicas independientes. En este contexto,&nbsp;<strong>junto a Manu Pineda (tecladista actual de Los Rancheros) produjo el Festival&nbsp;<em>Club de la Canci\u00f3n<\/em>&nbsp;en el Teatro Dorian<\/strong>, con un&nbsp;<em>lineup<\/em>&nbsp;que combin\u00f3 reconocidos artistas y nuevos talentos.<\/p>\n\n\n\n<p class=\"has-text-align-left\">En este 2024\u00a0el cantante editar\u00e1\u00a0<strong>dos singles<\/strong>\u00a0que fueron grabados en una\u00a0<em>live session<\/em>\u00a0durante el a\u00f1o 2022.\u00a0Se trata de\u00a0<strong>\u2018Mundos tan extra\u00f1os\u2019<\/strong>\u00a0y\u00a0<strong>\u2018No me pidas perdon\u2019<\/strong>, canciones que compuso entre los a\u00f1os 2008 y 2012. Pr\u00f3ximamente en plataformas digitales.<\/p>\n\n\n\n<p class=\"has-text-align-center\"><strong><em>MARKI<\/em>\u00a0LOS INVITA A CELEBRAR UNA VIDA DEDICADA A LA M\u00daSICA<\/strong><br><strong>Jueves 5 de Dic \u2022 21hsEspacio Alimme &#8211; Feil\u00fa 3117 [Colegiales]<\/strong><\/p>\n","protected":false},"excerpt":{"rendered":"","protected":false},"author":5,"featured_media":13130,"comment_status":"open","ping_status":"open","sticky":false,"template":"","format":"standard","meta":{"om_disable_all_campaigns":false,"_uf_show_specific_survey":0,"_uf_disable_surveys":false,"footnotes":""},"categories":[36],"tags":[],"class_list":["post-13129","post","type-post","status-publish","format-standard","has-post-thumbnail","hentry","category-conciertos"],"_links":{"self":[{"href":"https:\/\/entrenotasyacordes.com\/index.php?rest_route=\/wp\/v2\/posts\/13129","targetHints":{"allow":["GET"]}}],"collection":[{"href":"https:\/\/entrenotasyacordes.com\/index.php?rest_route=\/wp\/v2\/posts"}],"about":[{"href":"https:\/\/entrenotasyacordes.com\/index.php?rest_route=\/wp\/v2\/types\/post"}],"author":[{"embeddable":true,"href":"https:\/\/entrenotasyacordes.com\/index.php?rest_route=\/wp\/v2\/users\/5"}],"replies":[{"embeddable":true,"href":"https:\/\/entrenotasyacordes.com\/index.php?rest_route=%2Fwp%2Fv2%2Fcomments&post=13129"}],"version-history":[{"count":1,"href":"https:\/\/entrenotasyacordes.com\/index.php?rest_route=\/wp\/v2\/posts\/13129\/revisions"}],"predecessor-version":[{"id":13132,"href":"https:\/\/entrenotasyacordes.com\/index.php?rest_route=\/wp\/v2\/posts\/13129\/revisions\/13132"}],"wp:featuredmedia":[{"embeddable":true,"href":"https:\/\/entrenotasyacordes.com\/index.php?rest_route=\/wp\/v2\/media\/13130"}],"wp:attachment":[{"href":"https:\/\/entrenotasyacordes.com\/index.php?rest_route=%2Fwp%2Fv2%2Fmedia&parent=13129"}],"wp:term":[{"taxonomy":"category","embeddable":true,"href":"https:\/\/entrenotasyacordes.com\/index.php?rest_route=%2Fwp%2Fv2%2Fcategories&post=13129"},{"taxonomy":"post_tag","embeddable":true,"href":"https:\/\/entrenotasyacordes.com\/index.php?rest_route=%2Fwp%2Fv2%2Ftags&post=13129"}],"curies":[{"name":"wp","href":"https:\/\/api.w.org\/{rel}","templated":true}]}}