{"id":13133,"date":"2024-12-04T20:49:53","date_gmt":"2024-12-04T20:49:53","guid":{"rendered":"https:\/\/entrenotasyacordes.com\/?p=13133"},"modified":"2024-12-04T20:49:55","modified_gmt":"2024-12-04T20:49:55","slug":"macaco-regresa-a-la-argentina-y-uruguay-en-el-marco-de-su-nuevo-tour","status":"publish","type":"post","link":"https:\/\/entrenotasyacordes.com\/?p=13133","title":{"rendered":"MACACO REGRESA A LA ARGENTINA Y URUGUAY EN EL MARCO DE SU NUEVO TOUR"},"content":{"rendered":"\n<!--more-->\n\n\n<div class=\"wp-block-image\">\n<figure class=\"aligncenter size-full is-resized\"><img loading=\"lazy\" decoding=\"async\" width=\"2250\" height=\"2250\" src=\"https:\/\/entrenotasyacordes.com\/wp-content\/uploads\/2024\/12\/1i.jpg\" alt=\"\" class=\"wp-image-13134\" style=\"width:599px;height:auto\" srcset=\"https:\/\/entrenotasyacordes.com\/wp-content\/uploads\/2024\/12\/1i.jpg 2250w, https:\/\/entrenotasyacordes.com\/wp-content\/uploads\/2024\/12\/1i-300x300.jpg 300w, https:\/\/entrenotasyacordes.com\/wp-content\/uploads\/2024\/12\/1i-1024x1024.jpg 1024w, https:\/\/entrenotasyacordes.com\/wp-content\/uploads\/2024\/12\/1i-150x150.jpg 150w, https:\/\/entrenotasyacordes.com\/wp-content\/uploads\/2024\/12\/1i-768x768.jpg 768w, https:\/\/entrenotasyacordes.com\/wp-content\/uploads\/2024\/12\/1i-1536x1536.jpg 1536w, https:\/\/entrenotasyacordes.com\/wp-content\/uploads\/2024\/12\/1i-2048x2048.jpg 2048w, https:\/\/entrenotasyacordes.com\/wp-content\/uploads\/2024\/12\/1i-50x50.jpg 50w\" sizes=\"auto, (max-width: 2250px) 100vw, 2250px\" \/><\/figure>\n<\/div>\n\n\n<p class=\"has-text-align-left\">Macaco, el carism\u00e1tico artista, conocido por ser un emblema del mestizaje y fusionar rumba, reggae y funk, se embarcar\u00e1 en un tour donde presentar\u00e1 los adelantos que vaya publicando antes de que vea la luz su nuevo disco, en el marco de esta nueva gira llegar\u00e1 a la Argentina y Uruguay.<\/p>\n\n\n\n<p class=\"has-text-align-center\"><strong>MARZO 2025<\/strong><\/p>\n\n\n\n<p class=\"has-text-align-center\">S\u00e1bado 8 &#8211;&nbsp;&nbsp;CC G\u00fcemes | Rosario |&nbsp;<a href=\"https:\/\/entradaplay.com\/MACACO---SHOW-ACUSTICO---8-DE-MARZO-EN-CC-GUEMES\/?utm_source=perfit&amp;utm_medium=email\" rel=\"noreferrer noopener\" target=\"_blank\">TICKETS<\/a><br>Domingo 9 de marzo &#8211;&nbsp;Teatro Plaza | Mendoza |&nbsp;<a href=\"https:\/\/www.entradaweb.com.ar\/evento\/0abf194d\/step\/1?utm_source=perfit&amp;utm_medium=email\" rel=\"noreferrer noopener\" target=\"_blank\">TICKETS<\/a><br>Jueves 13 &#8211;&nbsp;&nbsp;Sala del Museo | Montevideo |&nbsp;<a href=\"https:\/\/redtickets.uy\/evento\/MACACO\/18528\/?utm_source=perfit&amp;utm_medium=email\" rel=\"noreferrer noopener\" target=\"_blank\">TICKETS<\/a><br>Viernes 14 &#8211;&nbsp;Teatro Vorterix | Buenos Aires |&nbsp;<a href=\"https:\/\/www.allaccess.com.ar\/event\/macaco-en-buenos-aires?utm_source=perfit&amp;utm_medium=email\" rel=\"noreferrer noopener\" target=\"_blank\">TICKETS<\/a><br>S\u00e1bado 15 &#8211;&nbsp;Club Paraguay | C\u00f3rdoba |&nbsp;<a href=\"https:\/\/alpogo.com\/evento\/macaco-1-17655?utm_source=perfit&amp;utm_medium=email\" rel=\"noreferrer noopener\" target=\"_blank\">TICKETS<\/a><\/p>\n\n\n<div class=\"wp-block-image\">\n<figure class=\"aligncenter size-full is-resized\"><img loading=\"lazy\" decoding=\"async\" width=\"2560\" height=\"2560\" src=\"https:\/\/entrenotasyacordes.com\/wp-content\/uploads\/2024\/12\/1ii-scaled.jpg\" alt=\"\" class=\"wp-image-13135\" style=\"width:599px;height:auto\" srcset=\"https:\/\/entrenotasyacordes.com\/wp-content\/uploads\/2024\/12\/1ii-scaled.jpg 2560w, https:\/\/entrenotasyacordes.com\/wp-content\/uploads\/2024\/12\/1ii-300x300.jpg 300w, https:\/\/entrenotasyacordes.com\/wp-content\/uploads\/2024\/12\/1ii-1024x1024.jpg 1024w, https:\/\/entrenotasyacordes.com\/wp-content\/uploads\/2024\/12\/1ii-150x150.jpg 150w, https:\/\/entrenotasyacordes.com\/wp-content\/uploads\/2024\/12\/1ii-768x768.jpg 768w, https:\/\/entrenotasyacordes.com\/wp-content\/uploads\/2024\/12\/1ii-1536x1536.jpg 1536w, https:\/\/entrenotasyacordes.com\/wp-content\/uploads\/2024\/12\/1ii-2048x2048.jpg 2048w, https:\/\/entrenotasyacordes.com\/wp-content\/uploads\/2024\/12\/1ii-50x50.jpg 50w\" sizes=\"auto, (max-width: 2560px) 100vw, 2560px\" \/><\/figure>\n<\/div>\n\n\n<p class=\"has-text-align-left\">Despu\u00e9s de un 2023 imparable, con una gira que lo llev\u00f3 a recorrer teatros por toda Espa\u00f1a, y los escenarios de festivales con su aclamado disco \u00abVu\u00e9lame el coraz\u00f3n\u00bb, Macaco decide tomarse un tiempo durante el 2024.<\/p>\n\n\n\n<p class=\"has-text-align-left\">Sin embargo, su incesante necesidad de creaci\u00f3n le llev\u00f3 a seguir componiendo canciones y a involucrarse en proyectos tan emotivos como el de La Fundaci\u00f3n Alzheimer Espa\u00f1a (FAE), una propuesta que nace con el objetivo de generar conciencia y sensibilizar a la sociedad sobre esta importante causa, y que al artista le toca muy directamente. Ahora, regresa para sorprendernos en 2025 presentando algunas de sus nuevas composiciones y sus grandes \u00e9xitos, en una gira explosiva que promete poner a bailar a Espa\u00f1a y Am\u00e9rica Latina en 2025.&nbsp;<\/p>\n","protected":false},"excerpt":{"rendered":"","protected":false},"author":5,"featured_media":13134,"comment_status":"open","ping_status":"open","sticky":false,"template":"","format":"standard","meta":{"om_disable_all_campaigns":false,"_uf_show_specific_survey":0,"_uf_disable_surveys":false,"footnotes":""},"categories":[36],"tags":[],"class_list":["post-13133","post","type-post","status-publish","format-standard","has-post-thumbnail","hentry","category-conciertos"],"_links":{"self":[{"href":"https:\/\/entrenotasyacordes.com\/index.php?rest_route=\/wp\/v2\/posts\/13133","targetHints":{"allow":["GET"]}}],"collection":[{"href":"https:\/\/entrenotasyacordes.com\/index.php?rest_route=\/wp\/v2\/posts"}],"about":[{"href":"https:\/\/entrenotasyacordes.com\/index.php?rest_route=\/wp\/v2\/types\/post"}],"author":[{"embeddable":true,"href":"https:\/\/entrenotasyacordes.com\/index.php?rest_route=\/wp\/v2\/users\/5"}],"replies":[{"embeddable":true,"href":"https:\/\/entrenotasyacordes.com\/index.php?rest_route=%2Fwp%2Fv2%2Fcomments&post=13133"}],"version-history":[{"count":1,"href":"https:\/\/entrenotasyacordes.com\/index.php?rest_route=\/wp\/v2\/posts\/13133\/revisions"}],"predecessor-version":[{"id":13136,"href":"https:\/\/entrenotasyacordes.com\/index.php?rest_route=\/wp\/v2\/posts\/13133\/revisions\/13136"}],"wp:featuredmedia":[{"embeddable":true,"href":"https:\/\/entrenotasyacordes.com\/index.php?rest_route=\/wp\/v2\/media\/13134"}],"wp:attachment":[{"href":"https:\/\/entrenotasyacordes.com\/index.php?rest_route=%2Fwp%2Fv2%2Fmedia&parent=13133"}],"wp:term":[{"taxonomy":"category","embeddable":true,"href":"https:\/\/entrenotasyacordes.com\/index.php?rest_route=%2Fwp%2Fv2%2Fcategories&post=13133"},{"taxonomy":"post_tag","embeddable":true,"href":"https:\/\/entrenotasyacordes.com\/index.php?rest_route=%2Fwp%2Fv2%2Ftags&post=13133"}],"curies":[{"name":"wp","href":"https:\/\/api.w.org\/{rel}","templated":true}]}}