{"id":13137,"date":"2024-12-04T20:52:50","date_gmt":"2024-12-04T20:52:50","guid":{"rendered":"https:\/\/entrenotasyacordes.com\/?p=13137"},"modified":"2024-12-04T20:52:52","modified_gmt":"2024-12-04T20:52:52","slug":"akriila-anuncia-su-vuelta-a-la-argentina-con-un-show-unico-el-24-de-abril-niceto-club","status":"publish","type":"post","link":"https:\/\/entrenotasyacordes.com\/?p=13137","title":{"rendered":"Akriila anuncia su vuelta a la Argentina con un show \u00fanico el 24 de abril &#8211; Niceto Club"},"content":{"rendered":"\n<!--more-->\n\n\n\n<p class=\"has-text-align-center\">La joven promesa del g\u00e9nero aterriza en Buenos Aires con su energ\u00eda \u00fanica el pr\u00f3ximo 24 de abril de 2025.<\/p>\n\n\n\n<p class=\"has-text-align-center\"><strong>ENTRADAS DISPONIBLES DESDE EL 5 DE DICIEMBRE A LAS 10:00 HORAS A TRAV\u00c9S DE\u00a0<a href=\"https:\/\/instagramc.tr.pemsv30.net\/c\/eyJhIjoiaW5zdGFncmFtYyIsIm0iOiJtYWlsX2NtNGEzanBkaDdoejcwOTU3N2pkOGFva2YiLCJsIjoibGlua19mNjY4ZDNlYTZlMmZiNjZmMmZlNWNhZTI5MjgxMTY1ZDZlYmUzMmIyXzJmMzg4YSIsImkiOltdLCJ1IjoiaHR0cHM6Ly9ob21lLnBhc3NsaW5lLmNvbS9ob21lP3V0bV9zb3VyY2U9cGVyZml0JnV0bV9tZWRpdW09ZW1haWwmdXRtX2NhbXBhaWduPUFLUklJTEElMjAlN0MlMjBBTlVOQ0lPIiwiYyI6IiIsImgiOiJjODNmYmMifQ\" target=\"_blank\" rel=\"noreferrer noopener\">PASSLINE<\/a><\/strong><\/p>\n\n\n<div class=\"wp-block-image\">\n<figure class=\"aligncenter size-full is-resized\"><img loading=\"lazy\" decoding=\"async\" width=\"1080\" height=\"1080\" src=\"https:\/\/entrenotasyacordes.com\/wp-content\/uploads\/2024\/12\/1j.jpg\" alt=\"\" class=\"wp-image-13138\" style=\"width:599px;height:auto\" srcset=\"https:\/\/entrenotasyacordes.com\/wp-content\/uploads\/2024\/12\/1j.jpg 1080w, https:\/\/entrenotasyacordes.com\/wp-content\/uploads\/2024\/12\/1j-300x300.jpg 300w, https:\/\/entrenotasyacordes.com\/wp-content\/uploads\/2024\/12\/1j-1024x1024.jpg 1024w, https:\/\/entrenotasyacordes.com\/wp-content\/uploads\/2024\/12\/1j-150x150.jpg 150w, https:\/\/entrenotasyacordes.com\/wp-content\/uploads\/2024\/12\/1j-768x768.jpg 768w, https:\/\/entrenotasyacordes.com\/wp-content\/uploads\/2024\/12\/1j-50x50.jpg 50w\" sizes=\"auto, (max-width: 1080px) 100vw, 1080px\" \/><\/figure>\n<\/div>\n\n\n<p>Akrilla, una de las artistas m\u00e1s destacadas de la escena urbana emergente, se prepara para conquistar el escenario de&nbsp;<strong>Niceto Club<\/strong>&nbsp;el 24 de abril de 2025.&nbsp;<strong>Producido por DF Entertainment<\/strong>, este show promete ser un hito en su carrera, consolidando su creciente popularidad en Argentina y toda Latinoam\u00e9rica. Los tickets para ser parte de esta cita estar\u00e1n disponibles desde el 5 de diciembre a las 10:00 horas, en la p\u00e1gina de&nbsp;<a target=\"_blank\" href=\"https:\/\/instagramc.tr.pemsv30.net\/c\/eyJhIjoiaW5zdGFncmFtYyIsIm0iOiJtYWlsX2NtNGEzanBkaDdoejcwOTU3N2pkOGFva2YiLCJsIjoibGlua19mNjY4ZDNlYTZlMmZiNjZmMmZlNWNhZTI5MjgxMTY1ZDZlYmUzMmIyXzAxNTdhNSIsImkiOltdLCJ1IjoiaHR0cHM6Ly9ob21lLnBhc3NsaW5lLmNvbS9ob21lP3V0bV9zb3VyY2U9cGVyZml0JnV0bV9tZWRpdW09ZW1haWwmdXRtX2NhbXBhaWduPUFLUklJTEElMjAlN0MlMjBBTlVOQ0lPIiwiYyI6IiIsImgiOiJjY2E5NmEifQ\" rel=\"noreferrer noopener\">Passline<\/a>.<\/p>\n\n\n\n<p>Akrilla, cuyo nombre real es Fernanda Sep\u00falveda, es una&nbsp;<strong>cantante y compositora<\/strong>&nbsp;chilena que,&nbsp;<strong>con tan solo 20 a\u00f1os<\/strong>, ha sabido ganarse un lugar en la industria gracias a su propuesta musical innovadora. Fusiona g\u00e9neros como trap, DNB y Jersey, destac\u00e1ndose por una l\u00edrica contestataria y profundamente personal que refleja sus vivencias como parte de la comunidad LGBTQ+.<\/p>\n\n\n\n<p>El camino de&nbsp;<strong>Akriila&nbsp;<\/strong>ha sido mete\u00f3rico. Desde sus inicios en 2021 con el single \u00ab<a target=\"_blank\" href=\"https:\/\/instagramc.tr.pemsv30.net\/c\/eyJhIjoiaW5zdGFncmFtYyIsIm0iOiJtYWlsX2NtNGEzanBkaDdoejcwOTU3N2pkOGFva2YiLCJsIjoibGlua181ZDNhMWFiMzExMDg3YWM2NDdhODk3YzAzNTdkNTRiZmUzNzc0ODc5X2QyMWIxMSIsImkiOltdLCJ1IjoiaHR0cHM6Ly93d3cueW91dHViZS5jb20vd2F0Y2g_dj1XUkthdGtjMXdWNCZ1dG1fc291cmNlPXBlcmZpdCZ1dG1fbWVkaXVtPWVtYWlsJnV0bV9jYW1wYWlnbj1BS1JJSUxBJTIwJTdDJTIwQU5VTkNJTyIsImMiOiIiLCJoIjoiOWUwYjY3In0\" rel=\"noreferrer noopener\"><strong>Stefany<\/strong><\/a>\u00ab, ha captado la atenci\u00f3n de medios y festivales de prestigio. En 2024, brill\u00f3 en escenarios internacionales como&nbsp;<strong>Lollapalooza Chile y Argentina<\/strong>, Est\u00e9reo Picnic en Colombia y R\u00edo Babel en Madrid, compartiendo lineup con grandes figuras. Adem\u00e1s,<strong>&nbsp;la revista Rolling Stone la destac\u00f3 como una de las \u201cartistas a seguir en 2024\u201d<\/strong>. Actualmente, es la cara de la campa\u00f1a&nbsp;<strong>UP NEXT LATAM<\/strong>&nbsp;de Apple Music, una iniciativa que impulsa el talento emergente en toda la regi\u00f3n.<\/p>\n\n\n\n<p><strong>Akriila&nbsp;<\/strong>cerrar\u00e1 el 2024 con un show sold out en el Teatro Coliseo de Santiago de Chile ante 2.500 personas, coronando un a\u00f1o de \u00e9xitos y abriendo paso a un 2025 lleno de nuevas oportunidades.&nbsp;<strong>Su presentaci\u00f3n en Niceto Club con su gira EPISTOLARES LIVE marcar\u00e1 un nuevo cap\u00edtulo para esta joven promesa, consolidando su lugar en la escena urbana internacional.<\/strong><\/p>\n","protected":false},"excerpt":{"rendered":"","protected":false},"author":5,"featured_media":13138,"comment_status":"open","ping_status":"open","sticky":false,"template":"","format":"standard","meta":{"om_disable_all_campaigns":false,"_uf_show_specific_survey":0,"_uf_disable_surveys":false,"footnotes":""},"categories":[36],"tags":[],"class_list":["post-13137","post","type-post","status-publish","format-standard","has-post-thumbnail","hentry","category-conciertos"],"_links":{"self":[{"href":"https:\/\/entrenotasyacordes.com\/index.php?rest_route=\/wp\/v2\/posts\/13137","targetHints":{"allow":["GET"]}}],"collection":[{"href":"https:\/\/entrenotasyacordes.com\/index.php?rest_route=\/wp\/v2\/posts"}],"about":[{"href":"https:\/\/entrenotasyacordes.com\/index.php?rest_route=\/wp\/v2\/types\/post"}],"author":[{"embeddable":true,"href":"https:\/\/entrenotasyacordes.com\/index.php?rest_route=\/wp\/v2\/users\/5"}],"replies":[{"embeddable":true,"href":"https:\/\/entrenotasyacordes.com\/index.php?rest_route=%2Fwp%2Fv2%2Fcomments&post=13137"}],"version-history":[{"count":1,"href":"https:\/\/entrenotasyacordes.com\/index.php?rest_route=\/wp\/v2\/posts\/13137\/revisions"}],"predecessor-version":[{"id":13139,"href":"https:\/\/entrenotasyacordes.com\/index.php?rest_route=\/wp\/v2\/posts\/13137\/revisions\/13139"}],"wp:featuredmedia":[{"embeddable":true,"href":"https:\/\/entrenotasyacordes.com\/index.php?rest_route=\/wp\/v2\/media\/13138"}],"wp:attachment":[{"href":"https:\/\/entrenotasyacordes.com\/index.php?rest_route=%2Fwp%2Fv2%2Fmedia&parent=13137"}],"wp:term":[{"taxonomy":"category","embeddable":true,"href":"https:\/\/entrenotasyacordes.com\/index.php?rest_route=%2Fwp%2Fv2%2Fcategories&post=13137"},{"taxonomy":"post_tag","embeddable":true,"href":"https:\/\/entrenotasyacordes.com\/index.php?rest_route=%2Fwp%2Fv2%2Ftags&post=13137"}],"curies":[{"name":"wp","href":"https:\/\/api.w.org\/{rel}","templated":true}]}}